{"id":34785,"date":"2022-11-17T14:14:42","date_gmt":"2022-11-17T17:14:42","guid":{"rendered":"https:\/\/atecordoba.org\/?p=34785"},"modified":"2022-11-17T14:20:03","modified_gmt":"2022-11-17T17:20:03","slug":"atilio-boron-dicto-en-ate-una-charla-formativa-sobre-la-situacion-nacional-y-regional","status":"publish","type":"post","link":"https:\/\/atecordoba.org\/?p=34785","title":{"rendered":"Atilio Bor\u00f3n dict\u00f3 en ATE una charla formativa sobre la situaci\u00f3n nacional y regional"},"content":{"rendered":"\n<div class=\"wp-block-image\"><figure class=\"aligncenter size-large is-resized\"><img loading=\"lazy\" decoding=\"async\" src=\"https:\/\/atecordoba.org\/wp-content\/uploads\/2022\/11\/atilio-1024x576.jpg\" alt=\"\" class=\"wp-image-34789\" width=\"768\" height=\"432\" srcset=\"https:\/\/atecordoba.org\/wp-content\/uploads\/2022\/11\/atilio-1024x576.jpg 1024w, https:\/\/atecordoba.org\/wp-content\/uploads\/2022\/11\/atilio-300x169.jpg 300w, https:\/\/atecordoba.org\/wp-content\/uploads\/2022\/11\/atilio-768x432.jpg 768w, https:\/\/atecordoba.org\/wp-content\/uploads\/2022\/11\/atilio-1536x864.jpg 1536w, https:\/\/atecordoba.org\/wp-content\/uploads\/2022\/11\/atilio-750x422.jpg 750w, https:\/\/atecordoba.org\/wp-content\/uploads\/2022\/11\/atilio-1140x641.jpg 1140w, https:\/\/atecordoba.org\/wp-content\/uploads\/2022\/11\/atilio.jpg 1600w\" sizes=\"auto, (max-width: 768px) 100vw, 768px\" \/><\/figure><\/div>\n\n\n\n<p>El doctor en Ciencias Pol\u00edticas y decano de los analistas regionales Atilio Bor\u00f3n dict\u00f3 ayer una charla sobre la coyuntura argentina y latinoamericana en el sal\u00f3n H\u00e9ctor la perra Castro de ATE C\u00f3doba.<\/p>\n\n\n\n<p>Se trat\u00f3 de una disertaci\u00f3n que las y los estatales aprovechamos para abordar con mirada especializada la situaci\u00f3n pol\u00edtica en un a\u00f1o donde el ajuste de la econom\u00eda y los proyectos delirantes de la derecha reaccionaria acosan a las organizaciones sindicales.<\/p>\n\n\n\n<p>En la oportunidad, el secretario General de ATE C\u00f3rdoba Federico Giuliani, junto al secretario de Formaci\u00f3n C\u00e9sar Teaux, agradecieron la visita del catedr\u00e1tico y militante popular.<\/p>\n\n\n\n<figure class=\"wp-block-gallery has-nested-images columns-default is-cropped wp-block-gallery-1 is-layout-flex wp-block-gallery-is-layout-flex\">\n<figure class=\"wp-block-image size-large\"><img loading=\"lazy\" decoding=\"async\" width=\"1024\" height=\"575\" data-id=\"34791\" src=\"https:\/\/atecordoba.org\/wp-content\/uploads\/2022\/11\/IMG-20221115-WA0237-1024x575.jpg\" alt=\"\" class=\"wp-image-34791\" srcset=\"https:\/\/atecordoba.org\/wp-content\/uploads\/2022\/11\/IMG-20221115-WA0237-1024x575.jpg 1024w, https:\/\/atecordoba.org\/wp-content\/uploads\/2022\/11\/IMG-20221115-WA0237-300x169.jpg 300w, https:\/\/atecordoba.org\/wp-content\/uploads\/2022\/11\/IMG-20221115-WA0237-768x432.jpg 768w, https:\/\/atecordoba.org\/wp-content\/uploads\/2022\/11\/IMG-20221115-WA0237-1536x863.jpg 1536w, https:\/\/atecordoba.org\/wp-content\/uploads\/2022\/11\/IMG-20221115-WA0237-750x421.jpg 750w, https:\/\/atecordoba.org\/wp-content\/uploads\/2022\/11\/IMG-20221115-WA0237-1140x641.jpg 1140w, https:\/\/atecordoba.org\/wp-content\/uploads\/2022\/11\/IMG-20221115-WA0237.jpg 1600w\" sizes=\"auto, (max-width: 1024px) 100vw, 1024px\" \/><\/figure>\n\n\n\n<figure class=\"wp-block-image size-large\"><img loading=\"lazy\" decoding=\"async\" width=\"1024\" height=\"576\" data-id=\"34790\" src=\"https:\/\/atecordoba.org\/wp-content\/uploads\/2022\/11\/IMG-20221115-WA0227-1024x576.jpg\" alt=\"\" class=\"wp-image-34790\" srcset=\"https:\/\/atecordoba.org\/wp-content\/uploads\/2022\/11\/IMG-20221115-WA0227-1024x576.jpg 1024w, https:\/\/atecordoba.org\/wp-content\/uploads\/2022\/11\/IMG-20221115-WA0227-300x169.jpg 300w, https:\/\/atecordoba.org\/wp-content\/uploads\/2022\/11\/IMG-20221115-WA0227-768x432.jpg 768w, https:\/\/atecordoba.org\/wp-content\/uploads\/2022\/11\/IMG-20221115-WA0227-1536x864.jpg 1536w, https:\/\/atecordoba.org\/wp-content\/uploads\/2022\/11\/IMG-20221115-WA0227-750x422.jpg 750w, https:\/\/atecordoba.org\/wp-content\/uploads\/2022\/11\/IMG-20221115-WA0227-1140x641.jpg 1140w, https:\/\/atecordoba.org\/wp-content\/uploads\/2022\/11\/IMG-20221115-WA0227.jpg 1600w\" sizes=\"auto, (max-width: 1024px) 100vw, 1024px\" \/><\/figure>\n\n\n\n<figure class=\"wp-block-image size-large\"><img loading=\"lazy\" decoding=\"async\" width=\"1024\" height=\"576\" data-id=\"34792\" src=\"https:\/\/atecordoba.org\/wp-content\/uploads\/2022\/11\/IMG-20221115-WA0233-1024x576.jpg\" alt=\"\" class=\"wp-image-34792\" srcset=\"https:\/\/atecordoba.org\/wp-content\/uploads\/2022\/11\/IMG-20221115-WA0233-1024x576.jpg 1024w, https:\/\/atecordoba.org\/wp-content\/uploads\/2022\/11\/IMG-20221115-WA0233-300x169.jpg 300w, https:\/\/atecordoba.org\/wp-content\/uploads\/2022\/11\/IMG-20221115-WA0233-768x432.jpg 768w, https:\/\/atecordoba.org\/wp-content\/uploads\/2022\/11\/IMG-20221115-WA0233-1536x864.jpg 1536w, https:\/\/atecordoba.org\/wp-content\/uploads\/2022\/11\/IMG-20221115-WA0233-750x422.jpg 750w, https:\/\/atecordoba.org\/wp-content\/uploads\/2022\/11\/IMG-20221115-WA0233-1140x641.jpg 1140w, https:\/\/atecordoba.org\/wp-content\/uploads\/2022\/11\/IMG-20221115-WA0233.jpg 1600w\" sizes=\"auto, (max-width: 1024px) 100vw, 1024px\" \/><\/figure>\n<\/figure>\n\n\n\n<p>Finalizada la charla, el propio Bor\u00f3n explic\u00f3 que &#8220;se trataron temas estrat\u00e9gicos para el futuro de Argentina. La gente estuvo muy activa y participativa, y delineamos el escenario completo que se nos presenta el a\u00f1o pr\u00f3ximo, la necesidad de fortalecer el campo popular, porque de lo contrario se va a hacer todo muy cuesta arriba, y esbozar algunos de los puntos principales de la gesti\u00f3n sindical para facilitar que ese curso de acci\u00f3n pueda ser aplicado&#8221;.<\/p>\n\n\n\n<p>Respecto al rol del sindicalismo el polit\u00f3logo dijo que &#8220;tiene que ser un instrumento dinamizador de la movilizaci\u00f3n popular de cara al 2023, que permita e impulse que la gente salga a la calle a pelear por sus intereses, ante partidos pol\u00edticos que hoy no tiene esa posibilidad y me parece que el sindicalismo, como el que desarrolla ATE en C\u00f3rdoba, es que el puede tener un papel muy significativo. Es una oportunidad que no debemos dejar pasar porque el a\u00f1o&nbsp; que viene ser\u00e1 crucial, tenemos que ganar las elecciones y para eso hay que movilizar a la calle#.<\/p>\n\n\n\n<p>Y concluy\u00f3 considerando que la reciente victoria de Lula Da Silva en Brasil &#8220;impacta favorablemente, igual que la de Petro en Colombia&#8221; en el cuadro pol\u00edtico de nuestro pa\u00eds. &#8220;Pero no podemos confiar solo en eso y necesitamos poner algo de nuestra parte. El dialoguismo actual del Frente de Todos debe tener un punto final, el di\u00e1logo siempre es importante &nbsp;pero en alg\u00fan momento tenes que gobernar y tomar decisiones&#8221;, finaliz\u00f3 Boron.<\/p>\n\n\n\n<p>Para acceder a la disertaci\u00f3n ingresar <a href=\"https:\/\/m.facebook.com\/atecba\/videos\/1996552500545125\/\">aqu\u00ed<\/a>.<\/p>\n\n\n\n<figure class=\"wp-block-gallery has-nested-images columns-default is-cropped wp-block-gallery-2 is-layout-flex wp-block-gallery-is-layout-flex\">\n<figure class=\"wp-block-image size-large\"><img loading=\"lazy\" decoding=\"async\" width=\"1024\" height=\"576\" data-id=\"34793\" src=\"https:\/\/atecordoba.org\/wp-content\/uploads\/2022\/11\/IMG-20221115-WA0232-1024x576.jpg\" alt=\"\" class=\"wp-image-34793\" srcset=\"https:\/\/atecordoba.org\/wp-content\/uploads\/2022\/11\/IMG-20221115-WA0232-1024x576.jpg 1024w, https:\/\/atecordoba.org\/wp-content\/uploads\/2022\/11\/IMG-20221115-WA0232-300x169.jpg 300w, https:\/\/atecordoba.org\/wp-content\/uploads\/2022\/11\/IMG-20221115-WA0232-768x432.jpg 768w, https:\/\/atecordoba.org\/wp-content\/uploads\/2022\/11\/IMG-20221115-WA0232-1536x864.jpg 1536w, https:\/\/atecordoba.org\/wp-content\/uploads\/2022\/11\/IMG-20221115-WA0232-750x422.jpg 750w, https:\/\/atecordoba.org\/wp-content\/uploads\/2022\/11\/IMG-20221115-WA0232-1140x641.jpg 1140w, https:\/\/atecordoba.org\/wp-content\/uploads\/2022\/11\/IMG-20221115-WA0232.jpg 1600w\" sizes=\"auto, (max-width: 1024px) 100vw, 1024px\" \/><\/figure>\n\n\n\n<figure class=\"wp-block-image size-large\"><img loading=\"lazy\" decoding=\"async\" width=\"1024\" height=\"575\" data-id=\"34795\" src=\"https:\/\/atecordoba.org\/wp-content\/uploads\/2022\/11\/IMG-20221115-WA0243-copia-1024x575.jpg\" alt=\"\" class=\"wp-image-34795\" srcset=\"https:\/\/atecordoba.org\/wp-content\/uploads\/2022\/11\/IMG-20221115-WA0243-copia-1024x575.jpg 1024w, https:\/\/atecordoba.org\/wp-content\/uploads\/2022\/11\/IMG-20221115-WA0243-copia-300x169.jpg 300w, https:\/\/atecordoba.org\/wp-content\/uploads\/2022\/11\/IMG-20221115-WA0243-copia-768x432.jpg 768w, https:\/\/atecordoba.org\/wp-content\/uploads\/2022\/11\/IMG-20221115-WA0243-copia-1536x863.jpg 1536w, https:\/\/atecordoba.org\/wp-content\/uploads\/2022\/11\/IMG-20221115-WA0243-copia-750x421.jpg 750w, https:\/\/atecordoba.org\/wp-content\/uploads\/2022\/11\/IMG-20221115-WA0243-copia-1140x641.jpg 1140w, https:\/\/atecordoba.org\/wp-content\/uploads\/2022\/11\/IMG-20221115-WA0243-copia.jpg 1600w\" sizes=\"auto, (max-width: 1024px) 100vw, 1024px\" \/><\/figure>\n\n\n\n<figure class=\"wp-block-image size-large\"><img loading=\"lazy\" decoding=\"async\" width=\"1024\" height=\"575\" data-id=\"34796\" src=\"https:\/\/atecordoba.org\/wp-content\/uploads\/2022\/11\/IMG-20221115-WA0245-copia-1024x575.jpg\" alt=\"\" class=\"wp-image-34796\" srcset=\"https:\/\/atecordoba.org\/wp-content\/uploads\/2022\/11\/IMG-20221115-WA0245-copia-1024x575.jpg 1024w, https:\/\/atecordoba.org\/wp-content\/uploads\/2022\/11\/IMG-20221115-WA0245-copia-300x169.jpg 300w, https:\/\/atecordoba.org\/wp-content\/uploads\/2022\/11\/IMG-20221115-WA0245-copia-768x432.jpg 768w, https:\/\/atecordoba.org\/wp-content\/uploads\/2022\/11\/IMG-20221115-WA0245-copia-1536x863.jpg 1536w, https:\/\/atecordoba.org\/wp-content\/uploads\/2022\/11\/IMG-20221115-WA0245-copia-750x421.jpg 750w, https:\/\/atecordoba.org\/wp-content\/uploads\/2022\/11\/IMG-20221115-WA0245-copia-1140x641.jpg 1140w, https:\/\/atecordoba.org\/wp-content\/uploads\/2022\/11\/IMG-20221115-WA0245-copia.jpg 1600w\" sizes=\"auto, (max-width: 1024px) 100vw, 1024px\" \/><\/figure>\n\n\n\n<figure class=\"wp-block-image size-large\"><img loading=\"lazy\" decoding=\"async\" width=\"1024\" height=\"575\" data-id=\"34798\" src=\"https:\/\/atecordoba.org\/wp-content\/uploads\/2022\/11\/IMG-20221115-WA0246-copia-1024x575.jpg\" alt=\"\" class=\"wp-image-34798\" srcset=\"https:\/\/atecordoba.org\/wp-content\/uploads\/2022\/11\/IMG-20221115-WA0246-copia-1024x575.jpg 1024w, https:\/\/atecordoba.org\/wp-content\/uploads\/2022\/11\/IMG-20221115-WA0246-copia-300x169.jpg 300w, https:\/\/atecordoba.org\/wp-content\/uploads\/2022\/11\/IMG-20221115-WA0246-copia-768x432.jpg 768w, https:\/\/atecordoba.org\/wp-content\/uploads\/2022\/11\/IMG-20221115-WA0246-copia-1536x863.jpg 1536w, https:\/\/atecordoba.org\/wp-content\/uploads\/2022\/11\/IMG-20221115-WA0246-copia-750x421.jpg 750w, https:\/\/atecordoba.org\/wp-content\/uploads\/2022\/11\/IMG-20221115-WA0246-copia-1140x641.jpg 1140w, https:\/\/atecordoba.org\/wp-content\/uploads\/2022\/11\/IMG-20221115-WA0246-copia.jpg 1600w\" sizes=\"auto, (max-width: 1024px) 100vw, 1024px\" \/><\/figure>\n\n\n\n<figure class=\"wp-block-image size-large\"><img loading=\"lazy\" decoding=\"async\" width=\"1024\" height=\"575\" data-id=\"34797\" src=\"https:\/\/atecordoba.org\/wp-content\/uploads\/2022\/11\/IMG-20221115-WA0247-1024x575.jpg\" alt=\"\" class=\"wp-image-34797\" srcset=\"https:\/\/atecordoba.org\/wp-content\/uploads\/2022\/11\/IMG-20221115-WA0247-1024x575.jpg 1024w, https:\/\/atecordoba.org\/wp-content\/uploads\/2022\/11\/IMG-20221115-WA0247-300x169.jpg 300w, https:\/\/atecordoba.org\/wp-content\/uploads\/2022\/11\/IMG-20221115-WA0247-768x432.jpg 768w, https:\/\/atecordoba.org\/wp-content\/uploads\/2022\/11\/IMG-20221115-WA0247-1536x863.jpg 1536w, https:\/\/atecordoba.org\/wp-content\/uploads\/2022\/11\/IMG-20221115-WA0247-750x421.jpg 750w, https:\/\/atecordoba.org\/wp-content\/uploads\/2022\/11\/IMG-20221115-WA0247-1140x641.jpg 1140w, https:\/\/atecordoba.org\/wp-content\/uploads\/2022\/11\/IMG-20221115-WA0247.jpg 1600w\" sizes=\"auto, (max-width: 1024px) 100vw, 1024px\" \/><\/figure>\n\n\n\n<figure class=\"wp-block-image size-large\"><img loading=\"lazy\" decoding=\"async\" width=\"576\" height=\"1024\" data-id=\"34800\" src=\"https:\/\/atecordoba.org\/wp-content\/uploads\/2022\/11\/IMG-20221115-WA0250-copia-576x1024.jpg\" alt=\"\" class=\"wp-image-34800\" srcset=\"https:\/\/atecordoba.org\/wp-content\/uploads\/2022\/11\/IMG-20221115-WA0250-copia-576x1024.jpg 576w, https:\/\/atecordoba.org\/wp-content\/uploads\/2022\/11\/IMG-20221115-WA0250-copia-169x300.jpg 169w, https:\/\/atecordoba.org\/wp-content\/uploads\/2022\/11\/IMG-20221115-WA0250-copia-768x1366.jpg 768w, https:\/\/atecordoba.org\/wp-content\/uploads\/2022\/11\/IMG-20221115-WA0250-copia-864x1536.jpg 864w, https:\/\/atecordoba.org\/wp-content\/uploads\/2022\/11\/IMG-20221115-WA0250-copia-750x1334.jpg 750w, https:\/\/atecordoba.org\/wp-content\/uploads\/2022\/11\/IMG-20221115-WA0250-copia.jpg 899w\" sizes=\"auto, (max-width: 576px) 100vw, 576px\" \/><\/figure>\n\n\n\n<figure class=\"wp-block-image size-large\"><img loading=\"lazy\" decoding=\"async\" width=\"1024\" height=\"576\" data-id=\"34799\" src=\"https:\/\/atecordoba.org\/wp-content\/uploads\/2022\/11\/IMG-20221115-WA0228-copia-1024x576.jpg\" alt=\"\" class=\"wp-image-34799\" srcset=\"https:\/\/atecordoba.org\/wp-content\/uploads\/2022\/11\/IMG-20221115-WA0228-copia-1024x576.jpg 1024w, https:\/\/atecordoba.org\/wp-content\/uploads\/2022\/11\/IMG-20221115-WA0228-copia-300x169.jpg 300w, https:\/\/atecordoba.org\/wp-content\/uploads\/2022\/11\/IMG-20221115-WA0228-copia-768x432.jpg 768w, https:\/\/atecordoba.org\/wp-content\/uploads\/2022\/11\/IMG-20221115-WA0228-copia-1536x864.jpg 1536w, https:\/\/atecordoba.org\/wp-content\/uploads\/2022\/11\/IMG-20221115-WA0228-copia-750x422.jpg 750w, https:\/\/atecordoba.org\/wp-content\/uploads\/2022\/11\/IMG-20221115-WA0228-copia-1140x641.jpg 1140w, https:\/\/atecordoba.org\/wp-content\/uploads\/2022\/11\/IMG-20221115-WA0228-copia.jpg 1600w\" sizes=\"auto, (max-width: 1024px) 100vw, 1024px\" \/><\/figure>\n<\/figure>\n","protected":false},"excerpt":{"rendered":"<p>El doctor en Ciencias Pol\u00edticas y decano de los analistas regionales Atilio Bor\u00f3n dict\u00f3 ayer una charla sobre la coyuntura argentina y latinoamericana en el sal\u00f3n H\u00e9ctor la perra Castro de ATE C\u00f3doba. Se trat\u00f3 de una disertaci\u00f3n que las y los estatales aprovechamos para abordar con mirada especializada la situaci\u00f3n pol\u00edtica en un a\u00f1o [&hellip;]<\/p>\n","protected":false},"author":7,"featured_media":34786,"comment_status":"open","ping_status":"open","sticky":false,"template":"","format":"standard","meta":{"_exactmetrics_skip_tracking":false,"_exactmetrics_sitenote_active":false,"_exactmetrics_sitenote_note":"","_exactmetrics_sitenote_category":0,"jnews-multi-image_gallery":[],"jnews_single_post":{"subtitle":"\"Se trataron temas estrat\u00e9gicos para el futuro de Argentina. La gente estuvo muy activa y participativa, y delineamos el escenario completo que se nos presenta el a\u00f1o pr\u00f3ximo, la necesidad de fortalecer el campo popular, porque de lo contrario se va a hacer todo muy cuesta arriba, y esbozar algunos de los puntos principales de la gesti\u00f3n sindical para facilitar que ese curso de acci\u00f3n pueda ser aplicado\", dijo el catedr\u00e1tico al finalizar la capacitaci\u00f3n.","format":"standard","video":"","gallery":"","source_name":"","source_url":"","via_name":"","via_url":"","override_template":"0","override":[{"template":"1","single_blog_custom":"","parallax":"1","fullscreen":"1","layout":"right-sidebar","sidebar":"default-sidebar","second_sidebar":"default-sidebar","sticky_sidebar":"1","share_position":"top","share_float_style":"share-monocrhome","show_share_counter":"1","show_view_counter":"1","show_featured":"1","show_post_meta":"1","show_post_author":"1","show_post_author_image":"1","show_post_date":"1","post_date_format":"default","post_date_format_custom":"Y\/m\/d","show_post_category":"1","show_post_reading_time":"0","post_reading_time_wpm":"300","show_zoom_button":"0","zoom_button_out_step":"2","zoom_button_in_step":"3","show_post_tag":"1","show_prev_next_post":"1","show_popup_post":"1","number_popup_post":"1","show_author_box":"0","show_post_related":"0","show_inline_post_related":"0"}],"override_image_size":"0","image_override":[{"single_post_thumbnail_size":"crop-500","single_post_gallery_size":"crop-500"}],"trending_post":"0","trending_post_position":"meta","trending_post_label":"Trending","sponsored_post":"0","sponsored_post_label":"Sponsored by","sponsored_post_name":"","sponsored_post_url":"","sponsored_post_logo_enable":"0","sponsored_post_logo":"","sponsored_post_desc":"","disable_ad":"0"},"jnews_primary_category":{"id":""},"jnews_social_meta":{"fb_title":"","fb_description":"","fb_image":"","twitter_title":"","twitter_description":"","twitter_image":""},"jnews_review":[],"enable_review":"0","type":"percentage","name":"","summary":"","brand":"","sku":"","good":[{"good_text":""}],"bad":[{"bad_text":""}],"score_override":"","override_value":"","rating":[{"rating_text":"","rating_number":"10"}],"price":[{"shop":"","price":"","link":"","icon":""}],"jnews_override_counter":{"override_view_counter":"0","view_counter_number":"0","override_share_counter":"0","share_counter_number":"0","override_like_counter":"0","like_counter_number":"0","override_dislike_counter":"0","dislike_counter_number":"0"},"jnews_post_split":{"enable_post_split":"0","post_split":[{"template":"1","tag":"h2","numbering":"asc","mode":"normal","first":"0","enable_toc":"0","toc_type":"normal"}]},"footnotes":""},"categories":[88],"tags":[1272],"class_list":["post-34785","post","type-post","status-publish","format-standard","has-post-thumbnail","hentry","category-formacion","tag-atilio-boron"],"jetpack_featured_media_url":"https:\/\/atecordoba.org\/wp-content\/uploads\/2022\/11\/Atilio_Boron-scaled-e1668705231330.jpeg","_links":{"self":[{"href":"https:\/\/atecordoba.org\/index.php?rest_route=\/wp\/v2\/posts\/34785","targetHints":{"allow":["GET"]}}],"collection":[{"href":"https:\/\/atecordoba.org\/index.php?rest_route=\/wp\/v2\/posts"}],"about":[{"href":"https:\/\/atecordoba.org\/index.php?rest_route=\/wp\/v2\/types\/post"}],"author":[{"embeddable":true,"href":"https:\/\/atecordoba.org\/index.php?rest_route=\/wp\/v2\/users\/7"}],"replies":[{"embeddable":true,"href":"https:\/\/atecordoba.org\/index.php?rest_route=%2Fwp%2Fv2%2Fcomments&post=34785"}],"version-history":[{"count":3,"href":"https:\/\/atecordoba.org\/index.php?rest_route=\/wp\/v2\/posts\/34785\/revisions"}],"predecessor-version":[{"id":34802,"href":"https:\/\/atecordoba.org\/index.php?rest_route=\/wp\/v2\/posts\/34785\/revisions\/34802"}],"wp:featuredmedia":[{"embeddable":true,"href":"https:\/\/atecordoba.org\/index.php?rest_route=\/wp\/v2\/media\/34786"}],"wp:attachment":[{"href":"https:\/\/atecordoba.org\/index.php?rest_route=%2Fwp%2Fv2%2Fmedia&parent=34785"}],"wp:term":[{"taxonomy":"category","embeddable":true,"href":"https:\/\/atecordoba.org\/index.php?rest_route=%2Fwp%2Fv2%2Fcategories&post=34785"},{"taxonomy":"post_tag","embeddable":true,"href":"https:\/\/atecordoba.org\/index.php?rest_route=%2Fwp%2Fv2%2Ftags&post=34785"}],"curies":[{"name":"wp","href":"https:\/\/api.w.org\/{rel}","templated":true}]}}