{"id":34767,"date":"2022-11-17T12:07:29","date_gmt":"2022-11-17T15:07:29","guid":{"rendered":"https:\/\/atecordoba.org\/?p=34767"},"modified":"2022-11-17T12:07:31","modified_gmt":"2022-11-17T15:07:31","slug":"senaf-asamblea-en-el-complejo-esperanza","status":"publish","type":"post","link":"https:\/\/atecordoba.org\/?p=34767","title":{"rendered":"SENAF: Asamblea en el Complejo Esperanza"},"content":{"rendered":"\n<div class=\"wp-block-image\"><figure class=\"aligncenter size-large is-resized\"><img loading=\"lazy\" decoding=\"async\" src=\"https:\/\/atecordoba.org\/wp-content\/uploads\/2022\/11\/IMG-20221117-WA0055-1024x768.jpg\" alt=\"\" class=\"wp-image-34768\" width=\"768\" height=\"576\" srcset=\"https:\/\/atecordoba.org\/wp-content\/uploads\/2022\/11\/IMG-20221117-WA0055-1024x768.jpg 1024w, https:\/\/atecordoba.org\/wp-content\/uploads\/2022\/11\/IMG-20221117-WA0055-300x225.jpg 300w, https:\/\/atecordoba.org\/wp-content\/uploads\/2022\/11\/IMG-20221117-WA0055-768x576.jpg 768w, https:\/\/atecordoba.org\/wp-content\/uploads\/2022\/11\/IMG-20221117-WA0055-750x563.jpg 750w, https:\/\/atecordoba.org\/wp-content\/uploads\/2022\/11\/IMG-20221117-WA0055-1140x855.jpg 1140w, https:\/\/atecordoba.org\/wp-content\/uploads\/2022\/11\/IMG-20221117-WA0055.jpg 1280w\" sizes=\"auto, (max-width: 768px) 100vw, 768px\" \/><\/figure><\/div>\n\n\n\n<p>Convocada por ATE, con la presencia de guardias, educadoras sociales y equipo t\u00e9cnico se realiz\u00f3 hoy por la ma\u00f1ana una asamblea en el Complejo Esperanza, bajo la consigna &#8220;los derechos de los ni\u00f1os necesitan trabajadores con derechos&#8221;.<\/p>\n\n\n\n<p>En la misma se hablo sobre el crecimiento de nuestra organizaci\u00f3n dentro del sector, generando potencia para instalar la agenda gremial de ATE, referida a:<\/p>\n\n\n\n<ul class=\"wp-block-list\"><li>Pase a planta permanente<\/li><li>Cese de la persecuci\u00f3n sindical<\/li><li>Licencias<\/li><li>Salarios dignos<\/li><li>Jubilaci\u00f3n<\/li><li>Hostigamiento por parte de la patronal<\/li><\/ul>\n\n\n\n<p>A su vez, se expres\u00f3 la solidaridad de las y los trabajadores del sector con la compa\u00f1era la delegada Irina Silberman, electa en las pasadas elecciones, que est\u00e1 sufriendo descuentos y traslados por ejercer su cargo .<\/p>\n\n\n\n<figure class=\"wp-block-gallery has-nested-images columns-default is-cropped wp-block-gallery-1 is-layout-flex wp-block-gallery-is-layout-flex\">\n<figure class=\"wp-block-image size-large\"><a href=\"https:\/\/atecordoba.org\/wp-content\/uploads\/2022\/11\/IMG-20221117-WA0053.jpg\"><img loading=\"lazy\" decoding=\"async\" width=\"1024\" height=\"768\" data-id=\"34769\" src=\"https:\/\/atecordoba.org\/wp-content\/uploads\/2022\/11\/IMG-20221117-WA0053-1024x768.jpg\" alt=\"\" class=\"wp-image-34769\" srcset=\"https:\/\/atecordoba.org\/wp-content\/uploads\/2022\/11\/IMG-20221117-WA0053-1024x768.jpg 1024w, https:\/\/atecordoba.org\/wp-content\/uploads\/2022\/11\/IMG-20221117-WA0053-300x225.jpg 300w, https:\/\/atecordoba.org\/wp-content\/uploads\/2022\/11\/IMG-20221117-WA0053-768x576.jpg 768w, https:\/\/atecordoba.org\/wp-content\/uploads\/2022\/11\/IMG-20221117-WA0053-750x563.jpg 750w, https:\/\/atecordoba.org\/wp-content\/uploads\/2022\/11\/IMG-20221117-WA0053-1140x855.jpg 1140w, https:\/\/atecordoba.org\/wp-content\/uploads\/2022\/11\/IMG-20221117-WA0053.jpg 1280w\" sizes=\"auto, (max-width: 1024px) 100vw, 1024px\" \/><\/a><\/figure>\n\n\n\n<figure class=\"wp-block-image size-large\"><a href=\"https:\/\/atecordoba.org\/wp-content\/uploads\/2022\/11\/IMG-20221117-WA0055-1.jpg\"><img loading=\"lazy\" decoding=\"async\" width=\"1024\" height=\"768\" data-id=\"34770\" src=\"https:\/\/atecordoba.org\/wp-content\/uploads\/2022\/11\/IMG-20221117-WA0055-1-1024x768.jpg\" alt=\"\" class=\"wp-image-34770\" srcset=\"https:\/\/atecordoba.org\/wp-content\/uploads\/2022\/11\/IMG-20221117-WA0055-1-1024x768.jpg 1024w, https:\/\/atecordoba.org\/wp-content\/uploads\/2022\/11\/IMG-20221117-WA0055-1-300x225.jpg 300w, https:\/\/atecordoba.org\/wp-content\/uploads\/2022\/11\/IMG-20221117-WA0055-1-768x576.jpg 768w, https:\/\/atecordoba.org\/wp-content\/uploads\/2022\/11\/IMG-20221117-WA0055-1-750x563.jpg 750w, https:\/\/atecordoba.org\/wp-content\/uploads\/2022\/11\/IMG-20221117-WA0055-1-1140x855.jpg 1140w, https:\/\/atecordoba.org\/wp-content\/uploads\/2022\/11\/IMG-20221117-WA0055-1.jpg 1280w\" sizes=\"auto, (max-width: 1024px) 100vw, 1024px\" \/><\/a><\/figure>\n<\/figure>\n\n\n\n<p>\u201cLas y los compa\u00f1eros valoraron de manera muy positiva <a href=\"https:\/\/atecordoba.org\/?p=34627\">la intervenci\u00f3n de ayer en el centro de convenciones<\/a> y la mesa de di\u00e1logo que mantiene el gremio con la ministra de Justicia y Derechos Humanos de la Provincia\u201d, dijo Silberman.<\/p>\n\n\n\n<p>Y concluy\u00f3: \u201cseguimos incentivando la afiliacion de los compa\u00f1eros porque creemos que la organizaci\u00f3n a trav\u00e9s de un gremio es la \u00fanica salida al ajuste y la unica manera de conseguir mas derechos para el conjunto del personal que integramos las y los trabajadores del sector\u201d.<\/p>\n\n\n\n<p>Se trata de la segunda asamblea que ATE realiza en lo que va del a\u00f1o y constituye un gran paso organizativo para despejar temores entre las y los compa\u00f1eros sobre la participaci\u00f3n en acciones gremiales dentro del organismo.<\/p>\n","protected":false},"excerpt":{"rendered":"<p>Convocada por ATE, con la presencia de guardias, educadoras sociales y equipo t\u00e9cnico se realiz\u00f3 hoy por la ma\u00f1ana una asamblea en el Complejo Esperanza, bajo la consigna &#8220;los derechos de los ni\u00f1os necesitan trabajadores con derechos&#8221;. En la misma se hablo sobre el crecimiento de nuestra organizaci\u00f3n dentro del sector, generando potencia para instalar [&hellip;]<\/p>\n","protected":false},"author":7,"featured_media":34771,"comment_status":"open","ping_status":"open","sticky":false,"template":"","format":"standard","meta":{"_exactmetrics_skip_tracking":false,"_exactmetrics_sitenote_active":false,"_exactmetrics_sitenote_note":"","_exactmetrics_sitenote_category":0,"jnews-multi-image_gallery":[],"jnews_single_post":{"subtitle":"Las y los compa\u00f1eros valoraron de manera muy positiva la intervenci\u00f3n de ayer en el centro de convenciones y la mesa de di\u00e1logo que mantiene el gremio con la ministra de Justicia y Derechos Humanos de la Provincia, al tiempo que ratificaron las estrategias de crecimiento organizativo de ATE en el sector. Solidaridad con la delegada del Complejo hostigada por las autoridades de SENAF.","format":"standard","video":"","gallery":"","source_name":"","source_url":"","via_name":"","via_url":"","override_template":"0","override":[{"template":"1","single_blog_custom":"","parallax":"1","fullscreen":"1","layout":"right-sidebar","sidebar":"default-sidebar","second_sidebar":"default-sidebar","sticky_sidebar":"1","share_position":"top","share_float_style":"share-monocrhome","show_share_counter":"1","show_view_counter":"1","show_featured":"1","show_post_meta":"1","show_post_author":"1","show_post_author_image":"1","show_post_date":"1","post_date_format":"default","post_date_format_custom":"Y\/m\/d","show_post_category":"1","show_post_reading_time":"0","post_reading_time_wpm":"300","show_zoom_button":"0","zoom_button_out_step":"2","zoom_button_in_step":"3","show_post_tag":"1","show_prev_next_post":"1","show_popup_post":"1","number_popup_post":"1","show_author_box":"0","show_post_related":"0","show_inline_post_related":"0"}],"override_image_size":"0","image_override":[{"single_post_thumbnail_size":"crop-500","single_post_gallery_size":"crop-500"}],"trending_post":"0","trending_post_position":"meta","trending_post_label":"Trending","sponsored_post":"0","sponsored_post_label":"Sponsored by","sponsored_post_name":"","sponsored_post_url":"","sponsored_post_logo_enable":"0","sponsored_post_logo":"","sponsored_post_desc":"","disable_ad":"0"},"jnews_primary_category":{"id":""},"jnews_social_meta":{"fb_title":"","fb_description":"","fb_image":"","twitter_title":"","twitter_description":"","twitter_image":""},"jnews_review":[],"enable_review":"0","type":"percentage","name":"","summary":"","brand":"","sku":"","good":[{"good_text":""}],"bad":[{"bad_text":""}],"score_override":"","override_value":"","rating":[{"rating_text":"","rating_number":"10"}],"price":[{"shop":"","price":"","link":"","icon":""}],"jnews_override_counter":{"override_view_counter":"0","view_counter_number":"0","override_share_counter":"0","share_counter_number":"0","override_like_counter":"0","like_counter_number":"0","override_dislike_counter":"0","dislike_counter_number":"0"},"jnews_post_split":{"enable_post_split":"0","post_split":[{"template":"1","tag":"h2","numbering":"asc","mode":"normal","first":"0","enable_toc":"0","toc_type":"normal"}]},"footnotes":""},"categories":[8],"tags":[457],"class_list":["post-34767","post","type-post","status-publish","format-standard","has-post-thumbnail","hentry","category-provinciales","tag-senaf"],"jetpack_featured_media_url":"https:\/\/atecordoba.org\/wp-content\/uploads\/2022\/11\/portadacomplejo-e1668697636820.jpg","_links":{"self":[{"href":"https:\/\/atecordoba.org\/index.php?rest_route=\/wp\/v2\/posts\/34767","targetHints":{"allow":["GET"]}}],"collection":[{"href":"https:\/\/atecordoba.org\/index.php?rest_route=\/wp\/v2\/posts"}],"about":[{"href":"https:\/\/atecordoba.org\/index.php?rest_route=\/wp\/v2\/types\/post"}],"author":[{"embeddable":true,"href":"https:\/\/atecordoba.org\/index.php?rest_route=\/wp\/v2\/users\/7"}],"replies":[{"embeddable":true,"href":"https:\/\/atecordoba.org\/index.php?rest_route=%2Fwp%2Fv2%2Fcomments&post=34767"}],"version-history":[{"count":1,"href":"https:\/\/atecordoba.org\/index.php?rest_route=\/wp\/v2\/posts\/34767\/revisions"}],"predecessor-version":[{"id":34772,"href":"https:\/\/atecordoba.org\/index.php?rest_route=\/wp\/v2\/posts\/34767\/revisions\/34772"}],"wp:featuredmedia":[{"embeddable":true,"href":"https:\/\/atecordoba.org\/index.php?rest_route=\/wp\/v2\/media\/34771"}],"wp:attachment":[{"href":"https:\/\/atecordoba.org\/index.php?rest_route=%2Fwp%2Fv2%2Fmedia&parent=34767"}],"wp:term":[{"taxonomy":"category","embeddable":true,"href":"https:\/\/atecordoba.org\/index.php?rest_route=%2Fwp%2Fv2%2Fcategories&post=34767"},{"taxonomy":"post_tag","embeddable":true,"href":"https:\/\/atecordoba.org\/index.php?rest_route=%2Fwp%2Fv2%2Ftags&post=34767"}],"curies":[{"name":"wp","href":"https:\/\/api.w.org\/{rel}","templated":true}]}}