{"id":3472,"date":"2013-10-23T19:30:07","date_gmt":"2013-10-23T22:30:07","guid":{"rendered":"http:\/\/www.atecordoba.org\/?p=3472"},"modified":"2013-10-23T19:30:07","modified_gmt":"2013-10-23T22:30:07","slug":"ate-convocado-por-una-escuela-de-unquillo","status":"publish","type":"post","link":"https:\/\/atecordoba.org\/?p=3472","title":{"rendered":"ATE, convocado por una escuela de Unquillo"},"content":{"rendered":"<p><em>El delegados municipal de ATE, Alejandro Murua, particip\u00f3 junto a otros gremios de una charla, brindada a alumnos de una escuela p\u00fablica de la localidad.<\/em><\/p>\n<p style=\"text-align: center;\"><img loading=\"lazy\" decoding=\"async\" class=\"ngg-singlepic ngg-none aligncenter\" alt=\"dsc03661\" src=\"http:\/\/www.atecordoba.org\/wp-content\/gallery\/charla-en-escuela-de-unquillo\/dsc03661.jpg\" width=\"564\" height=\"423\" \/><\/p>\n<p>La actividad fue convocada por la docente Jimena Armesto, del Ipem 78 Juan Bautista Alberdi, y Murua particip\u00f3 junto a compa\u00f1eros de UEPC y del sindicato de la carne. La charla , titulada &#8216;Historia del sindicalismo Argentino&#8217;, se realiz\u00f3 ante 30 alumnos del tercer a\u00f1o de la escuela unquillense.<\/p>\n<p>El compa\u00f1ero delegado municipal hizo una breve rese\u00f1a de la historia y conformaci\u00f3n de ATE a nivel Nacional, destacando nuestro gremio tiene representaci\u00f3n en los tres niveles del Estado ( Nacional, Provincial y Municipal), como tambi\u00e9n en todas las empresas aut\u00e1rticas que dependen del Estado.<\/p>\n<p>Posteriormente destac\u00f3 que nuestro gremio cuenta con 250 mil afiliados en todo el pa\u00eds. &#8220;Somos 15 mil delegados de base y contamos con m\u00e1s de 150 locales en todo el territorio de norte a sur&#8221;, explic\u00f3 Mur\u00faa. En ese marco, se\u00f1al\u00f3 que ATE no es un gremio mutualista por lo que los aportes de los afiliados se destinan a cursos de capacitaci\u00f3n para dirigente y afiliados, impresi\u00f3n y distribuci\u00f3n de material de discusi\u00f3n, la acci\u00f3n gremial en general.<\/p>\n<p>En la oportunidad, estuvo presente el secretario de Interior del CDP, Luis Barcena, que dio m\u00e1s detalles de la conformaci\u00f3n e historia de nuestro gremio, y rescato la actitud social y solidaria que se lleva a cabo desde nuestras filas, as\u00ed como la lucha en defensa del medio ambiente, de la salud publica gratuita, la educaci\u00f3n \u00a0y la jubilaci\u00f3n digna, luchando por garantizar el 82% m\u00f3vil.<\/p>\n<p>En la ocasi\u00f3n se le hizo entrega a la profesora Armesto de material de difusi\u00f3n de nuestro gremio para la Biblioteca escolar y para ser distribuida entre los alumnos\u00a0 participantes. Es importante se\u00f1alar que es una de las primera veces que nuestro Gremio tiene la oportunidad de transmistir su experiencia aprendizaje de la vida sindical a alumnos de escuelas secundarias en Unquillo, j\u00f3venes que el d\u00eda de ma\u00f1ana pueden llegar a ser dirigentes sociales o sindicales.<\/p>\n<p style=\"text-align: center;\">\u00a0<img loading=\"lazy\" decoding=\"async\" class=\"ngg-singlepic ngg-none aligncenter\" alt=\"dsc03669\" src=\"http:\/\/www.atecordoba.org\/wp-content\/gallery\/charla-en-escuela-de-unquillo\/dsc03669.jpg\" width=\"564\" height=\"423\" \/><\/p>\n<p style=\"text-align: center;\"><img loading=\"lazy\" decoding=\"async\" class=\"ngg-singlepic ngg-none aligncenter\" alt=\"dsc03663\" src=\"http:\/\/www.atecordoba.org\/wp-content\/gallery\/charla-en-escuela-de-unquillo\/dsc03663.jpg\" width=\"564\" height=\"423\" \/><\/p>\n","protected":false},"excerpt":{"rendered":"<p>El delegados municipal de ATE, Alejandro Murua, particip\u00f3 junto a otros gremios de una charla, brindada a alumnos de una escuela p\u00fablica de la localidad. La actividad fue convocada por la docente Jimena Armesto, del Ipem 78 Juan Bautista Alberdi, y Murua particip\u00f3 junto a compa\u00f1eros de UEPC y del sindicato de la carne. La [&hellip;]<\/p>\n","protected":false},"author":1,"featured_media":19220,"comment_status":"open","ping_status":"open","sticky":false,"template":"","format":"standard","meta":{"_exactmetrics_skip_tracking":false,"_exactmetrics_sitenote_active":false,"_exactmetrics_sitenote_note":"","_exactmetrics_sitenote_category":0,"jnews-multi-image_gallery":[],"jnews_single_post":[],"jnews_primary_category":[],"jnews_social_meta":[],"jnews_review":[],"enable_review":"","type":"","name":"","summary":"","brand":"","sku":"","good":[],"bad":[],"score_override":"","override_value":"","rating":[],"price":[],"jnews_override_counter":[],"jnews_post_split":[],"footnotes":""},"categories":[20],"tags":[],"class_list":["post-3472","post","type-post","status-publish","format-standard","has-post-thumbnail","hentry","category-municipales"],"jetpack_featured_media_url":"https:\/\/atecordoba.org\/wp-content\/uploads\/2020\/05\/logo-nuevochico-e1561581322808.png","_links":{"self":[{"href":"https:\/\/atecordoba.org\/index.php?rest_route=\/wp\/v2\/posts\/3472","targetHints":{"allow":["GET"]}}],"collection":[{"href":"https:\/\/atecordoba.org\/index.php?rest_route=\/wp\/v2\/posts"}],"about":[{"href":"https:\/\/atecordoba.org\/index.php?rest_route=\/wp\/v2\/types\/post"}],"author":[{"embeddable":true,"href":"https:\/\/atecordoba.org\/index.php?rest_route=\/wp\/v2\/users\/1"}],"replies":[{"embeddable":true,"href":"https:\/\/atecordoba.org\/index.php?rest_route=%2Fwp%2Fv2%2Fcomments&post=3472"}],"version-history":[{"count":0,"href":"https:\/\/atecordoba.org\/index.php?rest_route=\/wp\/v2\/posts\/3472\/revisions"}],"wp:featuredmedia":[{"embeddable":true,"href":"https:\/\/atecordoba.org\/index.php?rest_route=\/wp\/v2\/media\/19220"}],"wp:attachment":[{"href":"https:\/\/atecordoba.org\/index.php?rest_route=%2Fwp%2Fv2%2Fmedia&parent=3472"}],"wp:term":[{"taxonomy":"category","embeddable":true,"href":"https:\/\/atecordoba.org\/index.php?rest_route=%2Fwp%2Fv2%2Fcategories&post=3472"},{"taxonomy":"post_tag","embeddable":true,"href":"https:\/\/atecordoba.org\/index.php?rest_route=%2Fwp%2Fv2%2Ftags&post=3472"}],"curies":[{"name":"wp","href":"https:\/\/api.w.org\/{rel}","templated":true}]}}