{"id":3466,"date":"2013-10-23T18:33:49","date_gmt":"2013-10-23T21:33:49","guid":{"rendered":"http:\/\/www.atecordoba.org\/?p=3466"},"modified":"2013-10-23T18:33:49","modified_gmt":"2013-10-23T21:33:49","slug":"conflicto-de-salud-en-la-previa-del-paro-se-cumple-del-8-dia-de-la-protesta-frente-a-la-catedral","status":"publish","type":"post","link":"https:\/\/atecordoba.org\/?p=3466","title":{"rendered":"Conflicto de salud: en la previa del paro se cumple el 8\u00b0 d\u00eda de la protesta frente a la Catedral"},"content":{"rendered":"<p><em>Mientras ATE se prepara para realizar un paro de 24 horas, a partir de las 0 horas de ma\u00f1ana, los delegados del Hospital Misericordia contin\u00faan con su protesta en la Plaza San Mart\u00edn por octavo d\u00eda consecutivo.<\/em><\/p>\n<figure style=\"width: 605px\" class=\"wp-caption aligncenter\"><img loading=\"lazy\" decoding=\"async\" class=\"ngg-singlepic ngg-center \" alt=\"img_5061\" src=\"http:\/\/www.atecordoba.org\/wp-content\/gallery\/salud-crucificados\/img_5061.jpg\" width=\"605\" height=\"454\" \/><figcaption class=\"wp-caption-text\">Roberto Ramos y Fernando P\u00e9rez, delegados de ATE<\/figcaption><\/figure>\n<p>&nbsp;<\/p>\n<p>Se trata de los delegados Roberto Ramos y Fernando Perez, que realizan una huelga de hambre, ubicados frente a la catedral, en la Plaza Sana Mart\u00edn, recreando la crucifixi\u00f3n de cristo, en reclamo de una respuesta del gobierno provincial ante la necesidad de aumento salarial, pase a planta permanente de los trabajadores precarizados. Los compa\u00f1eros iniciaron la protesta el mi\u00e9rcoles 16 de octubre y cuentan con control m\u00e9dico y asistencia en el lugar.<\/p>\n<p>Ambos son enfermeros. P\u00e9rez debi\u00f3 ser atendido ayer en el Misericordia para realizarse controles dado que se encontraba bajo de glucosa, a causa del rigor de la huelga de hambre que viene desarrollando.<\/p>\n<p>&#8220;El gobierno tiene que escuchar a los trabajadores. Estamos hartos de protestar sin tener alguna respuesta&#8221;, dijo Ramos, en tanto P\u00e9rez destac\u00f3 la solidaridad de la comunidad que se acerca a preguntar c\u00f3mo se encuentran y apoyo su reclamo. Ma\u00f1ana, durante el paro de actividades en los hospitales provinciales, los trabajadores realizar\u00e1n una asamblea general en donde se encuentran estos dos compa\u00f1eros protestando.<\/p>\n<figure style=\"width: 605px\" class=\"wp-caption aligncenter\"><img loading=\"lazy\" decoding=\"async\" class=\"ngg-singlepic ngg-center \" alt=\"img_5065\" src=\"http:\/\/www.atecordoba.org\/wp-content\/gallery\/salud-crucificados\/img_5065.jpg\" width=\"605\" height=\"454\" \/><figcaption class=\"wp-caption-text\">Son muchos los cordobeses solidarios que firman el apoyo a la protesta<\/figcaption><\/figure>\n<figure style=\"width: 605px\" class=\"wp-caption aligncenter\"><img loading=\"lazy\" decoding=\"async\" class=\"ngg-singlepic ngg-center \" alt=\"img_5062\" src=\"http:\/\/www.atecordoba.org\/wp-content\/gallery\/salud-crucificados\/img_5062.jpg\" width=\"605\" height=\"454\" \/><figcaption class=\"wp-caption-text\">Ma\u00f1ana, se realizar\u00e1 una asamblea general de trabajadores de la salud en la Plaza San Mart\u00edn<\/figcaption><\/figure>\n<p>&nbsp;<\/p>\n<p style=\"text-align: center;\">\n","protected":false},"excerpt":{"rendered":"<p>Mientras ATE se prepara para realizar un paro de 24 horas, a partir de las 0 horas de ma\u00f1ana, los delegados del Hospital Misericordia contin\u00faan con su protesta en la Plaza San Mart\u00edn por octavo d\u00eda consecutivo. &nbsp; Se trata de los delegados Roberto Ramos y Fernando Perez, que realizan una huelga de hambre, ubicados [&hellip;]<\/p>\n","protected":false},"author":1,"featured_media":19220,"comment_status":"open","ping_status":"open","sticky":false,"template":"","format":"standard","meta":{"_exactmetrics_skip_tracking":false,"_exactmetrics_sitenote_active":false,"_exactmetrics_sitenote_note":"","_exactmetrics_sitenote_category":0,"jnews-multi-image_gallery":[],"jnews_single_post":[],"jnews_primary_category":[],"jnews_social_meta":[],"jnews_review":[],"enable_review":"","type":"","name":"","summary":"","brand":"","sku":"","good":[],"bad":[],"score_override":"","override_value":"","rating":[],"price":[],"jnews_override_counter":[],"jnews_post_split":[],"footnotes":""},"categories":[7,8],"tags":[],"class_list":["post-3466","post","type-post","status-publish","format-standard","has-post-thumbnail","hentry","category-hospitales","category-provinciales"],"jetpack_featured_media_url":"https:\/\/atecordoba.org\/wp-content\/uploads\/2020\/05\/logo-nuevochico-e1561581322808.png","_links":{"self":[{"href":"https:\/\/atecordoba.org\/index.php?rest_route=\/wp\/v2\/posts\/3466","targetHints":{"allow":["GET"]}}],"collection":[{"href":"https:\/\/atecordoba.org\/index.php?rest_route=\/wp\/v2\/posts"}],"about":[{"href":"https:\/\/atecordoba.org\/index.php?rest_route=\/wp\/v2\/types\/post"}],"author":[{"embeddable":true,"href":"https:\/\/atecordoba.org\/index.php?rest_route=\/wp\/v2\/users\/1"}],"replies":[{"embeddable":true,"href":"https:\/\/atecordoba.org\/index.php?rest_route=%2Fwp%2Fv2%2Fcomments&post=3466"}],"version-history":[{"count":0,"href":"https:\/\/atecordoba.org\/index.php?rest_route=\/wp\/v2\/posts\/3466\/revisions"}],"wp:featuredmedia":[{"embeddable":true,"href":"https:\/\/atecordoba.org\/index.php?rest_route=\/wp\/v2\/media\/19220"}],"wp:attachment":[{"href":"https:\/\/atecordoba.org\/index.php?rest_route=%2Fwp%2Fv2%2Fmedia&parent=3466"}],"wp:term":[{"taxonomy":"category","embeddable":true,"href":"https:\/\/atecordoba.org\/index.php?rest_route=%2Fwp%2Fv2%2Fcategories&post=3466"},{"taxonomy":"post_tag","embeddable":true,"href":"https:\/\/atecordoba.org\/index.php?rest_route=%2Fwp%2Fv2%2Ftags&post=3466"}],"curies":[{"name":"wp","href":"https:\/\/api.w.org\/{rel}","templated":true}]}}