{"id":34627,"date":"2022-11-16T12:37:49","date_gmt":"2022-11-16T15:37:49","guid":{"rendered":"https:\/\/atecordoba.org\/?p=34627"},"modified":"2022-11-16T14:23:25","modified_gmt":"2022-11-16T17:23:25","slug":"escrache-al-gobierno-de-cordoba-en-feriar-por-la-situacion-de-senaf","status":"publish","type":"post","link":"https:\/\/atecordoba.org\/?p=34627","title":{"rendered":"Escrache al Gobierno de C\u00f3rdoba  en Feriar por la situaci\u00f3n de SENAF"},"content":{"rendered":"\n<div class=\"wp-block-image\"><figure class=\"aligncenter size-large is-resized\"><img loading=\"lazy\" decoding=\"async\" src=\"https:\/\/atecordoba.org\/wp-content\/uploads\/2022\/11\/feriar-1024x576.jpeg\" alt=\"\" class=\"wp-image-34628\" width=\"768\" height=\"432\" \/><\/figure><\/div>\n\n\n\n<p>Esta ma\u00f1ana ATE C\u00f3rdoba llev\u00f3 a cabo una movilizaci\u00f3n en el Complejo Feriar, donde se desarrolla un congreso internacional por los derechos de las infancias y adolescencias, para denunciar la situaci\u00f3n que atraviesa la Secretar\u00eda de Ni\u00f1ez, Adolescencia y Familia (SENAF). <\/p>\n\n\n\n<p>La columna de ATE estuvo integrada por trabajadores y trabajadoras del organismo y junto al activismos de nuestra organizaci\u00f3n de otros sectores nacionales, provinciales y municipales. <\/p>\n\n\n\n<figure class=\"wp-block-gallery has-nested-images columns-default is-cropped wp-block-gallery-1 is-layout-flex wp-block-gallery-is-layout-flex\">\n<figure class=\"wp-block-image size-large\"><img loading=\"lazy\" decoding=\"async\" width=\"1024\" height=\"575\" data-id=\"34629\" src=\"https:\/\/atecordoba.org\/wp-content\/uploads\/2022\/11\/WhatsApp-Image-2022-11-16-at-11.50.01-1024x575.jpeg\" alt=\"\" class=\"wp-image-34629\" srcset=\"https:\/\/atecordoba.org\/wp-content\/uploads\/2022\/11\/WhatsApp-Image-2022-11-16-at-11.50.01-1024x575.jpeg 1024w, https:\/\/atecordoba.org\/wp-content\/uploads\/2022\/11\/WhatsApp-Image-2022-11-16-at-11.50.01-300x169.jpeg 300w, https:\/\/atecordoba.org\/wp-content\/uploads\/2022\/11\/WhatsApp-Image-2022-11-16-at-11.50.01-768x432.jpeg 768w, https:\/\/atecordoba.org\/wp-content\/uploads\/2022\/11\/WhatsApp-Image-2022-11-16-at-11.50.01-1536x863.jpeg 1536w, https:\/\/atecordoba.org\/wp-content\/uploads\/2022\/11\/WhatsApp-Image-2022-11-16-at-11.50.01-750x421.jpeg 750w, https:\/\/atecordoba.org\/wp-content\/uploads\/2022\/11\/WhatsApp-Image-2022-11-16-at-11.50.01-1140x641.jpeg 1140w, https:\/\/atecordoba.org\/wp-content\/uploads\/2022\/11\/WhatsApp-Image-2022-11-16-at-11.50.01.jpeg 1600w\" sizes=\"auto, (max-width: 1024px) 100vw, 1024px\" \/><\/figure>\n\n\n\n<figure class=\"wp-block-image size-large\"><img loading=\"lazy\" decoding=\"async\" width=\"1024\" height=\"576\" data-id=\"34631\" src=\"https:\/\/atecordoba.org\/wp-content\/uploads\/2022\/11\/WhatsApp-Image-2022-11-16-at-11.49.58-2-1024x576.jpeg\" alt=\"\" class=\"wp-image-34631\" srcset=\"https:\/\/atecordoba.org\/wp-content\/uploads\/2022\/11\/WhatsApp-Image-2022-11-16-at-11.49.58-2-1024x576.jpeg 1024w, https:\/\/atecordoba.org\/wp-content\/uploads\/2022\/11\/WhatsApp-Image-2022-11-16-at-11.49.58-2-300x169.jpeg 300w, https:\/\/atecordoba.org\/wp-content\/uploads\/2022\/11\/WhatsApp-Image-2022-11-16-at-11.49.58-2-768x432.jpeg 768w, https:\/\/atecordoba.org\/wp-content\/uploads\/2022\/11\/WhatsApp-Image-2022-11-16-at-11.49.58-2-1536x864.jpeg 1536w, https:\/\/atecordoba.org\/wp-content\/uploads\/2022\/11\/WhatsApp-Image-2022-11-16-at-11.49.58-2-750x422.jpeg 750w, https:\/\/atecordoba.org\/wp-content\/uploads\/2022\/11\/WhatsApp-Image-2022-11-16-at-11.49.58-2-1140x641.jpeg 1140w, https:\/\/atecordoba.org\/wp-content\/uploads\/2022\/11\/WhatsApp-Image-2022-11-16-at-11.49.58-2.jpeg 1600w\" sizes=\"auto, (max-width: 1024px) 100vw, 1024px\" \/><\/figure>\n\n\n\n<figure class=\"wp-block-image size-large\"><img loading=\"lazy\" decoding=\"async\" width=\"1024\" height=\"576\" data-id=\"34630\" src=\"https:\/\/atecordoba.org\/wp-content\/uploads\/2022\/11\/WhatsApp-Image-2022-11-16-at-11.49.59-1024x576.jpeg\" alt=\"\" class=\"wp-image-34630\" srcset=\"https:\/\/atecordoba.org\/wp-content\/uploads\/2022\/11\/WhatsApp-Image-2022-11-16-at-11.49.59-1024x576.jpeg 1024w, https:\/\/atecordoba.org\/wp-content\/uploads\/2022\/11\/WhatsApp-Image-2022-11-16-at-11.49.59-300x169.jpeg 300w, https:\/\/atecordoba.org\/wp-content\/uploads\/2022\/11\/WhatsApp-Image-2022-11-16-at-11.49.59-768x432.jpeg 768w, https:\/\/atecordoba.org\/wp-content\/uploads\/2022\/11\/WhatsApp-Image-2022-11-16-at-11.49.59-1536x864.jpeg 1536w, https:\/\/atecordoba.org\/wp-content\/uploads\/2022\/11\/WhatsApp-Image-2022-11-16-at-11.49.59-750x422.jpeg 750w, https:\/\/atecordoba.org\/wp-content\/uploads\/2022\/11\/WhatsApp-Image-2022-11-16-at-11.49.59-1140x641.jpeg 1140w, https:\/\/atecordoba.org\/wp-content\/uploads\/2022\/11\/WhatsApp-Image-2022-11-16-at-11.49.59.jpeg 1600w\" sizes=\"auto, (max-width: 1024px) 100vw, 1024px\" \/><\/figure>\n<\/figure>\n\n\n\n<p>En la oportunidad, el secretario General de ATE C\u00f3rdoba, Federico Giuliani explic\u00f3 que &#8220;venimos a este Complejo, donde se desarrolla un congreso internacional de la ni\u00f1ez, para decir que para que el Estado ejerza la protecci\u00f3n de los derechos de las infancias y ni\u00f1eces es fundamental tener trabajadores y trabajadoras con salarios por encima de la l\u00ednea de la pobreza, que gocen de estabilidad laboral y que tengan condiciones de trabajo dignas, sin hostigamientos, sin persecuci\u00f3n, sin traslados y sin despidos, como lo que sucede en SENAF, a cargo de la subsecretaria Tavella&#8221;.<\/p>\n\n\n\n<p>En tal sentido, el dirigente afirm\u00f3 que que &#8220;reclamamos pol\u00edticas p\u00fablicas para la ni\u00f1ez, sabiendo que sin recursos humanos no puede haber pol\u00edticas p\u00fablicas&#8221;.<\/p>\n\n\n\n<p><strong>Contexto provincial<\/strong><\/p>\n\n\n\n<p>En ese marco, Giuliani hizo menci\u00f3n a las movilizaciones que se llevan a cabo en toda la provincia, se\u00f1alando que las y los trabajadores se pliegan al reclamo de la Salud P\u00fablica, en lo que ser\u00e1 una Jornada de Lucha hist\u00f3rica de las y los provinciales. &#8220;El modelo cordobesista que encabeza Schiaretti ha llegado a su fin: no se puede seguir precarizando y persiguiendo a trabajadores y trabajadoras. Es momento de hacerse cargo y pagar salarios dignos&#8221;, expres\u00f3.<\/p>\n\n\n\n<p>&#8220;Es un ciclo agotado. Se fueron (el ministro Diego) Cardozo por la tragedia del Neonatal y por su gesti\u00f3n de la pandemia, el fascista (ministro de Seguridad Alfonso) Mosquera por el caso Blas Correa y acabamos de descubrir, a partir del homicidio que cometi\u00f3 (ex presidente provisional de la Legislatura) Oscar Gonzalez en Altas Cumbres, lo privilegios de la casta pol\u00edtica. Mientras ellos viven de una manera ostentosa, rica e impune, los trabajadores y trabajadoras ganan 75 mil pesos y deben hacer un esfuerzo enorme para llegar a fin de mes&#8221;, fustig\u00f3 Giuliani.<\/p>\n\n\n\n<p>Y concluy\u00f3: &#8220;en ese contexto esta provincia no es una isla como la quieren mostrar porque tiene los peores \u00edndices de desocupaci\u00f3n, desigualdad, precarizaci\u00f3n laboral y trabajo en negro. Por eso entendemos fundamental que la comunidad educativa que viene a este congreso a C\u00f3rdoba vea que est\u00e1 pasando ac\u00e1&#8221;.<\/p>\n\n\n\n<p> https:\/\/www.instagram.com\/tv\/ClBX8pIhVyo\/?utm_source=ig_web_copy_link<\/p>\n","protected":false},"excerpt":{"rendered":"<p>Esta ma\u00f1ana ATE C\u00f3rdoba llev\u00f3 a cabo una movilizaci\u00f3n en el Complejo Feriar, donde se desarrolla un congreso internacional por los derechos de las infancias y adolescencias, para denunciar la situaci\u00f3n que atraviesa la Secretar\u00eda de Ni\u00f1ez, Adolescencia y Familia (SENAF). La columna de ATE estuvo integrada por trabajadores y trabajadoras del organismo y junto [&hellip;]<\/p>\n","protected":false},"author":7,"featured_media":34628,"comment_status":"open","ping_status":"open","sticky":false,"template":"","format":"standard","meta":{"_exactmetrics_skip_tracking":false,"_exactmetrics_sitenote_active":false,"_exactmetrics_sitenote_note":"","_exactmetrics_sitenote_category":0,"jnews-multi-image_gallery":[],"jnews_single_post":{"subtitle":"\"]Reclamamos pol\u00edticas p\u00fablicas para la ni\u00f1ez, sabiendo que sin recursos humanos no puede haber pol\u00edticas p\u00fablicas\", dijo el secretario General de ATE C\u00f3rdoba, Federico ]Giuliani.","format":"standard","video":"","gallery":"","source_name":"","source_url":"","via_name":"","via_url":"","override_template":"0","override":[{"template":"1","single_blog_custom":"","parallax":"1","fullscreen":"1","layout":"right-sidebar","sidebar":"default-sidebar","second_sidebar":"default-sidebar","sticky_sidebar":"1","share_position":"top","share_float_style":"share-monocrhome","show_share_counter":"1","show_view_counter":"1","show_featured":"1","show_post_meta":"1","show_post_author":"1","show_post_author_image":"1","show_post_date":"1","post_date_format":"default","post_date_format_custom":"Y\/m\/d","show_post_category":"1","show_post_reading_time":"0","post_reading_time_wpm":"300","show_zoom_button":"0","zoom_button_out_step":"2","zoom_button_in_step":"3","show_post_tag":"1","show_prev_next_post":"1","show_popup_post":"1","number_popup_post":"1","show_author_box":"0","show_post_related":"0","show_inline_post_related":"0"}],"override_image_size":"0","image_override":[{"single_post_thumbnail_size":"crop-500","single_post_gallery_size":"crop-500"}],"trending_post":"0","trending_post_position":"meta","trending_post_label":"Trending","sponsored_post":"0","sponsored_post_label":"Sponsored by","sponsored_post_name":"","sponsored_post_url":"","sponsored_post_logo_enable":"0","sponsored_post_logo":"","sponsored_post_desc":"","disable_ad":"0"},"jnews_primary_category":{"id":""},"jnews_social_meta":{"fb_title":"","fb_description":"","fb_image":"","twitter_title":"","twitter_description":"","twitter_image":""},"jnews_review":[],"enable_review":"0","type":"percentage","name":"","summary":"","brand":"","sku":"","good":[{"good_text":""}],"bad":[{"bad_text":""}],"score_override":"","override_value":"","rating":[{"rating_text":"","rating_number":"10"}],"price":[{"shop":"","price":"","link":"","icon":""}],"jnews_override_counter":{"override_view_counter":"0","view_counter_number":"0","override_share_counter":"0","share_counter_number":"0","override_like_counter":"0","like_counter_number":"0","override_dislike_counter":"0","dislike_counter_number":"0"},"jnews_post_split":{"enable_post_split":"0","post_split":[{"template":"1","tag":"h2","numbering":"asc","mode":"normal","first":"0","enable_toc":"0","toc_type":"normal"}]},"footnotes":""},"categories":[341,8],"tags":[],"class_list":["post-34627","post","type-post","status-publish","format-standard","has-post-thumbnail","hentry","category-cdp","category-provinciales"],"jetpack_featured_media_url":"https:\/\/atecordoba.org\/wp-content\/uploads\/2022\/11\/feriar-e1668613009937.jpeg","_links":{"self":[{"href":"https:\/\/atecordoba.org\/index.php?rest_route=\/wp\/v2\/posts\/34627","targetHints":{"allow":["GET"]}}],"collection":[{"href":"https:\/\/atecordoba.org\/index.php?rest_route=\/wp\/v2\/posts"}],"about":[{"href":"https:\/\/atecordoba.org\/index.php?rest_route=\/wp\/v2\/types\/post"}],"author":[{"embeddable":true,"href":"https:\/\/atecordoba.org\/index.php?rest_route=\/wp\/v2\/users\/7"}],"replies":[{"embeddable":true,"href":"https:\/\/atecordoba.org\/index.php?rest_route=%2Fwp%2Fv2%2Fcomments&post=34627"}],"version-history":[{"count":2,"href":"https:\/\/atecordoba.org\/index.php?rest_route=\/wp\/v2\/posts\/34627\/revisions"}],"predecessor-version":[{"id":34688,"href":"https:\/\/atecordoba.org\/index.php?rest_route=\/wp\/v2\/posts\/34627\/revisions\/34688"}],"wp:featuredmedia":[{"embeddable":true,"href":"https:\/\/atecordoba.org\/index.php?rest_route=\/wp\/v2\/media\/34628"}],"wp:attachment":[{"href":"https:\/\/atecordoba.org\/index.php?rest_route=%2Fwp%2Fv2%2Fmedia&parent=34627"}],"wp:term":[{"taxonomy":"category","embeddable":true,"href":"https:\/\/atecordoba.org\/index.php?rest_route=%2Fwp%2Fv2%2Fcategories&post=34627"},{"taxonomy":"post_tag","embeddable":true,"href":"https:\/\/atecordoba.org\/index.php?rest_route=%2Fwp%2Fv2%2Ftags&post=34627"}],"curies":[{"name":"wp","href":"https:\/\/api.w.org\/{rel}","templated":true}]}}