{"id":3462,"date":"2013-10-23T16:20:42","date_gmt":"2013-10-23T19:20:42","guid":{"rendered":"http:\/\/www.atecordoba.org\/?p=3462"},"modified":"2013-10-23T16:20:42","modified_gmt":"2013-10-23T19:20:42","slug":"alerta-y-movilizacion-en-la-subsecretaria-de-agricultura-familiar-de-la-nacion","status":"publish","type":"post","link":"https:\/\/atecordoba.org\/?p=3462","title":{"rendered":"Alerta y movilizaci\u00f3n en la Subsecretar\u00eda de Agricultura Familiar de la Naci\u00f3n"},"content":{"rendered":"<p><em>En un plenario nacional realizado 17 y\u00a018 de octubre\u00a0en Capital Federal, delegados de ATE de la Subsecretaria de Agricultura Familiar de la Naci\u00f3n resolvieron establecer el estado de alerta y movilizaci\u00f3n, iniciando un plan de lucha en reclamo pase a planta permanente de trabajadores precarizados, recategorizaci\u00f3n para igualar las tareas desarrolladas con los salarios correspondientes y en rechazo a la vaciamiento presupuestario del organismo.<\/em><\/p>\n<figure id=\"attachment_3463\" aria-describedby=\"caption-attachment-3463\" style=\"width: 640px\" class=\"wp-caption aligncenter\"><a href=\"http:\/\/www.atecordoba.org\/wp-content\/uploads\/2013\/10\/agricultura-familiar-de-la-nacion.jpg\"><img loading=\"lazy\" decoding=\"async\" class=\" wp-image-3463\" alt=\"agricultura familiar de la nacion\" src=\"http:\/\/www.atecordoba.org\/wp-content\/uploads\/2013\/10\/agricultura-familiar-de-la-nacion.jpg\" width=\"640\" height=\"960\" \/><\/a><figcaption id=\"caption-attachment-3463\" class=\"wp-caption-text\">afiche de la movilizaci\u00f3n de los trabajadores de la Subsecretar\u00eda de Agricultura Familiar de la Naci\u00f3n, realizada a fines de agosto.<\/figcaption><\/figure>\n<p>En una comunicaci\u00f3n emitida en la oportunidad el Plenario declaro que\u00a0en los \u00faltimos meses se ha profundizado el vaciamiento presupuestario que ven\u00edamos denunciando con anterioridad, manifest\u00e1ndose en el cierre y\/o par\u00e1lisis de oficinas, cortes del servicio telef\u00f3nico, falta de art\u00edculos de librer\u00eda e insumos cotidianos para funcionamiento, escasez de veh\u00edculos oficiales en territorio, falta de fondos para combustible y suspensi\u00f3n del alquiler de veh\u00edculos, atraso o no pago de vi\u00e1ticos. Todo esto ha llevado a una dr\u00e1stica reducci\u00f3n de las visitas a las familias rurales discontinuando los procesos socio organizativos y productivos en marcha.<\/p>\n<p>A la fecha no se han cumplido los acuerdos de terminar con los contratos basura, sigue habiendo compa\u00f1eros que deben facturar como monotributistas y no han sido incorporados a\u00a0la Ley Marco\u00a0del Empleo P\u00fablico. No se ha avanzado con la recategorizacion que garantice el principio de \u201ca igual trabajo igual remuneraci\u00f3n\u201d.<\/p>\n<p>Desde hace 2 a\u00f1os existen proyectos para peque\u00f1os productores elaborados y presentados por los equipos t\u00e9cnicos de\u00a0la Subsecretar\u00eda\u00a0de Agricultura Familiar que no han sido financiados y que los propios funcionarios reconocen que ascienden a un monto aproximado a los 170 millones de pesos.<\/p>\n<p>Analizada esta situaci\u00f3n queremos manifestar que la misma es producto\u00a0 de una clara decisi\u00f3n pol\u00edtica que margina no solo a m\u00e1s de los 1300 trabajadores sino a las miles de familias de peque\u00f1os productores y campesinos de todo el pa\u00eds que se ven perjudicados al no acceder a financiamiento y al acompa\u00f1amiento de los equipos t\u00e9cnicos de\u00a0la Subsecretar\u00eda.<\/p>\n<p>Ante esta situaci\u00f3n los trabajadores nos declaramos en estado de alerta y movilizaci\u00f3n reclamando:<\/p>\n<p>1) Pase a Ley marco ya de los casi 50 trabajadores contratados<\/p>\n<p>2) Igual remuneraci\u00f3n por igual tarea: recategorizaci\u00f3n de todos los compa\u00f1eros bajo id\u00e9nticas funciones que el resto<\/p>\n<p>3) Basta de vaciamiento: presupuesto para funcionar y presupuesto para el sector de la agricultura familiar.<\/p>\n<p>&nbsp;<\/p>\n<p>&nbsp;<\/p>\n<p>&nbsp;<\/p>\n","protected":false},"excerpt":{"rendered":"<p>En un plenario nacional realizado 17 y\u00a018 de octubre\u00a0en Capital Federal, delegados de ATE de la Subsecretaria de Agricultura Familiar de la Naci\u00f3n resolvieron establecer el estado de alerta y movilizaci\u00f3n, iniciando un plan de lucha en reclamo pase a planta permanente de trabajadores precarizados, recategorizaci\u00f3n para igualar las tareas desarrolladas con los salarios correspondientes [&hellip;]<\/p>\n","protected":false},"author":1,"featured_media":19220,"comment_status":"open","ping_status":"open","sticky":false,"template":"","format":"standard","meta":{"_exactmetrics_skip_tracking":false,"_exactmetrics_sitenote_active":false,"_exactmetrics_sitenote_note":"","_exactmetrics_sitenote_category":0,"jnews-multi-image_gallery":[],"jnews_single_post":[],"jnews_primary_category":[],"jnews_social_meta":[],"jnews_review":[],"enable_review":"","type":"","name":"","summary":"","brand":"","sku":"","good":[],"bad":[],"score_override":"","override_value":"","rating":[],"price":[],"jnews_override_counter":[],"jnews_post_split":[],"footnotes":""},"categories":[18],"tags":[],"class_list":["post-3462","post","type-post","status-publish","format-standard","has-post-thumbnail","hentry","category-nacionales"],"jetpack_featured_media_url":"https:\/\/atecordoba.org\/wp-content\/uploads\/2020\/05\/logo-nuevochico-e1561581322808.png","_links":{"self":[{"href":"https:\/\/atecordoba.org\/index.php?rest_route=\/wp\/v2\/posts\/3462","targetHints":{"allow":["GET"]}}],"collection":[{"href":"https:\/\/atecordoba.org\/index.php?rest_route=\/wp\/v2\/posts"}],"about":[{"href":"https:\/\/atecordoba.org\/index.php?rest_route=\/wp\/v2\/types\/post"}],"author":[{"embeddable":true,"href":"https:\/\/atecordoba.org\/index.php?rest_route=\/wp\/v2\/users\/1"}],"replies":[{"embeddable":true,"href":"https:\/\/atecordoba.org\/index.php?rest_route=%2Fwp%2Fv2%2Fcomments&post=3462"}],"version-history":[{"count":0,"href":"https:\/\/atecordoba.org\/index.php?rest_route=\/wp\/v2\/posts\/3462\/revisions"}],"wp:featuredmedia":[{"embeddable":true,"href":"https:\/\/atecordoba.org\/index.php?rest_route=\/wp\/v2\/media\/19220"}],"wp:attachment":[{"href":"https:\/\/atecordoba.org\/index.php?rest_route=%2Fwp%2Fv2%2Fmedia&parent=3462"}],"wp:term":[{"taxonomy":"category","embeddable":true,"href":"https:\/\/atecordoba.org\/index.php?rest_route=%2Fwp%2Fv2%2Fcategories&post=3462"},{"taxonomy":"post_tag","embeddable":true,"href":"https:\/\/atecordoba.org\/index.php?rest_route=%2Fwp%2Fv2%2Ftags&post=3462"}],"curies":[{"name":"wp","href":"https:\/\/api.w.org\/{rel}","templated":true}]}}