{"id":34615,"date":"2022-11-16T09:29:08","date_gmt":"2022-11-16T12:29:08","guid":{"rendered":"https:\/\/atecordoba.org\/?p=34615"},"modified":"2022-11-16T09:29:09","modified_gmt":"2022-11-16T12:29:09","slug":"san-francisco-celebro-el-dia-del-municipal","status":"publish","type":"post","link":"https:\/\/atecordoba.org\/?p=34615","title":{"rendered":"San Francisco celebr\u00f3 el D\u00eda del Municipal"},"content":{"rendered":"\n<div class=\"wp-block-image\"><figure class=\"alignleft size-full is-resized\"><img loading=\"lazy\" decoding=\"async\" src=\"https:\/\/atecordoba.org\/wp-content\/uploads\/2022\/11\/tapa.jpg\" alt=\"\" class=\"wp-image-34616\" width=\"320\" height=\"240\" \/><\/figure><\/div>\n\n\n\n<p>Dirigentes del Consejo Directivo Provincial (CDP) de ATE C\u00f3rdoba participaron del Festejo por el D\u00eda del Municipal organizado en San Francisco por la conducci\u00f3n de la Seccional San Justo.<\/p>\n\n\n\n<p>Estuvieron presentes en la celebraci\u00f3n -encabezada por el Secretario General de ATE Seccional San Justo, Dar\u00edo Paredes y la Secretaria Adjunta, Florencia Lucero- los compa\u00f1eros y compa\u00f1eras Secretarios de Comunicaci\u00f3n, Formaci\u00f3n y Finanzas del CDP, Julia Giuliani, C\u00e9sar Theaux y Ricardo Reyna; y el Prosecretario de Finanzas, Diego Ch\u00e1vez.<\/p>\n\n\n\n<p>Tambi\u00e9n asisti\u00f3 el el paritario del Sector Civil Javier Bracamonte, el Secretario General de la CTA Aut\u00f3noma Regional C\u00f3rdoba Capital, Jorge Chalup; y Ariel Magallanes, Secretario de Acci\u00f3n Social de ATE Adelia Mar\u00eda.\u201cAgradecemos y felicitamos al Secretario General de la Seccional de ATE San Justo, Dar\u00edo Paredes y equipo, por la invitaci\u00f3n y por tan hermoso encuentro\u201d, se\u00f1alaron desde el CDP de ATE C\u00f3rdoba.<\/p>\n\n\n\n<figure class=\"wp-block-gallery has-nested-images columns-default is-cropped wp-block-gallery-1 is-layout-flex wp-block-gallery-is-layout-flex\">\n<figure class=\"wp-block-image size-large\"><a href=\"https:\/\/atecordoba.org\/wp-content\/uploads\/2022\/11\/315469654_10160295043414805_9210948208082830822_n-300x225-1.jpg\"><img loading=\"lazy\" decoding=\"async\" width=\"300\" height=\"225\" data-id=\"34617\" src=\"https:\/\/atecordoba.org\/wp-content\/uploads\/2022\/11\/315469654_10160295043414805_9210948208082830822_n-300x225-1.jpg\" alt=\"\" class=\"wp-image-34617\" \/><\/a><\/figure>\n\n\n\n<figure class=\"wp-block-image size-large\"><a href=\"https:\/\/atecordoba.org\/wp-content\/uploads\/2022\/11\/315287937_10160295043399805_1797882920611995161_n.jpg\"><img loading=\"lazy\" decoding=\"async\" width=\"1024\" height=\"768\" data-id=\"34618\" src=\"https:\/\/atecordoba.org\/wp-content\/uploads\/2022\/11\/315287937_10160295043399805_1797882920611995161_n-1024x768.jpg\" alt=\"\" class=\"wp-image-34618\" srcset=\"https:\/\/atecordoba.org\/wp-content\/uploads\/2022\/11\/315287937_10160295043399805_1797882920611995161_n-1024x768.jpg 1024w, https:\/\/atecordoba.org\/wp-content\/uploads\/2022\/11\/315287937_10160295043399805_1797882920611995161_n-300x225.jpg 300w, https:\/\/atecordoba.org\/wp-content\/uploads\/2022\/11\/315287937_10160295043399805_1797882920611995161_n-768x576.jpg 768w, https:\/\/atecordoba.org\/wp-content\/uploads\/2022\/11\/315287937_10160295043399805_1797882920611995161_n-750x563.jpg 750w, https:\/\/atecordoba.org\/wp-content\/uploads\/2022\/11\/315287937_10160295043399805_1797882920611995161_n.jpg 1080w\" sizes=\"auto, (max-width: 1024px) 100vw, 1024px\" \/><\/a><\/figure>\n<\/figure>\n\n\n\n<p><\/p>\n","protected":false},"excerpt":{"rendered":"<p>Dirigentes del Consejo Directivo Provincial (CDP) de ATE C\u00f3rdoba participaron del Festejo por el D\u00eda del Municipal organizado en San Francisco por la conducci\u00f3n de la Seccional San Justo. Estuvieron presentes en la celebraci\u00f3n -encabezada por el Secretario General de ATE Seccional San Justo, Dar\u00edo Paredes y la Secretaria Adjunta, Florencia Lucero- los compa\u00f1eros y [&hellip;]<\/p>\n","protected":false},"author":7,"featured_media":34616,"comment_status":"open","ping_status":"open","sticky":false,"template":"","format":"standard","meta":{"_exactmetrics_skip_tracking":false,"_exactmetrics_sitenote_active":false,"_exactmetrics_sitenote_note":"","_exactmetrics_sitenote_category":0,"jnews-multi-image_gallery":[],"jnews_single_post":{"subtitle":"Buena parte del Consejo Directivo Provincial estuvo presente en el festejo.","format":"standard","video":"","gallery":"","source_name":"","source_url":"","via_name":"","via_url":"","override_template":"0","override":[{"template":"1","single_blog_custom":"","parallax":"1","fullscreen":"1","layout":"right-sidebar","sidebar":"default-sidebar","second_sidebar":"default-sidebar","sticky_sidebar":"1","share_position":"top","share_float_style":"share-monocrhome","show_share_counter":"1","show_view_counter":"1","show_featured":"1","show_post_meta":"1","show_post_author":"1","show_post_author_image":"1","show_post_date":"1","post_date_format":"default","post_date_format_custom":"Y\/m\/d","show_post_category":"1","show_post_reading_time":"0","post_reading_time_wpm":"300","show_zoom_button":"0","zoom_button_out_step":"2","zoom_button_in_step":"3","show_post_tag":"1","show_prev_next_post":"1","show_popup_post":"1","number_popup_post":"1","show_author_box":"0","show_post_related":"0","show_inline_post_related":"0"}],"override_image_size":"0","image_override":[{"single_post_thumbnail_size":"crop-500","single_post_gallery_size":"crop-500"}],"trending_post":"0","trending_post_position":"meta","trending_post_label":"Trending","sponsored_post":"0","sponsored_post_label":"Sponsored by","sponsored_post_name":"","sponsored_post_url":"","sponsored_post_logo_enable":"0","sponsored_post_logo":"","sponsored_post_desc":"","disable_ad":"0"},"jnews_primary_category":{"id":""},"jnews_social_meta":{"fb_title":"","fb_description":"","fb_image":"","twitter_title":"","twitter_description":"","twitter_image":""},"jnews_review":[],"enable_review":"0","type":"percentage","name":"","summary":"","brand":"","sku":"","good":[{"good_text":""}],"bad":[{"bad_text":""}],"score_override":"","override_value":"","rating":[{"rating_text":"","rating_number":"10"}],"price":[{"shop":"","price":"","link":"","icon":""}],"jnews_override_counter":{"override_view_counter":"0","view_counter_number":"0","override_share_counter":"0","share_counter_number":"0","override_like_counter":"0","like_counter_number":"0","override_dislike_counter":"0","dislike_counter_number":"0"},"jnews_post_split":{"enable_post_split":"0","post_split":[{"template":"1","tag":"h2","numbering":"asc","mode":"normal","first":"0","enable_toc":"0","toc_type":"normal"}]},"footnotes":""},"categories":[20,148],"tags":[],"class_list":["post-34615","post","type-post","status-publish","format-standard","has-post-thumbnail","hentry","category-municipales","category-san-justo"],"jetpack_featured_media_url":"https:\/\/atecordoba.org\/wp-content\/uploads\/2022\/11\/tapa.jpg","_links":{"self":[{"href":"https:\/\/atecordoba.org\/index.php?rest_route=\/wp\/v2\/posts\/34615","targetHints":{"allow":["GET"]}}],"collection":[{"href":"https:\/\/atecordoba.org\/index.php?rest_route=\/wp\/v2\/posts"}],"about":[{"href":"https:\/\/atecordoba.org\/index.php?rest_route=\/wp\/v2\/types\/post"}],"author":[{"embeddable":true,"href":"https:\/\/atecordoba.org\/index.php?rest_route=\/wp\/v2\/users\/7"}],"replies":[{"embeddable":true,"href":"https:\/\/atecordoba.org\/index.php?rest_route=%2Fwp%2Fv2%2Fcomments&post=34615"}],"version-history":[{"count":1,"href":"https:\/\/atecordoba.org\/index.php?rest_route=\/wp\/v2\/posts\/34615\/revisions"}],"predecessor-version":[{"id":34619,"href":"https:\/\/atecordoba.org\/index.php?rest_route=\/wp\/v2\/posts\/34615\/revisions\/34619"}],"wp:featuredmedia":[{"embeddable":true,"href":"https:\/\/atecordoba.org\/index.php?rest_route=\/wp\/v2\/media\/34616"}],"wp:attachment":[{"href":"https:\/\/atecordoba.org\/index.php?rest_route=%2Fwp%2Fv2%2Fmedia&parent=34615"}],"wp:term":[{"taxonomy":"category","embeddable":true,"href":"https:\/\/atecordoba.org\/index.php?rest_route=%2Fwp%2Fv2%2Fcategories&post=34615"},{"taxonomy":"post_tag","embeddable":true,"href":"https:\/\/atecordoba.org\/index.php?rest_route=%2Fwp%2Fv2%2Ftags&post=34615"}],"curies":[{"name":"wp","href":"https:\/\/api.w.org\/{rel}","templated":true}]}}