{"id":34600,"date":"2022-11-15T13:49:50","date_gmt":"2022-11-15T16:49:50","guid":{"rendered":"https:\/\/atecordoba.org\/?p=34600"},"modified":"2022-11-15T13:51:01","modified_gmt":"2022-11-15T16:51:01","slug":"mas-asambleas-en-los-hospitales-adelantan-un-paro-contundente-manana","status":"publish","type":"post","link":"https:\/\/atecordoba.org\/?p=34600","title":{"rendered":"M\u00e1s asambleas en los hospitales adelantan para ma\u00f1ana un paro contundente en la provincia"},"content":{"rendered":"\n<div class=\"wp-block-image\"><figure class=\"aligncenter size-full is-resized\"><img loading=\"lazy\" decoding=\"async\" src=\"https:\/\/atecordoba.org\/wp-content\/uploads\/2022\/11\/casa-joven-neuro2.jpg\" alt=\"\" class=\"wp-image-34602\" width=\"720\" height=\"405\" srcset=\"https:\/\/atecordoba.org\/wp-content\/uploads\/2022\/11\/casa-joven-neuro2.jpg 960w, https:\/\/atecordoba.org\/wp-content\/uploads\/2022\/11\/casa-joven-neuro2-300x169.jpg 300w, https:\/\/atecordoba.org\/wp-content\/uploads\/2022\/11\/casa-joven-neuro2-768x432.jpg 768w, https:\/\/atecordoba.org\/wp-content\/uploads\/2022\/11\/casa-joven-neuro2-750x422.jpg 750w\" sizes=\"auto, (max-width: 720px) 100vw, 720px\" \/><\/figure><\/div>\n\n\n\n<p>Tanto el Hospital Misericordia, como el Hospital Neuropsiqui\u00e1trico y la Casa del Joven realizaron hoy sendas asambleas que ratificaron el paro dispuesto por ATE C\u00f3rdoba para ma\u00f1ana, por 24 horas, en la provincia.<\/p>\n\n\n\n<p>As\u00ed, continu\u00f3 la seguidilla de asambleas<a href=\"https:\/\/atecordoba.org\/?p=34567\"> que se realizaron ayer<\/a>, fijando el rechazo a la pauta salarial que ofreci\u00f3 el gobierno de Schiaretti del 28% en tres cuotas.<\/p>\n\n\n\n<p>Las y los trabajadores reclaman un b\u00e1sico salarial de 128 mil pesos, en l\u00ednea con el costo de la canasta familiar fijada por INDEC en noviembre y exigieron que cualquier aumento de haberes se realice en blanco para que impacte en los sueldos de las y los jubilados provinciales.<\/p>\n\n\n\n<p>Al mismo tiempo, repudiaron el vaciamiento de personal que sufre el sistema sanitario, que se viene dando por goteo desde la pandemia y que tuvo su pico m\u00e1ximo la semana pasada cuando renunciaron 17 m\u00e9dicos y profesionales del Nuevo Hospital de de R\u00edo Cuarto.<\/p>\n\n\n\n<div class=\"wp-block-image\"><figure class=\"aligncenter size-full is-resized\"><img loading=\"lazy\" decoding=\"async\" src=\"https:\/\/atecordoba.org\/wp-content\/uploads\/2022\/11\/casa-joven-neuro.jpg\" alt=\"\" class=\"wp-image-34601\" width=\"720\" height=\"405\" srcset=\"https:\/\/atecordoba.org\/wp-content\/uploads\/2022\/11\/casa-joven-neuro.jpg 960w, https:\/\/atecordoba.org\/wp-content\/uploads\/2022\/11\/casa-joven-neuro-300x169.jpg 300w, https:\/\/atecordoba.org\/wp-content\/uploads\/2022\/11\/casa-joven-neuro-768x432.jpg 768w, https:\/\/atecordoba.org\/wp-content\/uploads\/2022\/11\/casa-joven-neuro-750x422.jpg 750w\" sizes=\"auto, (max-width: 720px) 100vw, 720px\" \/><\/figure><\/div>\n\n\n\n<p><\/p>\n\n\n\n<p><\/p>\n","protected":false},"excerpt":{"rendered":"<p>Tanto el Hospital Misericordia, como el Hospital Neuropsiqui\u00e1trico y la Casa del Joven realizaron hoy sendas asambleas que ratificaron el paro dispuesto por ATE C\u00f3rdoba para ma\u00f1ana, por 24 horas, en la provincia. As\u00ed, continu\u00f3 la seguidilla de asambleas que se realizaron ayer, fijando el rechazo a la pauta salarial que ofreci\u00f3 el gobierno de [&hellip;]<\/p>\n","protected":false},"author":7,"featured_media":34603,"comment_status":"open","ping_status":"open","sticky":false,"template":"","format":"standard","meta":{"_exactmetrics_skip_tracking":false,"_exactmetrics_sitenote_active":false,"_exactmetrics_sitenote_note":"","_exactmetrics_sitenote_category":0,"jnews-multi-image_gallery":[],"jnews_single_post":{"subtitle":"Las y los trabajadores reclaman un b\u00e1sico salarial de 128 mil pesos, en l\u00ednea con el costo de la canasta familiar fijada por INDEC en noviembre y exigieron que cualquier aumento de haberes se realice en blanco para que impacte en los sueldos de las y los jubilados provinciales.","format":"standard","video":"","gallery":"","source_name":"","source_url":"","via_name":"","via_url":"","override_template":"0","override":[{"template":"1","single_blog_custom":"","parallax":"1","fullscreen":"1","layout":"right-sidebar","sidebar":"default-sidebar","second_sidebar":"default-sidebar","sticky_sidebar":"1","share_position":"top","share_float_style":"share-monocrhome","show_share_counter":"1","show_view_counter":"1","show_featured":"1","show_post_meta":"1","show_post_author":"1","show_post_author_image":"1","show_post_date":"1","post_date_format":"default","post_date_format_custom":"Y\/m\/d","show_post_category":"1","show_post_reading_time":"0","post_reading_time_wpm":"300","show_zoom_button":"0","zoom_button_out_step":"2","zoom_button_in_step":"3","show_post_tag":"1","show_prev_next_post":"1","show_popup_post":"1","number_popup_post":"1","show_author_box":"0","show_post_related":"0","show_inline_post_related":"0"}],"override_image_size":"0","image_override":[{"single_post_thumbnail_size":"crop-500","single_post_gallery_size":"crop-500"}],"trending_post":"0","trending_post_position":"meta","trending_post_label":"Trending","sponsored_post":"0","sponsored_post_label":"Sponsored by","sponsored_post_name":"","sponsored_post_url":"","sponsored_post_logo_enable":"0","sponsored_post_logo":"","sponsored_post_desc":"","disable_ad":"0"},"jnews_primary_category":{"id":""},"jnews_social_meta":{"fb_title":"","fb_description":"","fb_image":"","twitter_title":"","twitter_description":"","twitter_image":""},"jnews_review":[],"enable_review":"0","type":"percentage","name":"","summary":"","brand":"","sku":"","good":[{"good_text":""}],"bad":[{"bad_text":""}],"score_override":"","override_value":"","rating":[{"rating_text":"","rating_number":"10"}],"price":[{"shop":"","price":"","link":"","icon":""}],"jnews_override_counter":{"override_view_counter":"0","view_counter_number":"0","override_share_counter":"0","share_counter_number":"0","override_like_counter":"0","like_counter_number":"0","override_dislike_counter":"0","dislike_counter_number":"0"},"jnews_post_split":{"enable_post_split":"0","post_split":[{"template":"1","tag":"h2","numbering":"asc","mode":"normal","first":"0","enable_toc":"0","toc_type":"normal"}]},"footnotes":""},"categories":[8],"tags":[658,1271],"class_list":["post-34600","post","type-post","status-publish","format-standard","has-post-thumbnail","hentry","category-provinciales","tag-salud-publica","tag-salud-publica-cordoba"],"jetpack_featured_media_url":"https:\/\/atecordoba.org\/wp-content\/uploads\/2022\/11\/casa-e1668530985211.jpg","_links":{"self":[{"href":"https:\/\/atecordoba.org\/index.php?rest_route=\/wp\/v2\/posts\/34600","targetHints":{"allow":["GET"]}}],"collection":[{"href":"https:\/\/atecordoba.org\/index.php?rest_route=\/wp\/v2\/posts"}],"about":[{"href":"https:\/\/atecordoba.org\/index.php?rest_route=\/wp\/v2\/types\/post"}],"author":[{"embeddable":true,"href":"https:\/\/atecordoba.org\/index.php?rest_route=\/wp\/v2\/users\/7"}],"replies":[{"embeddable":true,"href":"https:\/\/atecordoba.org\/index.php?rest_route=%2Fwp%2Fv2%2Fcomments&post=34600"}],"version-history":[{"count":2,"href":"https:\/\/atecordoba.org\/index.php?rest_route=\/wp\/v2\/posts\/34600\/revisions"}],"predecessor-version":[{"id":34606,"href":"https:\/\/atecordoba.org\/index.php?rest_route=\/wp\/v2\/posts\/34600\/revisions\/34606"}],"wp:featuredmedia":[{"embeddable":true,"href":"https:\/\/atecordoba.org\/index.php?rest_route=\/wp\/v2\/media\/34603"}],"wp:attachment":[{"href":"https:\/\/atecordoba.org\/index.php?rest_route=%2Fwp%2Fv2%2Fmedia&parent=34600"}],"wp:term":[{"taxonomy":"category","embeddable":true,"href":"https:\/\/atecordoba.org\/index.php?rest_route=%2Fwp%2Fv2%2Fcategories&post=34600"},{"taxonomy":"post_tag","embeddable":true,"href":"https:\/\/atecordoba.org\/index.php?rest_route=%2Fwp%2Fv2%2Ftags&post=34600"}],"curies":[{"name":"wp","href":"https:\/\/api.w.org\/{rel}","templated":true}]}}