{"id":3460,"date":"2013-10-22T17:54:30","date_gmt":"2013-10-22T20:54:30","guid":{"rendered":"http:\/\/www.atecordoba.org\/?p=3460"},"modified":"2013-10-22T17:54:30","modified_gmt":"2013-10-22T20:54:30","slug":"paro-en-los-hospitales-provinciales-por-24-horas","status":"publish","type":"post","link":"https:\/\/atecordoba.org\/?p=3460","title":{"rendered":"Paro en los hospitales provinciales por 24 horas"},"content":{"rendered":"<div><em>En el marco del plan de lucha que vienen desarrollando los trabajadores del sistema sanitario p\u00fablico provincial, ATE realizar\u00e1 un paro de actividades por 24 horas, a partir de las 0 hs. del\u00a0pr\u00f3ximo\u00a0jueves\u00a024 octubre.<\/em><\/div>\n<div><a href=\"http:\/\/www.atecordoba.org\/wp-content\/uploads\/2013\/10\/DSC03637-e1382039675522.jpg\"><img loading=\"lazy\" decoding=\"async\" class=\"aligncenter size-full wp-image-3432\" alt=\"DSC03637\" src=\"http:\/\/www.atecordoba.org\/wp-content\/uploads\/2013\/10\/DSC03637-e1382039675522.jpg\" width=\"300\" height=\"225\" \/><\/a><\/div>\n<div>La medida de fuerza se realizar\u00e1 con concurrencia a los lugares de trabajo y abandono a las 9 de la\u00a0ma\u00f1ana, para concentrar a las 10 horas en Plaza San Mart\u00edn. En la oportunidad se realizar\u00e1, frente a la Catedral, una asamblea general de trabajadores para resolver los pasos a seguir de mantenerse la actitud inflexible del gobierno provincial a los reclamos de la comunidad hospitalaria.<\/div>\n<div><\/div>\n<div>Motiva el paro la falta de respuestas a los reclamos que viene gener\u00e1ndose desde las asambleas en los distintos hospitales, como: recomposici\u00f3n salarial para alcanzar el nivel de la canasta familiar, pase a planta permanente del personal precarizado (monotributos, contratos, etc.), urgente reparaci\u00f3n y mantenimiento de la aparatolog\u00eda hospitalaria actualmente fuera de uso, insumos, ropa de trabajo, etc.<\/div>\n<div><\/div>\n<div>La huelga fue resuelta\u00a0hoy\u00a0en un plenario de delegados de ATE, que se desarroll\u00f3 al mediod\u00eda en el Hospital de Ni\u00f1os, con participaci\u00f3n de compa\u00f1eros representantes de los hospitales: Transito C\u00e1ceres de Allende, Misericordia, de Ni\u00f1os, Rawson, San Roque Nuevo, C\u00f3rdoba y el Santa\u00a0Mar\u00eda de Punilla, m\u00e1s los centros asistenciales IPAD y Casa del Joven. En tanto la Maternidad provincial hizo llegar su adhesi\u00f3n org\u00e1nica a la resoluci\u00f3n de la asamblea.\u00a0Tambi\u00e9n participaron algunos representantes de M\u00e9dicos Unidos y de UTS.<\/div>\n<div><\/div>\n<div>Tal como sucedi\u00f3 durante el paro de la semana pasada, estar\u00e1n garantizadas las guardias m\u00ednimas para atender urgencias.<\/div>\n<div><\/div>\n<div style=\"text-align: right;\">Mar\u00eda Teresa Romero<\/div>\n<div style=\"text-align: right;\">secretaria General<\/div>\n<div style=\"text-align: right;\">ATE C\u00f3rdoba<\/div>\n<p>&nbsp;<\/p>\n","protected":false},"excerpt":{"rendered":"<p>En el marco del plan de lucha que vienen desarrollando los trabajadores del sistema sanitario p\u00fablico provincial, ATE realizar\u00e1 un paro de actividades por 24 horas, a partir de las 0 hs. del\u00a0pr\u00f3ximo\u00a0jueves\u00a024 octubre. La medida de fuerza se realizar\u00e1 con concurrencia a los lugares de trabajo y abandono a las 9 de la\u00a0ma\u00f1ana, para [&hellip;]<\/p>\n","protected":false},"author":1,"featured_media":19220,"comment_status":"open","ping_status":"open","sticky":false,"template":"","format":"standard","meta":{"_exactmetrics_skip_tracking":false,"_exactmetrics_sitenote_active":false,"_exactmetrics_sitenote_note":"","_exactmetrics_sitenote_category":0,"jnews-multi-image_gallery":[],"jnews_single_post":[],"jnews_primary_category":[],"jnews_social_meta":[],"jnews_review":[],"enable_review":"","type":"","name":"","summary":"","brand":"","sku":"","good":[],"bad":[],"score_override":"","override_value":"","rating":[],"price":[],"jnews_override_counter":[],"jnews_post_split":[],"footnotes":""},"categories":[53,7,8],"tags":[],"class_list":["post-3460","post","type-post","status-publish","format-standard","has-post-thumbnail","hentry","category-comunicados-de-prensa","category-hospitales","category-provinciales"],"jetpack_featured_media_url":"https:\/\/atecordoba.org\/wp-content\/uploads\/2020\/05\/logo-nuevochico-e1561581322808.png","_links":{"self":[{"href":"https:\/\/atecordoba.org\/index.php?rest_route=\/wp\/v2\/posts\/3460","targetHints":{"allow":["GET"]}}],"collection":[{"href":"https:\/\/atecordoba.org\/index.php?rest_route=\/wp\/v2\/posts"}],"about":[{"href":"https:\/\/atecordoba.org\/index.php?rest_route=\/wp\/v2\/types\/post"}],"author":[{"embeddable":true,"href":"https:\/\/atecordoba.org\/index.php?rest_route=\/wp\/v2\/users\/1"}],"replies":[{"embeddable":true,"href":"https:\/\/atecordoba.org\/index.php?rest_route=%2Fwp%2Fv2%2Fcomments&post=3460"}],"version-history":[{"count":0,"href":"https:\/\/atecordoba.org\/index.php?rest_route=\/wp\/v2\/posts\/3460\/revisions"}],"wp:featuredmedia":[{"embeddable":true,"href":"https:\/\/atecordoba.org\/index.php?rest_route=\/wp\/v2\/media\/19220"}],"wp:attachment":[{"href":"https:\/\/atecordoba.org\/index.php?rest_route=%2Fwp%2Fv2%2Fmedia&parent=3460"}],"wp:term":[{"taxonomy":"category","embeddable":true,"href":"https:\/\/atecordoba.org\/index.php?rest_route=%2Fwp%2Fv2%2Fcategories&post=3460"},{"taxonomy":"post_tag","embeddable":true,"href":"https:\/\/atecordoba.org\/index.php?rest_route=%2Fwp%2Fv2%2Ftags&post=3460"}],"curies":[{"name":"wp","href":"https:\/\/api.w.org\/{rel}","templated":true}]}}