{"id":34567,"date":"2022-11-14T13:44:46","date_gmt":"2022-11-14T16:44:46","guid":{"rendered":"https:\/\/atecordoba.org\/?p=34567"},"modified":"2022-11-14T14:53:35","modified_gmt":"2022-11-14T17:53:35","slug":"hospitales-asambleas-ratifican-paro-del-miercoles-16-con-movilizaciones-en-toda-la-provincia","status":"publish","type":"post","link":"https:\/\/atecordoba.org\/?p=34567","title":{"rendered":"Hospitales: asambleas ratifican paro del mi\u00e9rcoles 16 con movilizaciones en toda la provincia"},"content":{"rendered":"\n<div class=\"wp-block-image\"><figure class=\"aligncenter size-full is-resized\"><img loading=\"lazy\" decoding=\"async\" src=\"https:\/\/atecordoba.org\/wp-content\/uploads\/2022\/11\/14-11-Asamblea-Hospital-Jose-Ceballos-Bell-Ville.jpg\" alt=\"\" class=\"wp-image-34568\" width=\"720\" height=\"405\" srcset=\"https:\/\/atecordoba.org\/wp-content\/uploads\/2022\/11\/14-11-Asamblea-Hospital-Jose-Ceballos-Bell-Ville.jpg 960w, https:\/\/atecordoba.org\/wp-content\/uploads\/2022\/11\/14-11-Asamblea-Hospital-Jose-Ceballos-Bell-Ville-300x169.jpg 300w, https:\/\/atecordoba.org\/wp-content\/uploads\/2022\/11\/14-11-Asamblea-Hospital-Jose-Ceballos-Bell-Ville-768x432.jpg 768w, https:\/\/atecordoba.org\/wp-content\/uploads\/2022\/11\/14-11-Asamblea-Hospital-Jose-Ceballos-Bell-Ville-750x422.jpg 750w\" sizes=\"auto, (max-width: 720px) 100vw, 720px\" \/><figcaption>Asamblea en el Hospital Regional de Bell ville.<\/figcaption><\/figure><\/div>\n\n\n\n<p>El plan de lucha de las y los trabajadores de la salud provincial se ratific\u00f3 hoy tras realizarse asambleas en diversos hospital de C\u00f3rdoba Capital y en distintos puntos del interior provincial, confirmando el paro total de actividades dispuesto por ATE el pr\u00f3ximo para el mi\u00e9rcoles 16 de noviembre. <\/p>\n\n\n\n<p>As\u00ed, la Maternidad Provincial, el Hospital de Ni\u00f1os, el Misericordia, el C\u00f3rdoba, el San Roque Viejo y el Pedi\u00e1trico, junto a el Domingo Funes de Santa Mar\u00eda de Punilla, el Nuevo Hospital San Antonio de Padua R\u00edo Cuarto, el Jos\u00e9 Ceballos de Bell Ville, el Iturraspe de San Francisco, el Vicente Ag\u00fcero de Jes\u00fas Mar\u00eda, el Aurelio Crespo de Cruz del Eje, el Romagosa de Dean Funes, y los hospitales Villa Dolores y Mina Clavero de Traslasierra, definieron hacer abandono de tareas por la ma\u00f1ana del mi\u00e9rcoles 16, en reclamo de aumento salarial y fije un b\u00e1sico igual a la canasta familiar de 128 mil pesos que calcula INDEC.<\/p>\n\n\n\n<figure class=\"wp-block-gallery has-nested-images columns-default is-cropped wp-block-gallery-1 is-layout-flex wp-block-gallery-is-layout-flex\">\n<figure class=\"wp-block-image size-large\"><img loading=\"lazy\" decoding=\"async\" width=\"960\" height=\"540\" data-id=\"34569\" src=\"https:\/\/atecordoba.org\/wp-content\/uploads\/2022\/11\/14-11-Asamblea-Hospital-Misericordia.jpg\" alt=\"\" class=\"wp-image-34569\" srcset=\"https:\/\/atecordoba.org\/wp-content\/uploads\/2022\/11\/14-11-Asamblea-Hospital-Misericordia.jpg 960w, https:\/\/atecordoba.org\/wp-content\/uploads\/2022\/11\/14-11-Asamblea-Hospital-Misericordia-300x169.jpg 300w, https:\/\/atecordoba.org\/wp-content\/uploads\/2022\/11\/14-11-Asamblea-Hospital-Misericordia-768x432.jpg 768w, https:\/\/atecordoba.org\/wp-content\/uploads\/2022\/11\/14-11-Asamblea-Hospital-Misericordia-750x422.jpg 750w\" sizes=\"auto, (max-width: 960px) 100vw, 960px\" \/><figcaption>Hospital Misericordia<\/figcaption><\/figure>\n\n\n\n<figure class=\"wp-block-image size-large\"><img loading=\"lazy\" decoding=\"async\" width=\"539\" height=\"303\" data-id=\"34570\" src=\"https:\/\/atecordoba.org\/wp-content\/uploads\/2022\/11\/14-11-Asamblea-Hospital-Cordoba.jpg\" alt=\"\" class=\"wp-image-34570\" srcset=\"https:\/\/atecordoba.org\/wp-content\/uploads\/2022\/11\/14-11-Asamblea-Hospital-Cordoba.jpg 539w, https:\/\/atecordoba.org\/wp-content\/uploads\/2022\/11\/14-11-Asamblea-Hospital-Cordoba-300x169.jpg 300w\" sizes=\"auto, (max-width: 539px) 100vw, 539px\" \/><figcaption>Hospital C\u00f3rdoba<\/figcaption><\/figure>\n\n\n\n<figure class=\"wp-block-image size-large\"><img loading=\"lazy\" decoding=\"async\" width=\"960\" height=\"540\" data-id=\"34571\" src=\"https:\/\/atecordoba.org\/wp-content\/uploads\/2022\/11\/14-11-Asamblea-Hospital-Domingo-Funes-Santa-Maria-Punilla.jpg\" alt=\"\" class=\"wp-image-34571\" srcset=\"https:\/\/atecordoba.org\/wp-content\/uploads\/2022\/11\/14-11-Asamblea-Hospital-Domingo-Funes-Santa-Maria-Punilla.jpg 960w, https:\/\/atecordoba.org\/wp-content\/uploads\/2022\/11\/14-11-Asamblea-Hospital-Domingo-Funes-Santa-Maria-Punilla-300x169.jpg 300w, https:\/\/atecordoba.org\/wp-content\/uploads\/2022\/11\/14-11-Asamblea-Hospital-Domingo-Funes-Santa-Maria-Punilla-768x432.jpg 768w, https:\/\/atecordoba.org\/wp-content\/uploads\/2022\/11\/14-11-Asamblea-Hospital-Domingo-Funes-Santa-Maria-Punilla-750x422.jpg 750w\" sizes=\"auto, (max-width: 960px) 100vw, 960px\" \/><figcaption>Hospital Dena Funes<\/figcaption><\/figure>\n<\/figure>\n\n\n\n<p>En esa l\u00ednea, rechazaron la oferta oficial de una recomposici\u00f3n de fin de a\u00f1o del 28% en tres cuotas y exigieron que cualquier aumento de haberes se realice en blanco para que impacte en los sueldos de las y los jubilados provinciales. <\/p>\n\n\n\n<p>En tanto los hospitales Misericordia y De Ni\u00f1os, plantearon que los b\u00e1sicos se iguales a la escala salarial de la Municipalidad de C\u00f3rdoba. En conjunto, repudiaron el vaciamiento de personal que sufre el sistema sanitario, que se viene dando por goteo desde la pandemia y que tuvo su pico m\u00e1ximo la semana pasada cuando renunciaron 17 m\u00e9dicos y profesionales del Nuevo Hospital de de R\u00edo Cuarto. <\/p>\n\n\n\n<p>Adem\u00e1s, anunciaron que se repetir\u00e1n las asambleas hoy por la tarde y ma\u00f1ana en todos los turnos, calentando motores en la previa del mi\u00e9rcoles. <\/p>\n\n\n\n<p>&#8220;Hay que negociar de forma colectiva y no sectorial o individual porque esa es la estrategia del gobierno para desinflar el conflicto. Somos el equipo de salud hospitalaria provinicial y estamos todos juntos. Vamos tambi\u00e9n por la unificaci\u00f3n de las Leyes 7233 y 7625.Basta de precarizados, monotributistas, becarios, contratados y por el pase a planta permanente de todes les compa\u00f1eres trabajadores de Salud&#8221;, explico a modo de resumen el delegado de ATE en el San Roque Viejo, Osvaldo Reynaldo.<\/p>\n\n\n\n<figure class=\"wp-block-gallery has-nested-images columns-default is-cropped wp-block-gallery-2 is-layout-flex wp-block-gallery-is-layout-flex\">\n<figure class=\"wp-block-image size-large\"><img loading=\"lazy\" decoding=\"async\" width=\"960\" height=\"540\" data-id=\"34573\" src=\"https:\/\/atecordoba.org\/wp-content\/uploads\/2022\/11\/14-11-Asamblea-Nuevo-Hospital-San-Antonio-de-Padua-Rio-Cuarto.jpg\" alt=\"\" class=\"wp-image-34573\" srcset=\"https:\/\/atecordoba.org\/wp-content\/uploads\/2022\/11\/14-11-Asamblea-Nuevo-Hospital-San-Antonio-de-Padua-Rio-Cuarto.jpg 960w, https:\/\/atecordoba.org\/wp-content\/uploads\/2022\/11\/14-11-Asamblea-Nuevo-Hospital-San-Antonio-de-Padua-Rio-Cuarto-300x169.jpg 300w, https:\/\/atecordoba.org\/wp-content\/uploads\/2022\/11\/14-11-Asamblea-Nuevo-Hospital-San-Antonio-de-Padua-Rio-Cuarto-768x432.jpg 768w, https:\/\/atecordoba.org\/wp-content\/uploads\/2022\/11\/14-11-Asamblea-Nuevo-Hospital-San-Antonio-de-Padua-Rio-Cuarto-750x422.jpg 750w\" sizes=\"auto, (max-width: 960px) 100vw, 960px\" \/><figcaption>Hospital R\u00edo Cuarto<\/figcaption><\/figure>\n\n\n\n<figure class=\"wp-block-image size-large\"><img loading=\"lazy\" decoding=\"async\" width=\"960\" height=\"540\" data-id=\"34574\" src=\"https:\/\/atecordoba.org\/wp-content\/uploads\/2022\/11\/14-11-Asamblea-Hospital-Villa-Dolores-2.jpg\" alt=\"\" class=\"wp-image-34574\" srcset=\"https:\/\/atecordoba.org\/wp-content\/uploads\/2022\/11\/14-11-Asamblea-Hospital-Villa-Dolores-2.jpg 960w, https:\/\/atecordoba.org\/wp-content\/uploads\/2022\/11\/14-11-Asamblea-Hospital-Villa-Dolores-2-300x169.jpg 300w, https:\/\/atecordoba.org\/wp-content\/uploads\/2022\/11\/14-11-Asamblea-Hospital-Villa-Dolores-2-768x432.jpg 768w, https:\/\/atecordoba.org\/wp-content\/uploads\/2022\/11\/14-11-Asamblea-Hospital-Villa-Dolores-2-750x422.jpg 750w\" sizes=\"auto, (max-width: 960px) 100vw, 960px\" \/><figcaption>Hospital Villa Dolores<\/figcaption><\/figure>\n\n\n\n<figure class=\"wp-block-image size-large\"><img loading=\"lazy\" decoding=\"async\" width=\"960\" height=\"540\" data-id=\"34572\" src=\"https:\/\/atecordoba.org\/wp-content\/uploads\/2022\/11\/14-11-Asamblea-Maternidad-Provincial.jpg\" alt=\"\" class=\"wp-image-34572\" srcset=\"https:\/\/atecordoba.org\/wp-content\/uploads\/2022\/11\/14-11-Asamblea-Maternidad-Provincial.jpg 960w, https:\/\/atecordoba.org\/wp-content\/uploads\/2022\/11\/14-11-Asamblea-Maternidad-Provincial-300x169.jpg 300w, https:\/\/atecordoba.org\/wp-content\/uploads\/2022\/11\/14-11-Asamblea-Maternidad-Provincial-768x432.jpg 768w, https:\/\/atecordoba.org\/wp-content\/uploads\/2022\/11\/14-11-Asamblea-Maternidad-Provincial-750x422.jpg 750w\" sizes=\"auto, (max-width: 960px) 100vw, 960px\" \/><figcaption>Hospital Pedi\u00e1trico<\/figcaption><\/figure>\n<\/figure>\n\n\n\n<p>&#8220;Desde ATE rechazamos por insuficiente la propuesta del gobierno de Schiaretti. Ese evidente que la gesti\u00f3n no tiene m\u00ednima reacci\u00f3n, renuncian los profesionales por los bajos sueldos y parece que no es motivo para la ministra Barbas de hacer una propuesta seria. El cordobesismo est\u00e1 mostrando que no tiene respuestas a las demandas ciudadanas. Las y los trabajadores vamos a sostener este plan de lucha porque con este nivel salarial las familias no pueden cubrir sus gastos&#8221;, dijo Federico Giuliani, secretario General de ATE C\u00f3rdoba. <\/p>\n\n\n\n<figure class=\"wp-block-gallery has-nested-images columns-default is-cropped wp-block-gallery-3 is-layout-flex wp-block-gallery-is-layout-flex\">\n<figure class=\"wp-block-image size-large\"><img loading=\"lazy\" decoding=\"async\" width=\"720\" height=\"540\" data-id=\"34576\" src=\"https:\/\/atecordoba.org\/wp-content\/uploads\/2022\/11\/IMG_20221114_125949_867.webp\" alt=\"\" class=\"wp-image-34576\" srcset=\"https:\/\/atecordoba.org\/wp-content\/uploads\/2022\/11\/IMG_20221114_125949_867.webp 720w, https:\/\/atecordoba.org\/wp-content\/uploads\/2022\/11\/IMG_20221114_125949_867-300x225.webp 300w\" sizes=\"auto, (max-width: 720px) 100vw, 720px\" \/><figcaption>Hospital Cruz del Eje<\/figcaption><\/figure>\n\n\n\n<figure class=\"wp-block-image size-large\"><img loading=\"lazy\" decoding=\"async\" width=\"1024\" height=\"768\" data-id=\"34577\" src=\"https:\/\/atecordoba.org\/wp-content\/uploads\/2022\/11\/IMG_20221114_125950_007-1024x768.webp\" alt=\"\" class=\"wp-image-34577\" srcset=\"https:\/\/atecordoba.org\/wp-content\/uploads\/2022\/11\/IMG_20221114_125950_007-1024x768.webp 1024w, https:\/\/atecordoba.org\/wp-content\/uploads\/2022\/11\/IMG_20221114_125950_007-300x225.webp 300w, https:\/\/atecordoba.org\/wp-content\/uploads\/2022\/11\/IMG_20221114_125950_007-768x576.webp 768w, https:\/\/atecordoba.org\/wp-content\/uploads\/2022\/11\/IMG_20221114_125950_007-750x563.webp 750w, https:\/\/atecordoba.org\/wp-content\/uploads\/2022\/11\/IMG_20221114_125950_007.webp 1080w\" sizes=\"auto, (max-width: 1024px) 100vw, 1024px\" \/><figcaption>Hospital De Ni\u00f1os<\/figcaption><\/figure>\n\n\n\n<figure class=\"wp-block-image size-large\"><img loading=\"lazy\" decoding=\"async\" width=\"534\" height=\"400\" data-id=\"34575\" src=\"https:\/\/atecordoba.org\/wp-content\/uploads\/2022\/11\/IMG_20221114_125949_925.webp\" alt=\"\" class=\"wp-image-34575\" srcset=\"https:\/\/atecordoba.org\/wp-content\/uploads\/2022\/11\/IMG_20221114_125949_925.webp 534w, https:\/\/atecordoba.org\/wp-content\/uploads\/2022\/11\/IMG_20221114_125949_925-300x225.webp 300w\" sizes=\"auto, (max-width: 534px) 100vw, 534px\" \/><figcaption>Hospital Villa Dolores<\/figcaption><\/figure>\n\n\n\n<figure class=\"wp-block-image size-large\"><img loading=\"lazy\" decoding=\"async\" width=\"1024\" height=\"576\" data-id=\"34590\" src=\"https:\/\/atecordoba.org\/wp-content\/uploads\/2022\/11\/IMG-20221114-WA0212-1024x576.jpg\" alt=\"\" class=\"wp-image-34590\" srcset=\"https:\/\/atecordoba.org\/wp-content\/uploads\/2022\/11\/IMG-20221114-WA0212-1024x576.jpg 1024w, https:\/\/atecordoba.org\/wp-content\/uploads\/2022\/11\/IMG-20221114-WA0212-300x169.jpg 300w, https:\/\/atecordoba.org\/wp-content\/uploads\/2022\/11\/IMG-20221114-WA0212-768x432.jpg 768w, https:\/\/atecordoba.org\/wp-content\/uploads\/2022\/11\/IMG-20221114-WA0212-750x422.jpg 750w, https:\/\/atecordoba.org\/wp-content\/uploads\/2022\/11\/IMG-20221114-WA0212-1140x641.jpg 1140w, https:\/\/atecordoba.org\/wp-content\/uploads\/2022\/11\/IMG-20221114-WA0212.jpg 1280w\" sizes=\"auto, (max-width: 1024px) 100vw, 1024px\" \/><figcaption>Hospital San Roque Viejo<\/figcaption><\/figure>\n\n\n\n<figure class=\"wp-block-image size-large\"><img loading=\"lazy\" decoding=\"async\" width=\"1024\" height=\"1024\" data-id=\"34589\" src=\"https:\/\/atecordoba.org\/wp-content\/uploads\/2022\/11\/IMG-20221114-WA0198-1024x1024.jpg\" alt=\"\" class=\"wp-image-34589\" srcset=\"https:\/\/atecordoba.org\/wp-content\/uploads\/2022\/11\/IMG-20221114-WA0198-1024x1024.jpg 1024w, https:\/\/atecordoba.org\/wp-content\/uploads\/2022\/11\/IMG-20221114-WA0198-300x300.jpg 300w, https:\/\/atecordoba.org\/wp-content\/uploads\/2022\/11\/IMG-20221114-WA0198-150x150.jpg 150w, https:\/\/atecordoba.org\/wp-content\/uploads\/2022\/11\/IMG-20221114-WA0198-768x768.jpg 768w, https:\/\/atecordoba.org\/wp-content\/uploads\/2022\/11\/IMG-20221114-WA0198-560x560.jpg 560w, https:\/\/atecordoba.org\/wp-content\/uploads\/2022\/11\/IMG-20221114-WA0198-75x75.jpg 75w, https:\/\/atecordoba.org\/wp-content\/uploads\/2022\/11\/IMG-20221114-WA0198-350x350.jpg 350w, https:\/\/atecordoba.org\/wp-content\/uploads\/2022\/11\/IMG-20221114-WA0198-750x750.jpg 750w, https:\/\/atecordoba.org\/wp-content\/uploads\/2022\/11\/IMG-20221114-WA0198-1140x1140.jpg 1140w, https:\/\/atecordoba.org\/wp-content\/uploads\/2022\/11\/IMG-20221114-WA0198.jpg 1496w\" sizes=\"auto, (max-width: 1024px) 100vw, 1024px\" \/><figcaption>Hospital Romagosa Dean Funes<\/figcaption><\/figure>\n\n\n\n<figure class=\"wp-block-image size-large\"><img loading=\"lazy\" decoding=\"async\" width=\"1024\" height=\"768\" data-id=\"34578\" src=\"https:\/\/atecordoba.org\/wp-content\/uploads\/2022\/11\/IMG_20221114_125949_528-1024x768.webp\" alt=\"\" class=\"wp-image-34578\" srcset=\"https:\/\/atecordoba.org\/wp-content\/uploads\/2022\/11\/IMG_20221114_125949_528-1024x768.webp 1024w, https:\/\/atecordoba.org\/wp-content\/uploads\/2022\/11\/IMG_20221114_125949_528-300x225.webp 300w, https:\/\/atecordoba.org\/wp-content\/uploads\/2022\/11\/IMG_20221114_125949_528-768x576.webp 768w, https:\/\/atecordoba.org\/wp-content\/uploads\/2022\/11\/IMG_20221114_125949_528-750x563.webp 750w, https:\/\/atecordoba.org\/wp-content\/uploads\/2022\/11\/IMG_20221114_125949_528.webp 1080w\" sizes=\"auto, (max-width: 1024px) 100vw, 1024px\" \/><figcaption>Hospital Pedi\u00e1trico<\/figcaption><\/figure>\n\n\n\n<figure class=\"wp-block-image size-large\"><img loading=\"lazy\" decoding=\"async\" width=\"1024\" height=\"768\" data-id=\"34585\" src=\"https:\/\/atecordoba.org\/wp-content\/uploads\/2022\/11\/WhatsApp-Image-2022-11-14-at-13.50.06-1024x768.jpeg\" alt=\"\" class=\"wp-image-34585\" srcset=\"https:\/\/atecordoba.org\/wp-content\/uploads\/2022\/11\/WhatsApp-Image-2022-11-14-at-13.50.06-1024x768.jpeg 1024w, https:\/\/atecordoba.org\/wp-content\/uploads\/2022\/11\/WhatsApp-Image-2022-11-14-at-13.50.06-300x225.jpeg 300w, https:\/\/atecordoba.org\/wp-content\/uploads\/2022\/11\/WhatsApp-Image-2022-11-14-at-13.50.06-768x576.jpeg 768w, https:\/\/atecordoba.org\/wp-content\/uploads\/2022\/11\/WhatsApp-Image-2022-11-14-at-13.50.06-1536x1152.jpeg 1536w, https:\/\/atecordoba.org\/wp-content\/uploads\/2022\/11\/WhatsApp-Image-2022-11-14-at-13.50.06-750x563.jpeg 750w, https:\/\/atecordoba.org\/wp-content\/uploads\/2022\/11\/WhatsApp-Image-2022-11-14-at-13.50.06-1140x855.jpeg 1140w, https:\/\/atecordoba.org\/wp-content\/uploads\/2022\/11\/WhatsApp-Image-2022-11-14-at-13.50.06.jpeg 1600w\" sizes=\"auto, (max-width: 1024px) 100vw, 1024px\" \/><figcaption>Hospital Brigadier Bustos de R\u00edo Tercero<\/figcaption><\/figure>\n\n\n\n<figure class=\"wp-block-image size-large\"><img loading=\"lazy\" decoding=\"async\" width=\"1024\" height=\"768\" data-id=\"34597\" src=\"https:\/\/atecordoba.org\/wp-content\/uploads\/2022\/11\/WhatsApp-Image-2022-11-14-at-14.34.44.jpeg\" alt=\"\" class=\"wp-image-34597\" srcset=\"https:\/\/atecordoba.org\/wp-content\/uploads\/2022\/11\/WhatsApp-Image-2022-11-14-at-14.34.44.jpeg 1024w, https:\/\/atecordoba.org\/wp-content\/uploads\/2022\/11\/WhatsApp-Image-2022-11-14-at-14.34.44-300x225.jpeg 300w, https:\/\/atecordoba.org\/wp-content\/uploads\/2022\/11\/WhatsApp-Image-2022-11-14-at-14.34.44-768x576.jpeg 768w, https:\/\/atecordoba.org\/wp-content\/uploads\/2022\/11\/WhatsApp-Image-2022-11-14-at-14.34.44-750x563.jpeg 750w\" sizes=\"auto, (max-width: 1024px) 100vw, 1024px\" \/><figcaption>Hospital Vicente Ag\u00fcero de Jes\u00fas Mar\u00eda.<\/figcaption><\/figure>\n<\/figure>\n\n\n\n<p><\/p>\n\n\n\n<figure class=\"wp-block-video\"><video controls src=\"https:\/\/atecordoba.org\/wp-content\/uploads\/2022\/11\/WhatsApp-Video-2022-11-14-at-13.50.06.mp4\"><\/video><\/figure>\n\n\n\n\n\n\n\n<p> <\/p>\n","protected":false},"excerpt":{"rendered":"<p>El plan de lucha de las y los trabajadores de la salud provincial se ratific\u00f3 hoy tras realizarse asambleas en diversos hospital de C\u00f3rdoba Capital y en distintos puntos del interior provincial, confirmando el paro total de actividades dispuesto por ATE el pr\u00f3ximo para el mi\u00e9rcoles 16 de noviembre. As\u00ed, la Maternidad Provincial, el Hospital [&hellip;]<\/p>\n","protected":false},"author":7,"featured_media":34581,"comment_status":"open","ping_status":"open","sticky":false,"template":"","format":"standard","meta":{"_exactmetrics_skip_tracking":false,"_exactmetrics_sitenote_active":false,"_exactmetrics_sitenote_note":"","_exactmetrics_sitenote_category":0,"jnews-multi-image_gallery":[],"jnews_single_post":{"subtitle":"Se multiplicaron en todo el territorio provincial las reuniones de trabajadoras y trabajadores de la salud confirmando las medida de fuerza. La agenda de reclamos la encabeza unas recomposici\u00f3n que eleve el salario b\u00e1sico a 128 mil pesos, l\u00edmite de la canasta familiar que fija el INDEC, rechazando la oferta de Schiaretti, que propuso un aumento del 28% en tres cuotas. ","format":"standard","video":"","gallery":"","source_name":"","source_url":"","via_name":"","via_url":"","override_template":"0","override":[{"template":"1","single_blog_custom":"","parallax":"1","fullscreen":"1","layout":"right-sidebar","sidebar":"default-sidebar","second_sidebar":"default-sidebar","sticky_sidebar":"1","share_position":"top","share_float_style":"share-monocrhome","show_share_counter":"1","show_view_counter":"1","show_featured":"1","show_post_meta":"1","show_post_author":"1","show_post_author_image":"1","show_post_date":"1","post_date_format":"default","post_date_format_custom":"Y\/m\/d","show_post_category":"1","show_post_reading_time":"0","post_reading_time_wpm":"300","show_zoom_button":"0","zoom_button_out_step":"2","zoom_button_in_step":"3","show_post_tag":"1","show_prev_next_post":"1","show_popup_post":"1","number_popup_post":"1","show_author_box":"0","show_post_related":"0","show_inline_post_related":"0"}],"override_image_size":"0","image_override":[{"single_post_thumbnail_size":"crop-500","single_post_gallery_size":"crop-500"}],"trending_post":"0","trending_post_position":"meta","trending_post_label":"Trending","sponsored_post":"0","sponsored_post_label":"Sponsored by","sponsored_post_name":"","sponsored_post_url":"","sponsored_post_logo_enable":"0","sponsored_post_logo":"","sponsored_post_desc":"","disable_ad":"0"},"jnews_primary_category":{"id":""},"jnews_social_meta":{"fb_title":"","fb_description":"","fb_image":"","twitter_title":"","twitter_description":"","twitter_image":""},"jnews_review":[],"enable_review":"0","type":"percentage","name":"","summary":"","brand":"","sku":"","good":[{"good_text":""}],"bad":[{"bad_text":""}],"score_override":"","override_value":"","rating":[{"rating_text":"","rating_number":"10"}],"price":[{"shop":"","price":"","link":"","icon":""}],"jnews_override_counter":{"override_view_counter":"0","view_counter_number":"0","override_share_counter":"0","share_counter_number":"0","override_like_counter":"0","like_counter_number":"0","override_dislike_counter":"0","dislike_counter_number":"0"},"jnews_post_split":{"enable_post_split":"0","post_split":[{"template":"1","tag":"h2","numbering":"asc","mode":"normal","first":"0","enable_toc":"0","toc_type":"normal"}]},"footnotes":""},"categories":[8],"tags":[],"class_list":["post-34567","post","type-post","status-publish","format-standard","has-post-thumbnail","hentry","category-provinciales"],"jetpack_featured_media_url":"https:\/\/atecordoba.org\/wp-content\/uploads\/2022\/11\/tapahospitales-e1668444279686.jpg","_links":{"self":[{"href":"https:\/\/atecordoba.org\/index.php?rest_route=\/wp\/v2\/posts\/34567","targetHints":{"allow":["GET"]}}],"collection":[{"href":"https:\/\/atecordoba.org\/index.php?rest_route=\/wp\/v2\/posts"}],"about":[{"href":"https:\/\/atecordoba.org\/index.php?rest_route=\/wp\/v2\/types\/post"}],"author":[{"embeddable":true,"href":"https:\/\/atecordoba.org\/index.php?rest_route=\/wp\/v2\/users\/7"}],"replies":[{"embeddable":true,"href":"https:\/\/atecordoba.org\/index.php?rest_route=%2Fwp%2Fv2%2Fcomments&post=34567"}],"version-history":[{"count":7,"href":"https:\/\/atecordoba.org\/index.php?rest_route=\/wp\/v2\/posts\/34567\/revisions"}],"predecessor-version":[{"id":34599,"href":"https:\/\/atecordoba.org\/index.php?rest_route=\/wp\/v2\/posts\/34567\/revisions\/34599"}],"wp:featuredmedia":[{"embeddable":true,"href":"https:\/\/atecordoba.org\/index.php?rest_route=\/wp\/v2\/media\/34581"}],"wp:attachment":[{"href":"https:\/\/atecordoba.org\/index.php?rest_route=%2Fwp%2Fv2%2Fmedia&parent=34567"}],"wp:term":[{"taxonomy":"category","embeddable":true,"href":"https:\/\/atecordoba.org\/index.php?rest_route=%2Fwp%2Fv2%2Fcategories&post=34567"},{"taxonomy":"post_tag","embeddable":true,"href":"https:\/\/atecordoba.org\/index.php?rest_route=%2Fwp%2Fv2%2Ftags&post=34567"}],"curies":[{"name":"wp","href":"https:\/\/api.w.org\/{rel}","templated":true}]}}