{"id":34554,"date":"2022-11-11T10:06:51","date_gmt":"2022-11-11T13:06:51","guid":{"rendered":"https:\/\/atecordoba.org\/?p=34554"},"modified":"2022-11-11T10:07:12","modified_gmt":"2022-11-11T13:07:12","slug":"se-dicto-un-curso-de-formacion-para-delegados-as-en-adelia-maria","status":"publish","type":"post","link":"https:\/\/atecordoba.org\/?p=34554","title":{"rendered":"Se dict\u00f3 un curso de formaci\u00f3n para delegados\/as en Adelia Mar\u00eda"},"content":{"rendered":"\n<div class=\"wp-block-image\"><figure class=\"aligncenter size-large is-resized\"><img loading=\"lazy\" decoding=\"async\" src=\"https:\/\/atecordoba.org\/wp-content\/uploads\/2022\/11\/Adelia-formacion-1024x768.jpg\" alt=\"\" class=\"wp-image-34555\" width=\"768\" height=\"576\" srcset=\"https:\/\/atecordoba.org\/wp-content\/uploads\/2022\/11\/Adelia-formacion-1024x768.jpg 1024w, https:\/\/atecordoba.org\/wp-content\/uploads\/2022\/11\/Adelia-formacion-300x225.jpg 300w, https:\/\/atecordoba.org\/wp-content\/uploads\/2022\/11\/Adelia-formacion-768x576.jpg 768w, https:\/\/atecordoba.org\/wp-content\/uploads\/2022\/11\/Adelia-formacion-750x563.jpg 750w, https:\/\/atecordoba.org\/wp-content\/uploads\/2022\/11\/Adelia-formacion.jpg 1080w\" sizes=\"auto, (max-width: 768px) 100vw, 768px\" \/><\/figure><\/div>\n\n\n\n<p>El mi\u00e9rcoles pasado 9 de noviembre se dict\u00f3 un curso de formaci\u00f3n para delegados y delegadas de la seccional Adel\u00eda Mar\u00eda.<\/p>\n\n\n\n<p>La instancia de capacitaci\u00f3n estuvo a cargo del secretario de Formaci\u00f3n del Consejo Directivo Provincial (CDP), C\u00e9sar Theaux, y cont\u00f3 con la presencia del secretario General de ATE C\u00f3rdoba, Federico Giuliani.<\/p>\n\n\n\n<figure class=\"wp-block-gallery has-nested-images columns-default is-cropped wp-block-gallery-1 is-layout-flex wp-block-gallery-is-layout-flex\">\n<figure class=\"wp-block-image size-large\"><a href=\"https:\/\/atecordoba.org\/wp-content\/uploads\/2022\/11\/Adelia-formacion-5.jpg\"><img loading=\"lazy\" decoding=\"async\" width=\"1024\" height=\"768\" data-id=\"34556\" src=\"https:\/\/atecordoba.org\/wp-content\/uploads\/2022\/11\/Adelia-formacion-5-1024x768.jpg\" alt=\"\" class=\"wp-image-34556\" srcset=\"https:\/\/atecordoba.org\/wp-content\/uploads\/2022\/11\/Adelia-formacion-5-1024x768.jpg 1024w, https:\/\/atecordoba.org\/wp-content\/uploads\/2022\/11\/Adelia-formacion-5-300x225.jpg 300w, https:\/\/atecordoba.org\/wp-content\/uploads\/2022\/11\/Adelia-formacion-5-768x576.jpg 768w, https:\/\/atecordoba.org\/wp-content\/uploads\/2022\/11\/Adelia-formacion-5-750x563.jpg 750w, https:\/\/atecordoba.org\/wp-content\/uploads\/2022\/11\/Adelia-formacion-5.jpg 1080w\" sizes=\"auto, (max-width: 1024px) 100vw, 1024px\" \/><\/a><\/figure>\n\n\n\n<figure class=\"wp-block-image size-large\"><a href=\"https:\/\/atecordoba.org\/wp-content\/uploads\/2022\/11\/Adelia-formacion-2.jpg\"><img loading=\"lazy\" decoding=\"async\" width=\"1024\" height=\"768\" data-id=\"34557\" src=\"https:\/\/atecordoba.org\/wp-content\/uploads\/2022\/11\/Adelia-formacion-2-1024x768.jpg\" alt=\"\" class=\"wp-image-34557\" srcset=\"https:\/\/atecordoba.org\/wp-content\/uploads\/2022\/11\/Adelia-formacion-2-1024x768.jpg 1024w, https:\/\/atecordoba.org\/wp-content\/uploads\/2022\/11\/Adelia-formacion-2-300x225.jpg 300w, https:\/\/atecordoba.org\/wp-content\/uploads\/2022\/11\/Adelia-formacion-2-768x576.jpg 768w, https:\/\/atecordoba.org\/wp-content\/uploads\/2022\/11\/Adelia-formacion-2-750x563.jpg 750w, https:\/\/atecordoba.org\/wp-content\/uploads\/2022\/11\/Adelia-formacion-2.jpg 1080w\" sizes=\"auto, (max-width: 1024px) 100vw, 1024px\" \/><\/a><\/figure>\n\n\n\n<figure class=\"wp-block-image size-large\"><a href=\"https:\/\/atecordoba.org\/wp-content\/uploads\/2022\/11\/Adelia-formacion-3.jpg\"><img loading=\"lazy\" decoding=\"async\" width=\"1024\" height=\"768\" data-id=\"34558\" src=\"https:\/\/atecordoba.org\/wp-content\/uploads\/2022\/11\/Adelia-formacion-3-1024x768.jpg\" alt=\"\" class=\"wp-image-34558\" srcset=\"https:\/\/atecordoba.org\/wp-content\/uploads\/2022\/11\/Adelia-formacion-3-1024x768.jpg 1024w, https:\/\/atecordoba.org\/wp-content\/uploads\/2022\/11\/Adelia-formacion-3-300x225.jpg 300w, https:\/\/atecordoba.org\/wp-content\/uploads\/2022\/11\/Adelia-formacion-3-768x576.jpg 768w, https:\/\/atecordoba.org\/wp-content\/uploads\/2022\/11\/Adelia-formacion-3-750x563.jpg 750w, https:\/\/atecordoba.org\/wp-content\/uploads\/2022\/11\/Adelia-formacion-3.jpg 1080w\" sizes=\"auto, (max-width: 1024px) 100vw, 1024px\" \/><\/a><\/figure>\n<\/figure>\n\n\n\n<p>En la oportunidad, junto con el secretario General de ATE Adelia Mar\u00eda, Diego Villegas, participaron compa\u00f1eros y compa\u00f1eras de las localidades Huanchilla, Las Vertientes, Adelia Mar\u00eda, Bulnes, Ital\u00f3 y Laboulaye.<\/p>\n\n\n\n<p>De esta manera, ATE contin\u00faa fortaleciendo la formaci\u00f3n de los dirigentes de toda la provincia.<\/p>\n\n\n\n<p><\/p>\n","protected":false},"excerpt":{"rendered":"<p>El mi\u00e9rcoles pasado 9 de noviembre se dict\u00f3 un curso de formaci\u00f3n para delegados y delegadas de la seccional Adel\u00eda Mar\u00eda. La instancia de capacitaci\u00f3n estuvo a cargo del secretario de Formaci\u00f3n del Consejo Directivo Provincial (CDP), C\u00e9sar Theaux, y cont\u00f3 con la presencia del secretario General de ATE C\u00f3rdoba, Federico Giuliani. En la oportunidad, [&hellip;]<\/p>\n","protected":false},"author":7,"featured_media":34559,"comment_status":"open","ping_status":"open","sticky":false,"template":"","format":"standard","meta":{"_exactmetrics_skip_tracking":false,"_exactmetrics_sitenote_active":false,"_exactmetrics_sitenote_note":"","_exactmetrics_sitenote_category":0,"jnews-multi-image_gallery":[],"jnews_single_post":{"subtitle":"La instancia de capacitaci\u00f3n estuvo a cargo del secretario de Formaci\u00f3n del Consejo Directivo Provincial (CDP), C\u00e9sar Theaux, y cont\u00f3 con la presencia del secretario General de ATE C\u00f3rdoba, Federico Giuliani.","format":"standard","video":"","gallery":"","source_name":"","source_url":"","via_name":"","via_url":"","override_template":"0","override":[{"template":"1","single_blog_custom":"","parallax":"1","fullscreen":"1","layout":"right-sidebar","sidebar":"default-sidebar","second_sidebar":"default-sidebar","sticky_sidebar":"1","share_position":"top","share_float_style":"share-monocrhome","show_share_counter":"1","show_view_counter":"1","show_featured":"1","show_post_meta":"1","show_post_author":"1","show_post_author_image":"1","show_post_date":"1","post_date_format":"default","post_date_format_custom":"Y\/m\/d","show_post_category":"1","show_post_reading_time":"0","post_reading_time_wpm":"300","show_zoom_button":"0","zoom_button_out_step":"2","zoom_button_in_step":"3","show_post_tag":"1","show_prev_next_post":"1","show_popup_post":"1","number_popup_post":"1","show_author_box":"0","show_post_related":"0","show_inline_post_related":"0"}],"override_image_size":"0","image_override":[{"single_post_thumbnail_size":"crop-500","single_post_gallery_size":"crop-500"}],"trending_post":"0","trending_post_position":"meta","trending_post_label":"Trending","sponsored_post":"0","sponsored_post_label":"Sponsored by","sponsored_post_name":"","sponsored_post_url":"","sponsored_post_logo_enable":"0","sponsored_post_logo":"","sponsored_post_desc":"","disable_ad":"0"},"jnews_primary_category":{"id":""},"jnews_social_meta":{"fb_title":"","fb_description":"","fb_image":"","twitter_title":"","twitter_description":"","twitter_image":""},"jnews_review":[],"enable_review":"0","type":"percentage","name":"","summary":"","brand":"","sku":"","good":[{"good_text":""}],"bad":[{"bad_text":""}],"score_override":"","override_value":"","rating":[{"rating_text":"","rating_number":"10"}],"price":[{"shop":"","price":"","link":"","icon":""}],"jnews_override_counter":{"override_view_counter":"0","view_counter_number":"0","override_share_counter":"0","share_counter_number":"0","override_like_counter":"0","like_counter_number":"0","override_dislike_counter":"0","dislike_counter_number":"0"},"jnews_post_split":{"enable_post_split":"0","post_split":[{"template":"1","tag":"h2","numbering":"asc","mode":"normal","first":"0","enable_toc":"0","toc_type":"normal"}]},"footnotes":""},"categories":[149,88],"tags":[],"class_list":["post-34554","post","type-post","status-publish","format-standard","has-post-thumbnail","hentry","category-adelia-maria","category-formacion"],"jetpack_featured_media_url":"https:\/\/atecordoba.org\/wp-content\/uploads\/2022\/11\/Adeliaformacion-e1668171992288.jpg","_links":{"self":[{"href":"https:\/\/atecordoba.org\/index.php?rest_route=\/wp\/v2\/posts\/34554","targetHints":{"allow":["GET"]}}],"collection":[{"href":"https:\/\/atecordoba.org\/index.php?rest_route=\/wp\/v2\/posts"}],"about":[{"href":"https:\/\/atecordoba.org\/index.php?rest_route=\/wp\/v2\/types\/post"}],"author":[{"embeddable":true,"href":"https:\/\/atecordoba.org\/index.php?rest_route=\/wp\/v2\/users\/7"}],"replies":[{"embeddable":true,"href":"https:\/\/atecordoba.org\/index.php?rest_route=%2Fwp%2Fv2%2Fcomments&post=34554"}],"version-history":[{"count":1,"href":"https:\/\/atecordoba.org\/index.php?rest_route=\/wp\/v2\/posts\/34554\/revisions"}],"predecessor-version":[{"id":34560,"href":"https:\/\/atecordoba.org\/index.php?rest_route=\/wp\/v2\/posts\/34554\/revisions\/34560"}],"wp:featuredmedia":[{"embeddable":true,"href":"https:\/\/atecordoba.org\/index.php?rest_route=\/wp\/v2\/media\/34559"}],"wp:attachment":[{"href":"https:\/\/atecordoba.org\/index.php?rest_route=%2Fwp%2Fv2%2Fmedia&parent=34554"}],"wp:term":[{"taxonomy":"category","embeddable":true,"href":"https:\/\/atecordoba.org\/index.php?rest_route=%2Fwp%2Fv2%2Fcategories&post=34554"},{"taxonomy":"post_tag","embeddable":true,"href":"https:\/\/atecordoba.org\/index.php?rest_route=%2Fwp%2Fv2%2Ftags&post=34554"}],"curies":[{"name":"wp","href":"https:\/\/api.w.org\/{rel}","templated":true}]}}