{"id":34549,"date":"2022-11-10T15:48:13","date_gmt":"2022-11-10T18:48:13","guid":{"rendered":"https:\/\/atecordoba.org\/?p=34549"},"modified":"2022-11-10T15:48:44","modified_gmt":"2022-11-10T18:48:44","slug":"perpetua-para-feminicida-de-ivana-modica","status":"publish","type":"post","link":"https:\/\/atecordoba.org\/?p=34549","title":{"rendered":"Perpetua para feminicida de Ivana Modica"},"content":{"rendered":"\n<div class=\"wp-block-image\"><figure class=\"aligncenter size-full is-resized\"><img loading=\"lazy\" decoding=\"async\" src=\"https:\/\/atecordoba.org\/wp-content\/uploads\/2022\/11\/ivana-mariela-modica-desaparecida-cordoba-1128219.jpeg\" alt=\"\" class=\"wp-image-34550\" width=\"720\" height=\"405\" srcset=\"https:\/\/atecordoba.org\/wp-content\/uploads\/2022\/11\/ivana-mariela-modica-desaparecida-cordoba-1128219.jpeg 960w, https:\/\/atecordoba.org\/wp-content\/uploads\/2022\/11\/ivana-mariela-modica-desaparecida-cordoba-1128219-300x169.jpeg 300w, https:\/\/atecordoba.org\/wp-content\/uploads\/2022\/11\/ivana-mariela-modica-desaparecida-cordoba-1128219-768x432.jpeg 768w, https:\/\/atecordoba.org\/wp-content\/uploads\/2022\/11\/ivana-mariela-modica-desaparecida-cordoba-1128219-750x422.jpeg 750w\" sizes=\"auto, (max-width: 720px) 100vw, 720px\" \/><\/figure><\/div>\n\n\n\n<p><sup>(fuente La Voz del Interior)<\/sup><\/p>\n\n\n\n<p>javier Galv\u00e1n, exvicecomodoro de la Fuerza A\u00e9rea, fue condenado este jueves a condena perpetua por asesinar en febrero de 2021<strong>&nbsp;a su entonces pareja Ivana M\u00f3dica&nbsp;<\/strong>en la ciudad de La Falda. As\u00ed lo determin\u00f3 la C\u00e1mara del Crimen de Cruz del Eje y los jurados populares quienes entendieron que adem\u00e1s del homicidio, que Galv\u00e1n confes\u00f3, hab\u00eda un contexto de violencia de g\u00e9nero.<\/p>\n\n\n\n<p>Galv\u00e1n deber\u00e1 permanecer 35 a\u00f1os con prisi\u00f3n efectiva por&nbsp;<a rel=\"noreferrer noopener\" href=\"https:\/\/www.lavoz.com.ar\/ciudadanos\/autopsia-revelo-que-ivana-modica-fue-estrangulada\/\" target=\"_blank\"><strong>el cargo de homicidio calificado por el v\u00ednculo&nbsp;<\/strong><\/a>y por mediar violencia de g\u00e9nero (femicidio). \u00c9ste \u00faltimo agravante es que el que la defensa del expiloto pretend\u00eda poner en cuestionamiento.<\/p>\n\n\n\n<p>El acusado pidi\u00f3 disculpas a la familia y un medio hermano de Ivana le dijo: \u201cTuviste la posibilidad de soltar a tiempo y no lo hiciste\u201d.<\/p>\n\n\n\n<p>La hija de la v\u00edctima, Nicole M\u00f3dica, dijo que no s\u00f3lo hablaba por su mam\u00e1 sino por todas las mujeres que murieron&nbsp;<strong>a causa de violencia de g\u00e9nero,<\/strong>&nbsp;para que esto no pase nunca m\u00e1s.<\/p>\n\n\n\n<p>La madre de M\u00f3dica no estuvo en el&nbsp;juicio&nbsp;por recomendaci\u00f3n m\u00e9dica, pero le hizo llegar una carta a Galv\u00e1n.<\/p>\n\n\n\n<p>En la \u00faltima audiencia se escucharon los alegatos de la fiscal\u00eda, de la querella, que hab\u00edan solicitado la perpetua, y de la defensa que solicit\u00f3 se le aplique la figura de homicidio preterintencional.<\/p>\n\n\n\n<p>La fiscal\u00eda de C\u00e1mara mostr\u00f3 en su alegato toda la prueba recabada que daba cuenta del crimen, m\u00e1s all\u00e1 de la confesi\u00f3n de Galv\u00e1n.<\/p>\n\n\n\n<p>Javier Galv\u00e1n, exvicecomodoro de la Fuerza A\u00e9rea, fue condenado este jueves a condena perpetua por asesinar en febrero de 2021<strong>&nbsp;a su entonces pareja Ivana M\u00f3dica&nbsp;<\/strong>en la ciudad de La Falda. As\u00ed lo determin\u00f3 la C\u00e1mara del Crimen de Cruz del Eje y los jurados populares quienes entendieron que adem\u00e1s del homicidio, que Galv\u00e1n confes\u00f3, hab\u00eda un contexto de violencia de g\u00e9nero.<\/p>\n\n\n\n<p>Galv\u00e1n deber\u00e1 permanecer 35 a\u00f1os con prisi\u00f3n efectiva por&nbsp;<strong>el cargo de homicidio calificado por el v\u00ednculo&nbsp;<\/strong>y por mediar violencia de g\u00e9nero (femicidio). \u00c9ste \u00faltimo agravante es que el que la defensa del expiloto pretend\u00eda poner en cuestionamiento.<\/p>\n\n\n\n<p>El acusado pidi\u00f3 disculpas a la familia y un medio hermano de Ivana le dijo: \u201cTuviste la posibilidad de soltar a tiempo y no lo hiciste\u201d.<\/p>\n\n\n\n<p>La hija de la v\u00edctima, Nicole M\u00f3dica, dijo que no s\u00f3lo hablaba por su mam\u00e1 sino por todas las mujeres que murieron&nbsp;<strong>a causa de violencia de g\u00e9nero,<\/strong>&nbsp;para que esto no pase nunca m\u00e1s.<\/p>\n\n\n\n<p>La madre de M\u00f3dica no estuvo en el&nbsp;juicio&nbsp;por recomendaci\u00f3n m\u00e9dica, pero le hizo llegar una carta a Galv\u00e1n.<\/p>\n\n\n\n<p><a href=\"https:\/\/www.lavoz.com.ar\/ciudadanos\/comenzo-el-juicio-por-el-femicidio-de-ivana-modica-con-su-expareja-militar-como-unico-acusado\/\"><\/a>En la \u00faltima audiencia se escucharon los alegatos de la fiscal\u00eda, de la querella, que hab\u00edan solicitado la perpetua, y de la defensa que solicit\u00f3 se le aplique la figura de homicidio preterintencional.<\/p>\n\n\n\n<p>La fiscal\u00eda hizo hincapi\u00e9 tambi\u00e9n en las pruebas que demostraron el contexto de violencia de g\u00e9nero: \u201cHice un an\u00e1lisis espec\u00edfico de todos los testimonios de los testigos. Ivana no era una persona libre para salir de esa relaci\u00f3n. Galv\u00e1n ten\u00eda el control de la relaci\u00f3n, la manipulaba (a trav\u00e9s de promesas, regalos, proyecci\u00f3n de cosas juntos) cada vez que ella quer\u00eda alejarse\u201d, indic\u00f3<\/p>\n\n\n\n<p>En el juicio, qued\u00f3 demostrado que M\u00f3dica, que era comunicadora social y trabajaba como administrativa en la Fuerza A\u00e9rea, estaba enamorada y so\u00f1aba una vida en conjunto con Galv\u00e1n, pero estaba sumida en un c\u00edrculo de la violencia a trav\u00e9s de la manipulaci\u00f3n psicol\u00f3gica y econ\u00f3mica.<\/p>\n\n\n\n<p>Jos\u00e9 D\u2019Antona, el abogado querellante de la familia de M\u00f3dica, remarc\u00f3 las mentiras e inconsistencias del acusado. \u201cEsas mentiras tuvieron lugar en la pareja, luego ante la Polic\u00eda y la justicia cuando minti\u00f3 sobre su paradero en los ocho d\u00edas que fue buscada y luego en las inconsistencias de su relato\u201d, dijo el abogado.<\/p>\n\n\n\n<p>Luego remarc\u00f3 las asimetr\u00edas de poder entre M\u00f3dica y Galv\u00e1n en lo econ\u00f3mico y en lo profesional. \u201cDado el perfil psicol\u00f3gico de Galv\u00e1n, del que da cuenta el informe interdisciplinario, es importante que en una instituci\u00f3n de una fuerza de seguridad, como es la Fuerza A\u00e9rea, los aptos psicol\u00f3gicos se realicen por institucionales externos a la organizaci\u00f3n\u201d, agreg\u00f3 D\u2019Antona.<\/p>\n\n\n\n<p><strong>Perfil psicol\u00f3gico<\/strong><\/p>\n\n\n\n<p>Seg\u00fan el informe del gabinete interdisciplinario (psic\u00f3logos y psiquiatras), el expiloto era una persona egoc\u00e9ntrica, narcisista, manipulador, calculador y que buscaba la satisfacci\u00f3n de sus propios intereses. \u00c9l no estaba involucrado emocional ni sentimentalmente con M\u00f3dica.<\/p>\n\n\n\n<p>Seg\u00fan el perfil, no se relacionaba ni con amigos ni con nadie por una motivaci\u00f3n emocional, no entabla relaciones desde el amor porque carece de la capacidad de empat\u00eda.<\/p>\n\n\n\n<p>Por ello la fiscal\u00eda remarc\u00f3 que en aquel febrero de 2021 cuando \u00e9l confiesa no lo hace por arrepentimiento, ni por piedad para con la familia, la justicia o la sociedad entera que buscaba a la mujer en aquel entonces. \u201cLo hizo porque&nbsp;se vio acorralado, porque sab\u00eda que el rastrillaje estaba por comenzar en el Camino al Cuadrado donde \u00e9l hab\u00eda arrojado el cuerpo. Se quebr\u00f3 cuando iba camino al penal\u201d, record\u00f3.<\/p>\n\n\n\n<p>Ivana era personal civil de las Fuerzas Armadas.<\/p>\n","protected":false},"excerpt":{"rendered":"<p>(fuente La Voz del Interior) javier Galv\u00e1n, exvicecomodoro de la Fuerza A\u00e9rea, fue condenado este jueves a condena perpetua por asesinar en febrero de 2021&nbsp;a su entonces pareja Ivana M\u00f3dica&nbsp;en la ciudad de La Falda. As\u00ed lo determin\u00f3 la C\u00e1mara del Crimen de Cruz del Eje y los jurados populares quienes entendieron que adem\u00e1s del [&hellip;]<\/p>\n","protected":false},"author":7,"featured_media":34551,"comment_status":"open","ping_status":"open","sticky":false,"template":"","format":"standard","meta":{"_exactmetrics_skip_tracking":false,"_exactmetrics_sitenote_active":false,"_exactmetrics_sitenote_note":"","_exactmetrics_sitenote_category":0,"jnews-multi-image_gallery":[],"jnews_single_post":{"subtitle":"Lo determin\u00f3 la C\u00e1mara del Crimen de Cruz del Eje y los jurados populares, quienes entendieron que adem\u00e1s del homicidio, que el ex comodoro Javier Galv\u00e1n confes\u00f3, hab\u00eda un contexto de violencia de g\u00e9nero.","format":"standard","video":"","gallery":"","source_name":"","source_url":"","via_name":"","via_url":"","override_template":"0","override":[{"template":"1","single_blog_custom":"","parallax":"1","fullscreen":"1","layout":"right-sidebar","sidebar":"default-sidebar","second_sidebar":"default-sidebar","sticky_sidebar":"1","share_position":"top","share_float_style":"share-monocrhome","show_share_counter":"1","show_view_counter":"1","show_featured":"1","show_post_meta":"1","show_post_author":"1","show_post_author_image":"1","show_post_date":"1","post_date_format":"default","post_date_format_custom":"Y\/m\/d","show_post_category":"1","show_post_reading_time":"0","post_reading_time_wpm":"300","show_zoom_button":"0","zoom_button_out_step":"2","zoom_button_in_step":"3","show_post_tag":"1","show_prev_next_post":"1","show_popup_post":"1","number_popup_post":"1","show_author_box":"0","show_post_related":"0","show_inline_post_related":"0"}],"override_image_size":"0","image_override":[{"single_post_thumbnail_size":"crop-500","single_post_gallery_size":"crop-500"}],"trending_post":"0","trending_post_position":"meta","trending_post_label":"Trending","sponsored_post":"0","sponsored_post_label":"Sponsored by","sponsored_post_name":"","sponsored_post_url":"","sponsored_post_logo_enable":"0","sponsored_post_logo":"","sponsored_post_desc":"","disable_ad":"0"},"jnews_primary_category":{"id":""},"jnews_social_meta":{"fb_title":"","fb_description":"","fb_image":"","twitter_title":"","twitter_description":"","twitter_image":""},"jnews_review":[],"enable_review":"0","type":"percentage","name":"","summary":"","brand":"","sku":"","good":[{"good_text":""}],"bad":[{"bad_text":""}],"score_override":"","override_value":"","rating":[{"rating_text":"","rating_number":"10"}],"price":[{"shop":"","price":"","link":"","icon":""}],"jnews_override_counter":{"override_view_counter":"0","view_counter_number":"0","override_share_counter":"0","share_counter_number":"0","override_like_counter":"0","like_counter_number":"0","override_dislike_counter":"0","dislike_counter_number":"0"},"jnews_post_split":{"enable_post_split":"0","post_split":[{"template":"1","tag":"h2","numbering":"asc","mode":"normal","first":"0","enable_toc":"0","toc_type":"normal"}]},"footnotes":""},"categories":[325],"tags":[1270],"class_list":["post-34549","post","type-post","status-publish","format-standard","has-post-thumbnail","hentry","category-generos-y-diversidades","tag-ivana-modica-2"],"jetpack_featured_media_url":"https:\/\/atecordoba.org\/wp-content\/uploads\/2022\/11\/modica-e1668106077520.jpeg","_links":{"self":[{"href":"https:\/\/atecordoba.org\/index.php?rest_route=\/wp\/v2\/posts\/34549","targetHints":{"allow":["GET"]}}],"collection":[{"href":"https:\/\/atecordoba.org\/index.php?rest_route=\/wp\/v2\/posts"}],"about":[{"href":"https:\/\/atecordoba.org\/index.php?rest_route=\/wp\/v2\/types\/post"}],"author":[{"embeddable":true,"href":"https:\/\/atecordoba.org\/index.php?rest_route=\/wp\/v2\/users\/7"}],"replies":[{"embeddable":true,"href":"https:\/\/atecordoba.org\/index.php?rest_route=%2Fwp%2Fv2%2Fcomments&post=34549"}],"version-history":[{"count":2,"href":"https:\/\/atecordoba.org\/index.php?rest_route=\/wp\/v2\/posts\/34549\/revisions"}],"predecessor-version":[{"id":34553,"href":"https:\/\/atecordoba.org\/index.php?rest_route=\/wp\/v2\/posts\/34549\/revisions\/34553"}],"wp:featuredmedia":[{"embeddable":true,"href":"https:\/\/atecordoba.org\/index.php?rest_route=\/wp\/v2\/media\/34551"}],"wp:attachment":[{"href":"https:\/\/atecordoba.org\/index.php?rest_route=%2Fwp%2Fv2%2Fmedia&parent=34549"}],"wp:term":[{"taxonomy":"category","embeddable":true,"href":"https:\/\/atecordoba.org\/index.php?rest_route=%2Fwp%2Fv2%2Fcategories&post=34549"},{"taxonomy":"post_tag","embeddable":true,"href":"https:\/\/atecordoba.org\/index.php?rest_route=%2Fwp%2Fv2%2Ftags&post=34549"}],"curies":[{"name":"wp","href":"https:\/\/api.w.org\/{rel}","templated":true}]}}