{"id":3454,"date":"2013-10-18T16:02:24","date_gmt":"2013-10-18T19:02:24","guid":{"rendered":"http:\/\/www.atecordoba.org\/?p=3454"},"modified":"2013-10-18T16:02:24","modified_gmt":"2013-10-18T19:02:24","slug":"4o-modulo-de-la-historia-del-movimiento-obrero","status":"publish","type":"post","link":"https:\/\/atecordoba.org\/?p=3454","title":{"rendered":"4\u00ba M\u00f3dulo de la Historia del Movimiento Obrero"},"content":{"rendered":"<p style=\"text-align: left;\" align=\"center\"><em>Continuando con el\u00a0 seminario de Historia del Movimiento Obrero<b>, <\/b>el d\u00eda s\u00e1bado 26 de octubre se dictar\u00e1 el \u00faltimo m\u00f3dulo de esta serie de encuentros cuyo objetivo es indagar en la historia del movimiento obrero, del cual como trabajadores y trabajadoras formamos parte.<\/em><\/p>\n<figure id=\"attachment_3455\" aria-describedby=\"caption-attachment-3455\" style=\"width: 400px\" class=\"wp-caption aligncenter\"><a href=\"http:\/\/www.atecordoba.org\/wp-content\/uploads\/2013\/10\/cordobazo.jpg\"><img loading=\"lazy\" decoding=\"async\" class=\"size-full wp-image-3455\" alt=\"cordobazo\" src=\"http:\/\/www.atecordoba.org\/wp-content\/uploads\/2013\/10\/cordobazo.jpg\" width=\"400\" height=\"313\" \/><\/a><figcaption id=\"caption-attachment-3455\" class=\"wp-caption-text\">Cordobazo. La lucha obrera en las calles.<\/figcaption><\/figure>\n<p style=\"text-align: center;\" align=\"center\">\n<p style=\"text-align: left;\" align=\"center\">Organizado por el Consejo Directivo Provincial a trav\u00e9s de la\u00a0Secretar\u00eda de Formaci\u00f3n de ATE, en este pr\u00f3ximo encuentro continuaremos con el abordaje de la historia de las luchas obreras en la provincia de C\u00f3rdoba, con los docentes Mariana Mastr\u00e1ngelo y Pablo Pozzi.\u00a0La cita es el s\u00e1bado 26 de octubre desde las 9 hs hasta las 13hs, en el local de nuestro gremio Paran\u00e1 140<\/p>\n<p style=\"text-align: left;\" align=\"center\">Informes e inscripciones:<\/p>\n<p style=\"text-align: left;\" align=\"center\">Cintia Conesta 155640618\u00a0\u00a0 <a href=\"mailto:cinconesta@hotmail.com\">cinconesta@hotmail.com<\/a><\/p>\n<p style=\"text-align: left;\" align=\"center\">Gustavo Peyroti 153871664 <a href=\"mailto:gpeyroti@atecordoba.org.ar\">gpeyroti@atecordoba.org.ar<\/a><\/p>\n","protected":false},"excerpt":{"rendered":"<p>Continuando con el\u00a0 seminario de Historia del Movimiento Obrero, el d\u00eda s\u00e1bado 26 de octubre se dictar\u00e1 el \u00faltimo m\u00f3dulo de esta serie de encuentros cuyo objetivo es indagar en la historia del movimiento obrero, del cual como trabajadores y trabajadoras formamos parte. Organizado por el Consejo Directivo Provincial a trav\u00e9s de la\u00a0Secretar\u00eda de Formaci\u00f3n [&hellip;]<\/p>\n","protected":false},"author":1,"featured_media":19220,"comment_status":"open","ping_status":"open","sticky":false,"template":"","format":"standard","meta":{"_exactmetrics_skip_tracking":false,"_exactmetrics_sitenote_active":false,"_exactmetrics_sitenote_note":"","_exactmetrics_sitenote_category":0,"jnews-multi-image_gallery":[],"jnews_single_post":[],"jnews_primary_category":[],"jnews_social_meta":[],"jnews_review":[],"enable_review":"","type":"","name":"","summary":"","brand":"","sku":"","good":[],"bad":[],"score_override":"","override_value":"","rating":[],"price":[],"jnews_override_counter":[],"jnews_post_split":[],"footnotes":""},"categories":[88],"tags":[],"class_list":["post-3454","post","type-post","status-publish","format-standard","has-post-thumbnail","hentry","category-formacion"],"jetpack_featured_media_url":"https:\/\/atecordoba.org\/wp-content\/uploads\/2020\/05\/logo-nuevochico-e1561581322808.png","_links":{"self":[{"href":"https:\/\/atecordoba.org\/index.php?rest_route=\/wp\/v2\/posts\/3454","targetHints":{"allow":["GET"]}}],"collection":[{"href":"https:\/\/atecordoba.org\/index.php?rest_route=\/wp\/v2\/posts"}],"about":[{"href":"https:\/\/atecordoba.org\/index.php?rest_route=\/wp\/v2\/types\/post"}],"author":[{"embeddable":true,"href":"https:\/\/atecordoba.org\/index.php?rest_route=\/wp\/v2\/users\/1"}],"replies":[{"embeddable":true,"href":"https:\/\/atecordoba.org\/index.php?rest_route=%2Fwp%2Fv2%2Fcomments&post=3454"}],"version-history":[{"count":0,"href":"https:\/\/atecordoba.org\/index.php?rest_route=\/wp\/v2\/posts\/3454\/revisions"}],"wp:featuredmedia":[{"embeddable":true,"href":"https:\/\/atecordoba.org\/index.php?rest_route=\/wp\/v2\/media\/19220"}],"wp:attachment":[{"href":"https:\/\/atecordoba.org\/index.php?rest_route=%2Fwp%2Fv2%2Fmedia&parent=3454"}],"wp:term":[{"taxonomy":"category","embeddable":true,"href":"https:\/\/atecordoba.org\/index.php?rest_route=%2Fwp%2Fv2%2Fcategories&post=3454"},{"taxonomy":"post_tag","embeddable":true,"href":"https:\/\/atecordoba.org\/index.php?rest_route=%2Fwp%2Fv2%2Ftags&post=3454"}],"curies":[{"name":"wp","href":"https:\/\/api.w.org\/{rel}","templated":true}]}}