{"id":34534,"date":"2022-11-10T13:35:31","date_gmt":"2022-11-10T16:35:31","guid":{"rendered":"https:\/\/atecordoba.org\/?p=34534"},"modified":"2022-11-10T13:35:31","modified_gmt":"2022-11-10T16:35:31","slug":"la-9-marcha-de-salud-mental-levanta-banderas-antirrepresivas","status":"publish","type":"post","link":"https:\/\/atecordoba.org\/?p=34534","title":{"rendered":"La 9\u00b0 Marcha de Salud Mental levanta banderas antirrepresivas"},"content":{"rendered":"\n<div class=\"wp-block-image\"><figure class=\"alignright size-full is-resized\"><img loading=\"lazy\" decoding=\"async\" src=\"https:\/\/atecordoba.org\/wp-content\/uploads\/2022\/11\/messi3.jpg\" alt=\"\" class=\"wp-image-34535\" width=\"582\" height=\"411\" \/><\/figure><\/div>\n\n\n\n<p><sup>(fuente https:\/\/enfantterrible.com.ar\/)<\/sup><\/p>\n\n\n\n<p>Casi 10 a\u00f1os exigiendo el pleno cumplimiento de las leyes de salud mental sancionadas en 2010 convoca a las calles a organizaciones por el derecho a la salud mental, personas usuarias de los servicios -muchas de ellas v\u00edctimas de un sistema de salud desbaratado y manicomializante-, artistas, estudiantes, personal de salud, tambi\u00e9n empobrecido y precarizado a ra\u00edz del recorte presupuestario, con sus particularidades a nivel Provincial.<\/p>\n\n\n\n<p>Este a\u00f1o, el colectivo que organiza la marcha, eligi\u00f3 como consigna\u00a0<em>\u201cCumplir la Ley es prioridad, hay que invertir en la Comunidad\u201d<\/em>\u00a0para movilizar. De esta manera, apuntan una vez m\u00e1s a un eje paradigm\u00e1tico de las Leyes que tiene asiento en el trabajo entre distintos sectores, con asiento fundamental en lo comunitario como forma de abordaje para la desinstitucionalizaci\u00f3n de las personas usuarias.<\/p>\n\n\n\n<p>Seg\u00fan indicaron, en distintos momentos de la movilizaci\u00f3n habr\u00e1&nbsp;<strong>radios abiertas, intervenciones art\u00edsticas y la lectura del documento<\/strong>&nbsp;elaborado por el colectivo organizador y que cuenta con adhesiones de organizaciones locales y nacionales.<\/p>\n\n\n\n<h5 class=\"wp-block-heading\">Manicomios y c\u00e1rceles: m\u00e1quinas de picar carne<\/h5>\n\n\n\n<p>A\u00f1o a a\u00f1o, las discusiones del colectivo avanzan en funci\u00f3n de los contextos. Las consignas se construyen al calor de esos panoramas. Son diagn\u00f3sticos colectivos, relatos que se hacen cuerpo, cuerpos que son vivencias, dentro y fuera de las instituciones. En este sentido, no es casualidad que este a\u00f1o haga alusi\u00f3n a\u00a0<a href=\"https:\/\/enfantterrible.com.ar\/derechos-humanos\/ezequiel-castro-memoria-de-un-crimen-impune\/\"><strong>Ezequiel Castro<\/strong><\/a>\u00a0(21) y la\u00a0<a href=\"https:\/\/enfantterrible.com.ar\/derechos-humanos\/uca-o-centro-cordobesista-de-tortura-estatal\/\"><strong>Unidad de Contenci\u00f3n de Aprehendidos<\/strong><\/a>\u00a0(UCA), que tiene en su predio el\u00a0<strong>Centro Psico Ps\u00edquico Asistencial<\/strong>\u00a0(CPA), un verdadero centro de tortura de las pol\u00edticas represivas del cordobesismo, disfrazado sin ganas como espacio para la atenci\u00f3n de la salud mental.<\/p>\n\n\n\n<p>La familia de Ezequiel se encuentra muy activa exigiendo justicia por la muerte de su hijo, quien falleci\u00f3 en el Hospital Misericordia el pasado 14 de junio, luego de pasar por la UCA y el PSA. Este acercamiento con la Marcha de Salud Mental, encuentra discusiones entre lo que desde el colectivo mencionan:&nbsp;<strong>\u201cCuando las pol\u00edticas represivas se conjugan con el poder deshumanizador del aparato sanitario-punitivo\u201d.<\/strong><\/p>\n\n\n\n<p>A ra\u00edz de estas lecturas e integraciones \u201cen esta edici\u00f3n de la marcha, el colectivo levanta un fuerte y directo reclamo que incluye el cierre del Centro Psicoasistencial y la renuncia de la actual\u00a0<strong>Secretaria de Salud Mental, Mar\u00eda P\u00eda Guidetti<\/strong>, quien, a pesar de sostener un discurso a favor de la Ley, es la principal responsable de que en 12 a\u00f1os no se haya transformado el sistema de atenci\u00f3n a la salud mental como la propia ley lo indica, y que en su lugar se haya implementado una pol\u00edtica de ajuste y vaciamiento institucional\u201d.<\/p>\n\n\n\n<p><\/p>\n\n\n\n<div class=\"wp-block-image\"><figure class=\"alignleft size-full is-resized\"><img loading=\"lazy\" decoding=\"async\" src=\"https:\/\/atecordoba.org\/wp-content\/uploads\/2022\/11\/messi.jpeg\" alt=\"\" class=\"wp-image-34536\" width=\"588\" height=\"588\" srcset=\"https:\/\/atecordoba.org\/wp-content\/uploads\/2022\/11\/messi.jpeg 768w, https:\/\/atecordoba.org\/wp-content\/uploads\/2022\/11\/messi-300x300.jpeg 300w, https:\/\/atecordoba.org\/wp-content\/uploads\/2022\/11\/messi-150x150.jpeg 150w, https:\/\/atecordoba.org\/wp-content\/uploads\/2022\/11\/messi-560x560.jpeg 560w, https:\/\/atecordoba.org\/wp-content\/uploads\/2022\/11\/messi-75x75.jpeg 75w, https:\/\/atecordoba.org\/wp-content\/uploads\/2022\/11\/messi-350x350.jpeg 350w, https:\/\/atecordoba.org\/wp-content\/uploads\/2022\/11\/messi-750x750.jpeg 750w\" sizes=\"auto, (max-width: 588px) 100vw, 588px\" \/><\/figure><\/div>\n\n\n\n<h2 class=\"wp-block-heading\">Desmanicomializar: dif\u00edcil de pronunciar \u00bfY de aplicar?<\/h2>\n\n\n\n<p>La desinstitucionalizaci\u00f3n es tambi\u00e9n desmanicomializaci\u00f3n, siempre y cuando sea planificada para el beneficio com\u00fan y no una oferta de compra-venta para los sectores empresariales, favorecidos la vulnerabilidad y expulsi\u00f3n del Estado, para hacer negocios con la salud en su amplio espectro. Por ende, la desmanicomializaci\u00f3n no s\u00f3lo tiene que ver con la no-existencia de los manicomios, sino en que dentro de esas instituciones que durante tanto tiempo se utilizaron para violentar los derechos y la personas usuarias, se consoliden dispositivos que sustituyan esas l\u00f3gicas e implementen nuevas.<\/p>\n\n\n\n<p>En C\u00f3rdoba se ha visto c\u00f3mo el Gobierno ha avanzado por el camino de la expulsi\u00f3n, tanto hacia las personas usuarias como hacia los gremios de la Salud, tan aplaudidos durante la pandemia del Covid-19. Uno de los casos m\u00e1s pol\u00e9micos este a\u00f1o fue el cierre del<strong>&nbsp;Instituto Provincial de Alcoholismo y Drogadicciones<\/strong>&nbsp;<a href=\"https:\/\/enfantterrible.com.ar\/cordoba\/concentraran-manana-contra-el-cierre-del-ipad\/\">(IPAD)<\/a>*, cuyo personal en parte fue trasladado a otras instituciones de la provincia, aunque otro ni siquiera fue notificado sobre un reordenamiento laboral, vulnerando derechos laborales, atentando contra la atenci\u00f3n que se ven\u00eda realizando en el lugar.<\/p>\n\n\n\n<p>Desde el Colectivo por el Derecho a la Salud Mental denuncian que \u201csi el cierre del IPAD se hubiera dado luego de la adecuaci\u00f3n de los hospitales generales para la atenci\u00f3n de urgencias en salud mental y adicciones, si en su lugar hubiera otros dispositivos alternativos (dispositivos territoriales, centros de d\u00eda, casas de medio camino), desde el Colectivo hubi\u00e9semos celebrado su cierre. Pero, el modo en que ocurri\u00f3 este cierre nos lleva a hacernos una pregunta fundamental: \u00bfQu\u00e9 pas\u00f3 con las personas que estaban el IPAD?, \u00bfQu\u00e9 ocurre con aquellos que necesitaban ese lugar?\u201d, cuestionan.<\/p>\n\n\n\n<h2 class=\"wp-block-heading\">C\u00f3rdoba: casi 10 a\u00f1os como pionera en las calles<\/h2>\n\n\n\n<p>As\u00ed como la Marcha de la Gorra en C\u00f3rdoba fue la primera movilizaci\u00f3n masiva en el pa\u00eds para denunciar los casos de violencia institucional y gatillo f\u00e1cil en los barrios populares y zonas rurales, en 2014 la Marcha por el Derecho a la Salud Mental en C\u00f3rdoba fue la primera en el pa\u00eds en presionar para que el sistema manicomial, impregnado en el Estado, sea erradicado.<\/p>\n\n\n\n<blockquote class=\"wp-block-quote is-layout-flow wp-block-quote-is-layout-flow\"><p>\u201cHist\u00f3ricamente, la salud mental estuvo err\u00f3neamente relegada y segregada como una cuesti\u00f3n de un sector y de una poblaci\u00f3n particular. Frente a esta representaci\u00f3n social, desde el campo de la salud mental comunitaria, se extendi\u00f3 la consigna&nbsp;<em>&#8216;la salud mental no es cosa de locos, es cosa de todos&#8217;.<\/em><br>Lo que esta frase buscaba expresar era la necesidad de entender la salud mental de igual modo que se comprende la salud humana en general\u201d.<\/p><cite><strong>Colectivo por el Derecho a la Salud Mental<\/strong><\/cite><\/blockquote>\n","protected":false},"excerpt":{"rendered":"<p>(fuente https:\/\/enfantterrible.com.ar\/) Casi 10 a\u00f1os exigiendo el pleno cumplimiento de las leyes de salud mental sancionadas en 2010 convoca a las calles a organizaciones por el derecho a la salud mental, personas usuarias de los servicios -muchas de ellas v\u00edctimas de un sistema de salud desbaratado y manicomializante-, artistas, estudiantes, personal de salud, tambi\u00e9n empobrecido [&hellip;]<\/p>\n","protected":false},"author":7,"featured_media":34535,"comment_status":"open","ping_status":"open","sticky":false,"template":"","format":"standard","meta":{"_exactmetrics_skip_tracking":false,"_exactmetrics_sitenote_active":false,"_exactmetrics_sitenote_note":"","_exactmetrics_sitenote_category":0,"jnews-multi-image_gallery":[],"jnews_single_post":{"subtitle":"Ma\u00f1ana se realizar\u00e1 la 9\u00b0 Marcha por el Derecho a la Salud Mental que partir\u00e1 de Col\u00f3n y Ca\u00f1ada. Este a\u00f1o, los reclamos por la plena implementaci\u00f3n de la Ley de Salud Mental se ampl\u00edan en discusiones que llevan a mirar los contextos de encierro de la Provincia de C\u00f3rdoba. Memoria por Ezequiel Castro y el pedido de renuncia de Secretaria de Salud Mental, Mar\u00eda P\u00eda Guidetti. La consgina convocante es \u201cCumplir la Ley es prioridad, hay que invertir en la Comunidad\u201d\u00a0.","format":"standard","video":"","gallery":"","source_name":"","source_url":"","via_name":"","via_url":"","override_template":"0","override":[{"template":"1","single_blog_custom":"","parallax":"1","fullscreen":"1","layout":"right-sidebar","sidebar":"default-sidebar","second_sidebar":"default-sidebar","sticky_sidebar":"1","share_position":"top","share_float_style":"share-monocrhome","show_share_counter":"1","show_view_counter":"1","show_featured":"1","show_post_meta":"1","show_post_author":"1","show_post_author_image":"1","show_post_date":"1","post_date_format":"default","post_date_format_custom":"Y\/m\/d","show_post_category":"1","show_post_reading_time":"0","post_reading_time_wpm":"300","show_zoom_button":"0","zoom_button_out_step":"2","zoom_button_in_step":"3","show_post_tag":"1","show_prev_next_post":"1","show_popup_post":"1","number_popup_post":"1","show_author_box":"0","show_post_related":"0","show_inline_post_related":"0"}],"override_image_size":"0","image_override":[{"single_post_thumbnail_size":"crop-500","single_post_gallery_size":"crop-500"}],"trending_post":"0","trending_post_position":"meta","trending_post_label":"Trending","sponsored_post":"0","sponsored_post_label":"Sponsored by","sponsored_post_name":"","sponsored_post_url":"","sponsored_post_logo_enable":"0","sponsored_post_logo":"","sponsored_post_desc":"","disable_ad":"0"},"jnews_primary_category":{"id":""},"jnews_social_meta":{"fb_title":"","fb_description":"","fb_image":"","twitter_title":"","twitter_description":"","twitter_image":""},"jnews_review":[],"enable_review":"0","type":"percentage","name":"","summary":"","brand":"","sku":"","good":[{"good_text":""}],"bad":[{"bad_text":""}],"score_override":"","override_value":"","rating":[{"rating_text":"","rating_number":"10"}],"price":[{"shop":"","price":"","link":"","icon":""}],"jnews_override_counter":{"override_view_counter":"0","view_counter_number":"0","override_share_counter":"0","share_counter_number":"0","override_like_counter":"0","like_counter_number":"0","override_dislike_counter":"0","dislike_counter_number":"0"},"jnews_post_split":{"enable_post_split":"0","post_split":[{"template":"1","tag":"h2","numbering":"asc","mode":"normal","first":"0","enable_toc":"0","toc_type":"normal"}]},"footnotes":""},"categories":[10],"tags":[1160,964,435],"class_list":["post-34534","post","type-post","status-publish","format-standard","has-post-thumbnail","hentry","category-accion-politica","tag-cordoba-2","tag-marcha-salud-mental","tag-salud-mental"],"jetpack_featured_media_url":"https:\/\/atecordoba.org\/wp-content\/uploads\/2022\/11\/messi3-e1668098060706.jpg","_links":{"self":[{"href":"https:\/\/atecordoba.org\/index.php?rest_route=\/wp\/v2\/posts\/34534","targetHints":{"allow":["GET"]}}],"collection":[{"href":"https:\/\/atecordoba.org\/index.php?rest_route=\/wp\/v2\/posts"}],"about":[{"href":"https:\/\/atecordoba.org\/index.php?rest_route=\/wp\/v2\/types\/post"}],"author":[{"embeddable":true,"href":"https:\/\/atecordoba.org\/index.php?rest_route=\/wp\/v2\/users\/7"}],"replies":[{"embeddable":true,"href":"https:\/\/atecordoba.org\/index.php?rest_route=%2Fwp%2Fv2%2Fcomments&post=34534"}],"version-history":[{"count":1,"href":"https:\/\/atecordoba.org\/index.php?rest_route=\/wp\/v2\/posts\/34534\/revisions"}],"predecessor-version":[{"id":34537,"href":"https:\/\/atecordoba.org\/index.php?rest_route=\/wp\/v2\/posts\/34534\/revisions\/34537"}],"wp:featuredmedia":[{"embeddable":true,"href":"https:\/\/atecordoba.org\/index.php?rest_route=\/wp\/v2\/media\/34535"}],"wp:attachment":[{"href":"https:\/\/atecordoba.org\/index.php?rest_route=%2Fwp%2Fv2%2Fmedia&parent=34534"}],"wp:term":[{"taxonomy":"category","embeddable":true,"href":"https:\/\/atecordoba.org\/index.php?rest_route=%2Fwp%2Fv2%2Fcategories&post=34534"},{"taxonomy":"post_tag","embeddable":true,"href":"https:\/\/atecordoba.org\/index.php?rest_route=%2Fwp%2Fv2%2Ftags&post=34534"}],"curies":[{"name":"wp","href":"https:\/\/api.w.org\/{rel}","templated":true}]}}