{"id":34518,"date":"2022-11-10T11:32:04","date_gmt":"2022-11-10T14:32:04","guid":{"rendered":"https:\/\/atecordoba.org\/?p=34518"},"modified":"2022-11-10T13:45:37","modified_gmt":"2022-11-10T16:45:37","slug":"escalada-de-conflictos-en-la-provincia-ate-ratifica-paro-el-16-de-noviembre-y-jornada-de-lucha-con-movilizacion-a-feriar","status":"publish","type":"post","link":"https:\/\/atecordoba.org\/?p=34518","title":{"rendered":"Escalada de conflictos en la Provincia: ATE ratifica paro el 16 de noviembre y jornada de lucha con movilizaci\u00f3n"},"content":{"rendered":"\n<div class=\"wp-block-image\"><figure class=\"aligncenter size-large is-resized\"><img loading=\"lazy\" decoding=\"async\" src=\"https:\/\/atecordoba.org\/wp-content\/uploads\/2022\/11\/WhatsApp-Image-2022-11-10-at-11.41.42-1024x762.jpeg\" alt=\"\" class=\"wp-image-34524\" width=\"768\" height=\"572\" srcset=\"https:\/\/atecordoba.org\/wp-content\/uploads\/2022\/11\/WhatsApp-Image-2022-11-10-at-11.41.42-1024x762.jpeg 1024w, https:\/\/atecordoba.org\/wp-content\/uploads\/2022\/11\/WhatsApp-Image-2022-11-10-at-11.41.42-300x223.jpeg 300w, https:\/\/atecordoba.org\/wp-content\/uploads\/2022\/11\/WhatsApp-Image-2022-11-10-at-11.41.42-768x571.jpeg 768w, https:\/\/atecordoba.org\/wp-content\/uploads\/2022\/11\/WhatsApp-Image-2022-11-10-at-11.41.42-750x558.jpeg 750w, https:\/\/atecordoba.org\/wp-content\/uploads\/2022\/11\/WhatsApp-Image-2022-11-10-at-11.41.42.jpeg 1081w\" sizes=\"auto, (max-width: 768px) 100vw, 768px\" \/><\/figure><\/div>\n\n\n\n<p>Ante el avance del conflicto de la salud, que se suma a lo acontecido la Secretar\u00eda de Ni\u00f1ez Adolescencia y Familia (SENAF) y los reclamos docentes que se suceden ante el Ministerio de Educaci\u00f3n, ATE ratifica un paro por 24 horas en el Estado provincial, con jornada de lucha y movilizaci\u00f3n.<\/p>\n\n\n\n<p>En ese marco, el secretario General de ATE C\u00f3rdoba, Federico Giuliani, convoc\u00f3 a la unidad en la acci\u00f3n de todas las organizaciones que llevan adelante movilizaciones en rechazo de las pol\u00edticas que implementa el gobernador Juan Schiaretti.<\/p>\n\n\n\n<p>El plan de lucha incluye una segunda movilizaci\u00f3n con jornada de lucha provincial el 23 de noviembre. <\/p>\n\n\n\n<div class=\"wp-block-image\"><figure class=\"aligncenter size-large is-resized\"><img loading=\"lazy\" decoding=\"async\" src=\"https:\/\/atecordoba.org\/wp-content\/uploads\/2022\/11\/WhatsApp-Image-2022-11-10-at-11.13.16-1024x762.jpeg\" alt=\"\" class=\"wp-image-34520\" width=\"768\" height=\"572\" srcset=\"https:\/\/atecordoba.org\/wp-content\/uploads\/2022\/11\/WhatsApp-Image-2022-11-10-at-11.13.16-1024x762.jpeg 1024w, https:\/\/atecordoba.org\/wp-content\/uploads\/2022\/11\/WhatsApp-Image-2022-11-10-at-11.13.16-300x223.jpeg 300w, https:\/\/atecordoba.org\/wp-content\/uploads\/2022\/11\/WhatsApp-Image-2022-11-10-at-11.13.16-768x571.jpeg 768w, https:\/\/atecordoba.org\/wp-content\/uploads\/2022\/11\/WhatsApp-Image-2022-11-10-at-11.13.16-750x558.jpeg 750w, https:\/\/atecordoba.org\/wp-content\/uploads\/2022\/11\/WhatsApp-Image-2022-11-10-at-11.13.16.jpeg 1081w\" sizes=\"auto, (max-width: 768px) 100vw, 768px\" \/><\/figure><\/div>\n\n\n\n<p>En un plenario de delegados provinciales de capital e interior realizado ayer, <a href=\"https:\/\/atecordoba.org\/?p=34496\">se resolvi\u00f3 llevar adelante las medidas de fuerza<\/a>, convocadas por una agenda de reclamos:<\/p>\n\n\n\n<ul class=\"wp-block-list\"><li>Ning\u00fan Trabajador\/a Ni jubilado\/a bajo la linea de la pobreza (128 mil pesos, noviembre 2022)<\/li><li>Pase a Planta Permanente de los\/as precarizadas<\/li><li>Paritarias Libres y Democr\u00e1ticas<\/li><li>Convocatoria de ATE Ya a la Mesa Salarial<\/li><li>Afiliate\/s\u00famate<\/li><li>Derogaci\u00f3n de la Ley de Jubilaciones 10.694 de la Provincia<\/li><\/ul>\n\n\n\n<p><strong>Notificaciones<\/strong><\/p>\n\n\n\n<p>Adjuntamos la correspondientes notificaciones al gobierno de C\u00f3rdoba y al Ministerio de Trabajo de la Naci\u00f3n. Adem\u00e1s, se llevaron adelante notificaciones por el estado de asamblea permanente que d\u00e9 cobertura a las y los compa\u00f1eros en conflicto en cada uno de los hospitales de C\u00f3rdoba entre el 10 y el 15 de noviembre. <\/p>\n\n\n\n<p>A mismo tiempo, se cursaron notificaciones a los ministerios de Justicia, Salud <\/p>\n\n\n\n<p><\/p>\n\n\n<a href=\"https:\/\/atecordoba.org\/wp-content\/uploads\/2022\/11\/Paro-16-11-Gob-de-Cordoba.pdf\" class=\"pdfemb-viewer\" style=\"\" data-width=\"max\" data-height=\"max\" data-toolbar=\"bottom\" data-toolbar-fixed=\"off\">Paro-16-11-Gob-de-Cordoba<\/a>\n<p class=\"wp-block-pdfemb-pdf-embedder-viewer\"><\/p>\n\n\n<a href=\"https:\/\/atecordoba.org\/wp-content\/uploads\/2022\/11\/Paro-16-11-Minist.-Nacion.pdf\" class=\"pdfemb-viewer\" style=\"\" data-width=\"max\" data-height=\"max\" data-toolbar=\"bottom\" data-toolbar-fixed=\"off\">Paro-16-11-Minist.-Nacion<\/a>\n<p class=\"wp-block-pdfemb-pdf-embedder-viewer\"><\/p>\n\n\n<a href=\"https:\/\/atecordoba.org\/wp-content\/uploads\/2022\/11\/Nota-Asamblea-Minist-de-Salud.pdf\" class=\"pdfemb-viewer\" style=\"\" data-width=\"max\" data-height=\"max\" data-toolbar=\"bottom\" data-toolbar-fixed=\"off\">Nota-Asamblea-Minist-de-Salud<\/a>\n<p class=\"wp-block-pdfemb-pdf-embedder-viewer\"><\/p>\n\n\n<a href=\"https:\/\/atecordoba.org\/wp-content\/uploads\/2022\/11\/Paro-minist-Justicia.pdf\" class=\"pdfemb-viewer\" style=\"\" data-width=\"max\" data-height=\"max\" data-toolbar=\"bottom\" data-toolbar-fixed=\"off\">Paro-minist-Justicia<\/a>\n<p class=\"wp-block-pdfemb-pdf-embedder-viewer\"><\/p>\n\n\n<a href=\"https:\/\/atecordoba.org\/wp-content\/uploads\/2022\/11\/Paro-Minist-de-Salud.pdf\" class=\"pdfemb-viewer\" style=\"\" data-width=\"max\" data-height=\"max\" data-toolbar=\"bottom\" data-toolbar-fixed=\"off\">Paro-Minist-de-Salud<\/a>\n<p class=\"wp-block-pdfemb-pdf-embedder-viewer\"><\/p>\n\n\n<a href=\"https:\/\/atecordoba.org\/wp-content\/uploads\/2022\/11\/Asambleas-10-al-15.pdf\" class=\"pdfemb-viewer\" style=\"\" data-width=\"max\" data-height=\"max\" data-toolbar=\"bottom\" data-toolbar-fixed=\"off\">Asambleas-10-al-15<\/a>\n<p class=\"wp-block-pdfemb-pdf-embedder-viewer\"><\/p>\n","protected":false},"excerpt":{"rendered":"<p>Ante el avance del conflicto de la salud, que se suma a lo acontecido la Secretar\u00eda de Ni\u00f1ez Adolescencia y Familia (SENAF) y los reclamos docentes que se suceden ante el Ministerio de Educaci\u00f3n, ATE ratifica un paro por 24 horas en el Estado provincial, con jornada de lucha y movilizaci\u00f3n. En ese marco, el [&hellip;]<\/p>\n","protected":false},"author":7,"featured_media":34527,"comment_status":"open","ping_status":"open","sticky":false,"template":"","format":"standard","meta":{"_exactmetrics_skip_tracking":false,"_exactmetrics_sitenote_active":false,"_exactmetrics_sitenote_note":"","_exactmetrics_sitenote_category":0,"jnews-multi-image_gallery":[],"jnews_single_post":{"subtitle":"El secretario General de ATE C\u00f3rdoba, Federico Giuliani, convoc\u00f3 a la unidad en la acci\u00f3n de todas las organizaciones que llevan adelante conflictos contra el gobierno de Schiaretti.","format":"standard","video":"","gallery":"","source_name":"","source_url":"","via_name":"","via_url":"","override_template":"0","override":[{"template":"1","single_blog_custom":"","parallax":"1","fullscreen":"1","layout":"right-sidebar","sidebar":"default-sidebar","second_sidebar":"default-sidebar","sticky_sidebar":"1","share_position":"top","share_float_style":"share-monocrhome","show_share_counter":"1","show_view_counter":"1","show_featured":"1","show_post_meta":"1","show_post_author":"1","show_post_author_image":"1","show_post_date":"1","post_date_format":"default","post_date_format_custom":"Y\/m\/d","show_post_category":"1","show_post_reading_time":"0","post_reading_time_wpm":"300","show_zoom_button":"0","zoom_button_out_step":"2","zoom_button_in_step":"3","show_post_tag":"1","show_prev_next_post":"1","show_popup_post":"1","number_popup_post":"1","show_author_box":"0","show_post_related":"0","show_inline_post_related":"0"}],"override_image_size":"0","image_override":[{"single_post_thumbnail_size":"crop-500","single_post_gallery_size":"crop-500"}],"trending_post":"0","trending_post_position":"meta","trending_post_label":"Trending","sponsored_post":"0","sponsored_post_label":"Sponsored by","sponsored_post_name":"","sponsored_post_url":"","sponsored_post_logo_enable":"0","sponsored_post_logo":"","sponsored_post_desc":"","disable_ad":"0"},"jnews_primary_category":{"id":""},"jnews_social_meta":{"fb_title":"","fb_description":"","fb_image":"","twitter_title":"","twitter_description":"","twitter_image":""},"jnews_review":[],"enable_review":"0","type":"percentage","name":"","summary":"","brand":"","sku":"","good":[{"good_text":""}],"bad":[{"bad_text":""}],"score_override":"","override_value":"","rating":[{"rating_text":"","rating_number":"10"}],"price":[{"shop":"","price":"","link":"","icon":""}],"jnews_override_counter":{"override_view_counter":"0","view_counter_number":"0","override_share_counter":"0","share_counter_number":"0","override_like_counter":"0","like_counter_number":"0","override_dislike_counter":"0","dislike_counter_number":"0"},"jnews_post_split":{"enable_post_split":"0","post_split":[{"template":"1","tag":"h2","numbering":"asc","mode":"normal","first":"0","enable_toc":"0","toc_type":"normal"}]},"footnotes":""},"categories":[8],"tags":[657,656,658],"class_list":["post-34518","post","type-post","status-publish","format-standard","has-post-thumbnail","hentry","category-provinciales","tag-hospitales-provinciales","tag-paro-provincial","tag-salud-publica"],"jetpack_featured_media_url":"https:\/\/atecordoba.org\/wp-content\/uploads\/2022\/11\/parobis-2-e1668091551954.jpeg","_links":{"self":[{"href":"https:\/\/atecordoba.org\/index.php?rest_route=\/wp\/v2\/posts\/34518","targetHints":{"allow":["GET"]}}],"collection":[{"href":"https:\/\/atecordoba.org\/index.php?rest_route=\/wp\/v2\/posts"}],"about":[{"href":"https:\/\/atecordoba.org\/index.php?rest_route=\/wp\/v2\/types\/post"}],"author":[{"embeddable":true,"href":"https:\/\/atecordoba.org\/index.php?rest_route=\/wp\/v2\/users\/7"}],"replies":[{"embeddable":true,"href":"https:\/\/atecordoba.org\/index.php?rest_route=%2Fwp%2Fv2%2Fcomments&post=34518"}],"version-history":[{"count":5,"href":"https:\/\/atecordoba.org\/index.php?rest_route=\/wp\/v2\/posts\/34518\/revisions"}],"predecessor-version":[{"id":34544,"href":"https:\/\/atecordoba.org\/index.php?rest_route=\/wp\/v2\/posts\/34518\/revisions\/34544"}],"wp:featuredmedia":[{"embeddable":true,"href":"https:\/\/atecordoba.org\/index.php?rest_route=\/wp\/v2\/media\/34527"}],"wp:attachment":[{"href":"https:\/\/atecordoba.org\/index.php?rest_route=%2Fwp%2Fv2%2Fmedia&parent=34518"}],"wp:term":[{"taxonomy":"category","embeddable":true,"href":"https:\/\/atecordoba.org\/index.php?rest_route=%2Fwp%2Fv2%2Fcategories&post=34518"},{"taxonomy":"post_tag","embeddable":true,"href":"https:\/\/atecordoba.org\/index.php?rest_route=%2Fwp%2Fv2%2Ftags&post=34518"}],"curies":[{"name":"wp","href":"https:\/\/api.w.org\/{rel}","templated":true}]}}