{"id":34505,"date":"2022-11-09T11:26:46","date_gmt":"2022-11-09T14:26:46","guid":{"rendered":"https:\/\/atecordoba.org\/?p=34505"},"modified":"2022-11-09T11:27:23","modified_gmt":"2022-11-09T14:27:23","slug":"anac-avances-en-el-dialogo-con-autoridades-del-aeropuerto-cordoba","status":"publish","type":"post","link":"https:\/\/atecordoba.org\/?p=34505","title":{"rendered":"ANAC: avances en el di\u00e1logo con autoridades del Aeropuerto C\u00f3rdoba"},"content":{"rendered":"\n<div class=\"wp-block-image\"><figure class=\"aligncenter size-large\"><img loading=\"lazy\" decoding=\"async\" width=\"1024\" height=\"461\" src=\"https:\/\/atecordoba.org\/wp-content\/uploads\/2022\/11\/ANAC-1024x461.jpeg\" alt=\"\" class=\"wp-image-34506\" \/><figcaption>Integrantes de ATE ANAC junto al coordinador Mario Arce.<\/figcaption><\/figure><\/div>\n\n\n\n<p>Ayer se llev\u00f3 a cabo una reuni\u00f3n entre el Coordinador Nacional de ATE ANAC, Mario Arce, junto al cro Agust\u00edn Bertone, secretario de Acci\u00f3n Social del CDP C\u00f3rdoba, con autoridades del Aeropuerto y compa\u00f1eros del servicio de Control Terrestre o Fiscalizaci\u00f3n.<\/p>\n\n\n\n<p>Se abordaron temas inherentes a la funci\u00f3n de los trabajadores, quienes se desempe\u00f1an en Plataforma que es el \u00e1rea del Aeropuerto &nbsp;destinada a dar cabida a las aeronaves a los fines de embarque o desembarque de pasajeros, correo o carga, de equipaje o aprovisionamiento de combustible, mantenimiento o estacionamiento. <\/p>\n\n\n\n<p>En la agenda de temas tratados se sum\u00f3 la problem\u00e1tica de la dotaci\u00f3n cr\u00edtica, la&nbsp;jornada laboral, el suministro de&nbsp;ropa y calzado de parte de la patronal, adem\u00e1s de infraestructura y Decreto 2314\/09, todas tem\u00e1ticas que conforman la agenda de las hist\u00f3ricos reclamos de ATE ANAC C\u00f3rdoba.<\/p>\n\n\n\n<p>Cabe se\u00f1alar que las y los trabajadores del sector que son los garantes de la seguridad operacional. Desde nuestra organizaci\u00f3n entendemos que el di\u00e1logo es una herramienta fundamental para la resoluci\u00f3n de conflictos que persisten en la ANAC Argentina, ya que no se puede seguir gestionando a espaldas de lxs trabajadorxs y menos a\u00fan sostener privilegios de unos pocos en detrimento del conjunto de trabajadorxs, resumi\u00f3 Bertone.<br><br><\/p>\n","protected":false},"excerpt":{"rendered":"<p>Ayer se llev\u00f3 a cabo una reuni\u00f3n entre el Coordinador Nacional de ATE ANAC, Mario Arce, junto al cro Agust\u00edn Bertone, secretario de Acci\u00f3n Social del CDP C\u00f3rdoba, con autoridades del Aeropuerto y compa\u00f1eros del servicio de Control Terrestre o Fiscalizaci\u00f3n. Se abordaron temas inherentes a la funci\u00f3n de los trabajadores, quienes se desempe\u00f1an en [&hellip;]<\/p>\n","protected":false},"author":7,"featured_media":34506,"comment_status":"open","ping_status":"open","sticky":false,"template":"","format":"standard","meta":{"_exactmetrics_skip_tracking":false,"_exactmetrics_sitenote_active":false,"_exactmetrics_sitenote_note":"","_exactmetrics_sitenote_category":0,"jnews-multi-image_gallery":[],"jnews_single_post":{"subtitle":"Se abord\u00f3 la agenda reivindicativa de ATE respecto a condiciones de trabajo y la calidad de la gesti\u00f3n de los recursos humanos y al v\u00ednculo con nuestro gremio. ","format":"standard","video":"","gallery":"","source_name":"","source_url":"","via_name":"","via_url":"","override_template":"0","override":[{"template":"1","single_blog_custom":"","parallax":"1","fullscreen":"1","layout":"right-sidebar","sidebar":"default-sidebar","second_sidebar":"default-sidebar","sticky_sidebar":"1","share_position":"top","share_float_style":"share-monocrhome","show_share_counter":"1","show_view_counter":"1","show_featured":"1","show_post_meta":"1","show_post_author":"1","show_post_author_image":"1","show_post_date":"1","post_date_format":"default","post_date_format_custom":"Y\/m\/d","show_post_category":"1","show_post_reading_time":"0","post_reading_time_wpm":"300","show_zoom_button":"0","zoom_button_out_step":"2","zoom_button_in_step":"3","show_post_tag":"1","show_prev_next_post":"1","show_popup_post":"1","number_popup_post":"1","show_author_box":"0","show_post_related":"0","show_inline_post_related":"0"}],"override_image_size":"0","image_override":[{"single_post_thumbnail_size":"crop-500","single_post_gallery_size":"crop-500"}],"trending_post":"0","trending_post_position":"meta","trending_post_label":"Trending","sponsored_post":"0","sponsored_post_label":"Sponsored by","sponsored_post_name":"","sponsored_post_url":"","sponsored_post_logo_enable":"0","sponsored_post_logo":"","sponsored_post_desc":"","disable_ad":"0"},"jnews_primary_category":{"id":""},"jnews_social_meta":{"fb_title":"","fb_description":"","fb_image":"","twitter_title":"","twitter_description":"","twitter_image":""},"jnews_review":[],"enable_review":"0","type":"percentage","name":"","summary":"","brand":"","sku":"","good":[{"good_text":""}],"bad":[{"bad_text":""}],"score_override":"","override_value":"","rating":[{"rating_text":"","rating_number":"10"}],"price":[{"shop":"","price":"","link":"","icon":""}],"jnews_override_counter":{"override_view_counter":"0","view_counter_number":"0","override_share_counter":"0","share_counter_number":"0","override_like_counter":"0","like_counter_number":"0","override_dislike_counter":"0","dislike_counter_number":"0"},"jnews_post_split":{"enable_post_split":"0","post_split":[{"template":"1","tag":"h2","numbering":"asc","mode":"normal","first":"0","enable_toc":"0","toc_type":"normal"}]},"footnotes":""},"categories":[18],"tags":[33,1268],"class_list":["post-34505","post","type-post","status-publish","format-standard","has-post-thumbnail","hentry","category-nacionales","tag-anac","tag-anac-cordoba"],"jetpack_featured_media_url":"https:\/\/atecordoba.org\/wp-content\/uploads\/2022\/11\/ANAC-e1668003997377.jpeg","_links":{"self":[{"href":"https:\/\/atecordoba.org\/index.php?rest_route=\/wp\/v2\/posts\/34505","targetHints":{"allow":["GET"]}}],"collection":[{"href":"https:\/\/atecordoba.org\/index.php?rest_route=\/wp\/v2\/posts"}],"about":[{"href":"https:\/\/atecordoba.org\/index.php?rest_route=\/wp\/v2\/types\/post"}],"author":[{"embeddable":true,"href":"https:\/\/atecordoba.org\/index.php?rest_route=\/wp\/v2\/users\/7"}],"replies":[{"embeddable":true,"href":"https:\/\/atecordoba.org\/index.php?rest_route=%2Fwp%2Fv2%2Fcomments&post=34505"}],"version-history":[{"count":2,"href":"https:\/\/atecordoba.org\/index.php?rest_route=\/wp\/v2\/posts\/34505\/revisions"}],"predecessor-version":[{"id":34508,"href":"https:\/\/atecordoba.org\/index.php?rest_route=\/wp\/v2\/posts\/34505\/revisions\/34508"}],"wp:featuredmedia":[{"embeddable":true,"href":"https:\/\/atecordoba.org\/index.php?rest_route=\/wp\/v2\/media\/34506"}],"wp:attachment":[{"href":"https:\/\/atecordoba.org\/index.php?rest_route=%2Fwp%2Fv2%2Fmedia&parent=34505"}],"wp:term":[{"taxonomy":"category","embeddable":true,"href":"https:\/\/atecordoba.org\/index.php?rest_route=%2Fwp%2Fv2%2Fcategories&post=34505"},{"taxonomy":"post_tag","embeddable":true,"href":"https:\/\/atecordoba.org\/index.php?rest_route=%2Fwp%2Fv2%2Ftags&post=34505"}],"curies":[{"name":"wp","href":"https:\/\/api.w.org\/{rel}","templated":true}]}}