{"id":34496,"date":"2022-11-08T14:51:57","date_gmt":"2022-11-08T17:51:57","guid":{"rendered":"https:\/\/atecordoba.org\/?p=34496"},"modified":"2022-11-08T14:51:58","modified_gmt":"2022-11-08T17:51:58","slug":"ante-el-alza-de-los-conflictos-sectoriales-el-plenario-de-ate-cordoba-convoco-a-dos-jornadas-de-lucha-en-noviembre","status":"publish","type":"post","link":"https:\/\/atecordoba.org\/?p=34496","title":{"rendered":"Ante el alza de los conflictos sectoriales el Plenario de ATE C\u00f3rdoba convoc\u00f3 a dos jornadas de lucha en noviembre"},"content":{"rendered":"\n<div class=\"wp-block-image\"><figure class=\"aligncenter size-large is-resized\"><img loading=\"lazy\" decoding=\"async\" src=\"https:\/\/atecordoba.org\/wp-content\/uploads\/2022\/11\/WhatsApp-Image-2022-11-08-at-12.33.56-1024x575.jpeg\" alt=\"\" class=\"wp-image-34497\" width=\"768\" height=\"431\" \/><\/figure><\/div>\n\n\n\n<p>En un importante plenario de delegados y delegadas de provinciales desarrollado hoy en el auditorio H\u00e9ctor La Perra Castro del Consejo Directivo Provincial (CDP), ATE C\u00f3rdoba resolvi\u00f3 llevar a cabo dos jornadas de protesta en noviembre, los d\u00edas 16 y 23 de noviembre, para reclamar una recomposici\u00f3n salarial de fin de a\u00f1o que ubique los pisos salariales de las y los trabajadores provinciales en 128 mil pesos, l\u00edmite que estableci\u00f3 el INDEC para que una familia cubra la canasta b\u00e1sica en Argentina.<\/p>\n\n\n\n<p>El plenario resolvi\u00f3 que dicho monto debe ser en blanco al mismo tiempo que reclam\u00f3 la derogaci\u00f3n de la ley 10694, que difiere el pago de las actualizaciones salariales de las y los jubilados en tres meses respecto al personal activo. La primera de las movilizaciones del d\u00eda 16 concentrar\u00e1 en el Centro de Convenciones de Feriar, a las 9 horas, ya que all\u00ed el gobierno de provincia organiza un congreso internacional por los derechos de las infancias y adolescencias. <\/p>\n\n\n\n<div class=\"wp-block-image\"><figure class=\"alignleft size-large is-resized\"><img loading=\"lazy\" decoding=\"async\" src=\"https:\/\/atecordoba.org\/wp-content\/uploads\/2022\/11\/314784821_498855838931002_1888393718790771775_n-1024x576.jpg\" alt=\"\" class=\"wp-image-34498\" width=\"747\" height=\"420\" srcset=\"https:\/\/atecordoba.org\/wp-content\/uploads\/2022\/11\/314784821_498855838931002_1888393718790771775_n-1024x576.jpg 1024w, https:\/\/atecordoba.org\/wp-content\/uploads\/2022\/11\/314784821_498855838931002_1888393718790771775_n-300x169.jpg 300w, https:\/\/atecordoba.org\/wp-content\/uploads\/2022\/11\/314784821_498855838931002_1888393718790771775_n-768x432.jpg 768w, https:\/\/atecordoba.org\/wp-content\/uploads\/2022\/11\/314784821_498855838931002_1888393718790771775_n-1536x864.jpg 1536w, https:\/\/atecordoba.org\/wp-content\/uploads\/2022\/11\/314784821_498855838931002_1888393718790771775_n-750x422.jpg 750w, https:\/\/atecordoba.org\/wp-content\/uploads\/2022\/11\/314784821_498855838931002_1888393718790771775_n-1140x641.jpg 1140w, https:\/\/atecordoba.org\/wp-content\/uploads\/2022\/11\/314784821_498855838931002_1888393718790771775_n.jpg 2048w\" sizes=\"auto, (max-width: 747px) 100vw, 747px\" \/><\/figure><\/div>\n\n\n\n<p>En la oportunidad estuvieron presentes representantes de capital e interior, dando cuenta de la ebullici\u00f3n que tienen los sectores provinciales ante la p\u00e9rdida permanente del poder adquisitivo que vienen imponiendo los acuerdos salariales del SEP y la UEPC a los bolsillos de los estatales cordobeses. <\/p>\n\n\n\n<p>El secretario General de ATE C\u00f3rdoba destac\u00f3 esta ma\u00f1ana &#8220;la importancia del encuentro&#8221; y anim\u00f3 a &#8220;intercambiar diagn\u00f3sticos sobre lo que est\u00e1 viviendo cada sector. El eje en com\u00fan que definimos es salir a pelar una jornada de lucha provincial que unifique las micropeleas que se van dando en los sectores como Salud, Educaci\u00f3n, Senaf&#8221;.<\/p>\n\n\n\n<p>Efectivamente, participaron sectores como los hospitales del interior como R\u00edo Cuarto, Santa Mar\u00eda de Punilla, Villa Dolores, y de capital como Misericordia, De Ni\u00f1os, Maternidad Provincial, San Roque Viejo y Casa del Joven; auxiliares de Paicor y de limpieza de R\u00edo Tercero y Tancacha; junto a SENAF, Complejo Esperanza, Residencias, Prevenci\u00f3n, Equipo T\u00e9cnico Penal Juvenil, a lo que se sum\u00f3 ATE Educaci\u00f3n, en niveles medio, adultos y sede central.<\/p>\n\n\n\n<p>Giuliani aclar\u00f3 que &#8220;no solo queremos visibilizar la realidad dura que se vive en la Provincia con salarios de pobreza,\u00a0 precarizaci\u00f3n laboral, condiciones de trabajo indignas, sino tambi\u00e9n el reclamo por estar en la paritaria provincial, derecho que hasta el momento nos niega el gobierno de Juan Schiaretti&#8221;.<\/p>\n\n\n\n<p>El dirigente anticip\u00f3 que &#8220;seguramente en la reapertura de la paritaria se convoca al SEP, que es el sindicato servil y amarillo a disposici\u00f3n del Gobierno, y va a salir un acuerdo salarial a la baja que deje de lado todas las dem\u00e1s problem\u00e1ticas que hacen al trabajo cotidiano, como la estabilidad laboral, condiciones de trabajo, higiene y seguridad&#8221;.<\/p>\n\n\n\n<div class=\"wp-block-image\"><figure class=\"alignright size-large is-resized\"><img loading=\"lazy\" decoding=\"async\" src=\"https:\/\/atecordoba.org\/wp-content\/uploads\/2022\/11\/WhatsApp-Image-2022-11-08-at-12.33.56-1-1024x575.jpeg\" alt=\"\" class=\"wp-image-34499\" width=\"745\" height=\"419\" srcset=\"https:\/\/atecordoba.org\/wp-content\/uploads\/2022\/11\/WhatsApp-Image-2022-11-08-at-12.33.56-1-1024x575.jpeg 1024w, https:\/\/atecordoba.org\/wp-content\/uploads\/2022\/11\/WhatsApp-Image-2022-11-08-at-12.33.56-1-300x169.jpeg 300w, https:\/\/atecordoba.org\/wp-content\/uploads\/2022\/11\/WhatsApp-Image-2022-11-08-at-12.33.56-1-768x432.jpeg 768w, https:\/\/atecordoba.org\/wp-content\/uploads\/2022\/11\/WhatsApp-Image-2022-11-08-at-12.33.56-1-1536x863.jpeg 1536w, https:\/\/atecordoba.org\/wp-content\/uploads\/2022\/11\/WhatsApp-Image-2022-11-08-at-12.33.56-1-750x421.jpeg 750w, https:\/\/atecordoba.org\/wp-content\/uploads\/2022\/11\/WhatsApp-Image-2022-11-08-at-12.33.56-1-1140x641.jpeg 1140w, https:\/\/atecordoba.org\/wp-content\/uploads\/2022\/11\/WhatsApp-Image-2022-11-08-at-12.33.56-1.jpeg 1600w\" sizes=\"auto, (max-width: 745px) 100vw, 745px\" \/><\/figure><\/div>\n\n\n\n<p><strong>Convocatoria<\/strong><\/p>\n\n\n\n<p>Por otro lado, Giuliani apunt\u00f3 a que la variedad de la convocatoria a este plenario es importante &#8220;porque expresa que ATE est\u00e1 creciendo en cantidad y calidad, con delegados y delegadas, y tambi\u00e9n la presencia del interior&#8221;.<\/p>\n\n\n\n<p>El secretario General evalu\u00f3 favorablemente el contexto para relanzar un plan de lucha porque &#8220;estamos frente a un gobierno que viene golpeado: el caso del Neonatal se llev\u00f3 puesto al ex ministro Diego Cardozo y el accidente de las Altas Cumbres que protagoniz\u00f3 Oscar Gonzalez destap\u00f3 los privilegios de una casta pol\u00edtica que vive una realidad distinta a la de los trabajadores de a pie. Entramos a una coyuntura electoral por lo que entendemos que es el momento para pegar en conjunto y que nuestras voces sean escuchadas&#8221;.<\/p>\n\n\n\n<p>Adem\u00e1s, Giuliani dijo que en las jornadas de protesta &#8220;vamos a rechazar los proyectos del oficialismo y de Juntos por el Cambio de criminalizar y limitar la protesta social para disciplinar a los laburantes. Queremos poner en la calle la agenda nuestra&#8221;.<\/p>\n\n\n\n<p><strong>Agenda<\/strong><\/p>\n\n\n\n<ul class=\"wp-block-list\"><li>-Ning\u00fan Trabajador\/a Ni jubilado\/a bajo la linea de la pobreza (128 mil pesos, noviembre 2022)<\/li><li>Pase a Planta Permanente de los\/as precarizadas<\/li><li>Paritarias Libres y Democr\u00e1ticas<\/li><li>Convocatoria de ATE Ya a la Mesa Salarial<\/li><li>Afiliate\/s\u00famate<\/li><li> Derogaci\u00f3n de la Ley de Jubilaciones 10.694 de la Provincia <\/li><\/ul>\n\n\n\n<p>Adem\u00e1s participaremos de las medidas en:<\/p>\n\n\n\n<ul class=\"wp-block-list\"><li>9\/11 Asamblea y quite de colaboraci\u00f3n de 8 a 11 horas en MATERNIDAD PROVINCIAL.<\/li><li>10\/11 &#8211; de 8 a 12 sentada y Asamblea en HOSPITAL MISERICORDIA.<\/li><li>-Corte de Calle en el HOSPITAL PEDI\u00c1TRICO.<\/li><li>11\/11 Marcha por el DERECHO A LA SALUD MENTAL. <\/li><li>16\/11 &#8211; Paro HOSPITAL DE NI\u00d1OS. <\/li><li>17 hs MOVILIZACI\u00d3N CONTRA LA CRIMINALIZACI\u00d3N DE LA PROTESTA.<\/li><\/ul>\n\n\n\n<div class=\"wp-block-image\"><figure class=\"alignleft size-large is-resized\"><img loading=\"lazy\" decoding=\"async\" src=\"https:\/\/atecordoba.org\/wp-content\/uploads\/2022\/11\/314370221_498855965597656_5100571468539855435_n-1-1024x576.jpg\" alt=\"\" class=\"wp-image-34501\" width=\"661\" height=\"372\" srcset=\"https:\/\/atecordoba.org\/wp-content\/uploads\/2022\/11\/314370221_498855965597656_5100571468539855435_n-1-1024x576.jpg 1024w, https:\/\/atecordoba.org\/wp-content\/uploads\/2022\/11\/314370221_498855965597656_5100571468539855435_n-1-300x169.jpg 300w, https:\/\/atecordoba.org\/wp-content\/uploads\/2022\/11\/314370221_498855965597656_5100571468539855435_n-1-768x432.jpg 768w, https:\/\/atecordoba.org\/wp-content\/uploads\/2022\/11\/314370221_498855965597656_5100571468539855435_n-1-1536x864.jpg 1536w, https:\/\/atecordoba.org\/wp-content\/uploads\/2022\/11\/314370221_498855965597656_5100571468539855435_n-1-750x422.jpg 750w, https:\/\/atecordoba.org\/wp-content\/uploads\/2022\/11\/314370221_498855965597656_5100571468539855435_n-1-1140x641.jpg 1140w, https:\/\/atecordoba.org\/wp-content\/uploads\/2022\/11\/314370221_498855965597656_5100571468539855435_n-1.jpg 2048w\" sizes=\"auto, (max-width: 661px) 100vw, 661px\" \/><\/figure><\/div>\n\n\n\n<p><strong>Miradas<\/strong><\/p>\n\n\n\n<p>Entre los participantes del plenario estuvo el compa\u00f1ero Alejandro Rivas, docente de modalidad adultos, delegado de escuela e integrante de la agrupaci\u00f3n Encuentro Docente.<\/p>\n\n\n\n<p>Consultado sobre su impresi\u00f3n del plenario dijo que le pareci\u00f3 \u201cun escenario muy bueno y necesario, porque es un espacio plural que nos da una perspectiva m\u00e1s amplia de la realidad que vivimos los gremios en general y especialmente los que estamos en el \u00e1mbito p\u00fablico\u201d.<\/p>\n\n\n\n<p>Y agreg\u00f3 que \u201ceste a\u00f1o miramos con gran preocupaci\u00f3n la situaci\u00f3n de la docencia porque el deterioro de nuestras condiciones de trabajo y salariales son cada vez mayores. Sentimos que el sindicato hegem\u00f3nico juega m\u00e1s para el patr\u00f3n que para nuestros intereses, eso genera mucha cr\u00edtica y hay un vac\u00edo de representaci\u00f3n. Las escuelas est\u00e1n debatiendo esto y se le asigna al gremio docentes la responsabilidad de lo mal que estamos\u201d.<\/p>\n\n\n\n<p>Por su parte, la delegada del Hospital San Antonio de Padua, Andrea Ferreyra, se\u00f1al\u00f3 que en R\u00edo Cuarto se est\u00e1n llevando adelante procesos similares al resto de la provincia y destac\u00f3 que \u201cvamos a llevar a los compa\u00f1eros y compa\u00f1eras la tranquilidad de que en ATE estamos en sinton\u00eda con lo que est\u00e1n planteando las bases\u201d.<\/p>\n\n\n\n<div class=\"wp-block-image\"><figure class=\"alignright size-large is-resized\"><img loading=\"lazy\" decoding=\"async\" src=\"https:\/\/atecordoba.org\/wp-content\/uploads\/2022\/11\/314019244_498855902264329_1864636010432110629_n-1024x576.jpg\" alt=\"\" class=\"wp-image-34502\" width=\"738\" height=\"415\" srcset=\"https:\/\/atecordoba.org\/wp-content\/uploads\/2022\/11\/314019244_498855902264329_1864636010432110629_n-1024x576.jpg 1024w, https:\/\/atecordoba.org\/wp-content\/uploads\/2022\/11\/314019244_498855902264329_1864636010432110629_n-300x169.jpg 300w, https:\/\/atecordoba.org\/wp-content\/uploads\/2022\/11\/314019244_498855902264329_1864636010432110629_n-768x432.jpg 768w, https:\/\/atecordoba.org\/wp-content\/uploads\/2022\/11\/314019244_498855902264329_1864636010432110629_n-1536x864.jpg 1536w, https:\/\/atecordoba.org\/wp-content\/uploads\/2022\/11\/314019244_498855902264329_1864636010432110629_n-750x422.jpg 750w, https:\/\/atecordoba.org\/wp-content\/uploads\/2022\/11\/314019244_498855902264329_1864636010432110629_n-1140x641.jpg 1140w, https:\/\/atecordoba.org\/wp-content\/uploads\/2022\/11\/314019244_498855902264329_1864636010432110629_n.jpg 2048w\" sizes=\"auto, (max-width: 738px) 100vw, 738px\" \/><\/figure><\/div>\n\n\n\n<p>\u201cEn el hospital tenemos m\u00faltiples focos de conflicto que se enlazan y potencian unos con otros. Por un lado est\u00e1 la situaci\u00f3n de la guardia central, que puso a disposici\u00f3n las renuncias de todos. La reacci\u00f3n del gobierno fue ofrecer un bono de 70 mil pesos que la mayor\u00eda no quiere aceptar porque la consideran discriminatoria en tanto solo es el personal que cumple guardia, entonces quien tiene la misma carga horaria pero est\u00e1 en otro sector del hospital no lo va a percibir. Adem\u00e1s, el bono no ingresa al b\u00e1sico y por lo tanto no impacta ni en aguinaldo ni en jubilaciones, y se deja de percibir si el trabajador debe sacar una licencia por motivos de salud. El resto de los servicios estamos en estado de alerta y movilizados, y ya emplazamos a los funcionarios que el lunes deben darnos una respuesta a los reclamos planteados porque sino empiezan las medidas de fuerza, de menor a mayor, resintiendo los servicios\u201d. <\/p>\n\n\n\n<p>A su turno, la delegada de ATE en SENAF, Irina Silberman, dijo que &#8220;la alta participaci\u00f3n da cuenta del crecimiento que est\u00e1 teniendo ATE en el sector provincial&#8221;. <\/p>\n\n\n\n<p>Y resumi\u00f3 se\u00f1alando que &#8220;la idea es compartir las realidades de los distintos sectores para sentirnos acompa\u00f1ados y fortalecidos para pensar un plan de lucha que tienda a garantizar mejores condiciones de trabajo y m\u00e1s derechos para las y los provinciales&#8221;.<\/p>\n\n\n\n<p><\/p>\n","protected":false},"excerpt":{"rendered":"<p>En un importante plenario de delegados y delegadas de provinciales desarrollado hoy en el auditorio H\u00e9ctor La Perra Castro del Consejo Directivo Provincial (CDP), ATE C\u00f3rdoba resolvi\u00f3 llevar a cabo dos jornadas de protesta en noviembre, los d\u00edas 16 y 23 de noviembre, para reclamar una recomposici\u00f3n salarial de fin de a\u00f1o que ubique los [&hellip;]<\/p>\n","protected":false},"author":7,"featured_media":34497,"comment_status":"open","ping_status":"open","sticky":false,"template":"","format":"standard","meta":{"_exactmetrics_skip_tracking":false,"_exactmetrics_sitenote_active":false,"_exactmetrics_sitenote_note":"","_exactmetrics_sitenote_category":0,"jnews-multi-image_gallery":[],"jnews_single_post":{"subtitle":"El secretario General de ATE C\u00f3rdoba, Federico Giuliani dijo que \"la variedad de la convocatoria expresa que ATE est\u00e1 creciendo en cantidad y calidad, con delegados y delegadas, y tambi\u00e9n la presencia del interior\". Adem\u00e1s valor\u00f3 positivamente el momento \"frente a un gobierno que est\u00e1 golpeado\" por sucesivos los esc\u00e1ndalos. ATE Convoca movilizar a Feriar el 16 de noviembre, donde Schiaretti organiza un congreso internacional de derechos de ni\u00f1eses y adolescencias.","format":"standard","video":"","gallery":"","source_name":"","source_url":"","via_name":"","via_url":"","override_template":"0","override":[{"template":"1","single_blog_custom":"","parallax":"1","fullscreen":"1","layout":"right-sidebar","sidebar":"default-sidebar","second_sidebar":"default-sidebar","sticky_sidebar":"1","share_position":"top","share_float_style":"share-monocrhome","show_share_counter":"1","show_view_counter":"1","show_featured":"1","show_post_meta":"1","show_post_author":"1","show_post_author_image":"1","show_post_date":"1","post_date_format":"default","post_date_format_custom":"Y\/m\/d","show_post_category":"1","show_post_reading_time":"0","post_reading_time_wpm":"300","show_zoom_button":"0","zoom_button_out_step":"2","zoom_button_in_step":"3","show_post_tag":"1","show_prev_next_post":"1","show_popup_post":"1","number_popup_post":"1","show_author_box":"0","show_post_related":"0","show_inline_post_related":"0"}],"override_image_size":"0","image_override":[{"single_post_thumbnail_size":"crop-500","single_post_gallery_size":"crop-500"}],"trending_post":"0","trending_post_position":"meta","trending_post_label":"Trending","sponsored_post":"0","sponsored_post_label":"Sponsored by","sponsored_post_name":"","sponsored_post_url":"","sponsored_post_logo_enable":"0","sponsored_post_logo":"","sponsored_post_desc":"","disable_ad":"0"},"jnews_primary_category":{"id":""},"jnews_social_meta":{"fb_title":"","fb_description":"","fb_image":"","twitter_title":"","twitter_description":"","twitter_image":""},"jnews_review":[],"enable_review":"0","type":"percentage","name":"","summary":"","brand":"","sku":"","good":[{"good_text":""}],"bad":[{"bad_text":""}],"score_override":"","override_value":"","rating":[{"rating_text":"","rating_number":"10"}],"price":[{"shop":"","price":"","link":"","icon":""}],"jnews_override_counter":{"override_view_counter":"0","view_counter_number":"0","override_share_counter":"0","share_counter_number":"0","override_like_counter":"0","like_counter_number":"0","override_dislike_counter":"0","dislike_counter_number":"0"},"jnews_post_split":{"enable_post_split":"0","post_split":[{"template":"1","tag":"h2","numbering":"asc","mode":"normal","first":"0","enable_toc":"0","toc_type":"normal"}]},"footnotes":""},"categories":[8],"tags":[1160,561],"class_list":["post-34496","post","type-post","status-publish","format-standard","has-post-thumbnail","hentry","category-provinciales","tag-cordoba-2","tag-plenario-provincial"],"jetpack_featured_media_url":"https:\/\/atecordoba.org\/wp-content\/uploads\/2022\/11\/WhatsApp-Image-2022-11-08-at-12.33.56-e1667929678488.jpeg","_links":{"self":[{"href":"https:\/\/atecordoba.org\/index.php?rest_route=\/wp\/v2\/posts\/34496","targetHints":{"allow":["GET"]}}],"collection":[{"href":"https:\/\/atecordoba.org\/index.php?rest_route=\/wp\/v2\/posts"}],"about":[{"href":"https:\/\/atecordoba.org\/index.php?rest_route=\/wp\/v2\/types\/post"}],"author":[{"embeddable":true,"href":"https:\/\/atecordoba.org\/index.php?rest_route=\/wp\/v2\/users\/7"}],"replies":[{"embeddable":true,"href":"https:\/\/atecordoba.org\/index.php?rest_route=%2Fwp%2Fv2%2Fcomments&post=34496"}],"version-history":[{"count":1,"href":"https:\/\/atecordoba.org\/index.php?rest_route=\/wp\/v2\/posts\/34496\/revisions"}],"predecessor-version":[{"id":34503,"href":"https:\/\/atecordoba.org\/index.php?rest_route=\/wp\/v2\/posts\/34496\/revisions\/34503"}],"wp:featuredmedia":[{"embeddable":true,"href":"https:\/\/atecordoba.org\/index.php?rest_route=\/wp\/v2\/media\/34497"}],"wp:attachment":[{"href":"https:\/\/atecordoba.org\/index.php?rest_route=%2Fwp%2Fv2%2Fmedia&parent=34496"}],"wp:term":[{"taxonomy":"category","embeddable":true,"href":"https:\/\/atecordoba.org\/index.php?rest_route=%2Fwp%2Fv2%2Fcategories&post=34496"},{"taxonomy":"post_tag","embeddable":true,"href":"https:\/\/atecordoba.org\/index.php?rest_route=%2Fwp%2Fv2%2Ftags&post=34496"}],"curies":[{"name":"wp","href":"https:\/\/api.w.org\/{rel}","templated":true}]}}