{"id":3449,"date":"2013-10-17T20:47:58","date_gmt":"2013-10-17T23:47:58","guid":{"rendered":"http:\/\/www.atecordoba.org\/?p=3449"},"modified":"2013-10-17T20:47:58","modified_gmt":"2013-10-17T23:47:58","slug":"consulta-popular-en-la-unc","status":"publish","type":"post","link":"https:\/\/atecordoba.org\/?p=3449","title":{"rendered":"Consulta popular en la UNC"},"content":{"rendered":"<p><em>Un referendum en la Facultad de Odontolog\u00eda, entre los trabajadores, defini\u00f3 desdoblar un cargo 1 en tres cargos 7 para que tres compa\u00f1eros puedan pasar a planta permanente.<\/em><\/p>\n<div>\n<div>\n<div><a href=\"http:\/\/www.atecordoba.org\/wp-content\/uploads\/2013\/10\/2013-10-17-14.36.35-e1382053239800.jpg\"><img loading=\"lazy\" decoding=\"async\" class=\"size-full wp-image-3450 aligncenter\" alt=\"2013-10-17 14.36.35\" src=\"http:\/\/www.atecordoba.org\/wp-content\/uploads\/2013\/10\/2013-10-17-14.36.35-e1382053239800.jpg\" width=\"400\" height=\"300\" \/><\/a><\/div>\n<div>\n<\/div>\n<div>Se trata de la consulta popular impulsada por ATE para que los compa\u00f1eros decidan que propuesta iba a llevar nuestro gremio ante las autoridades de la dependencia.<\/div>\n<div>La decisi\u00f3n de impulsar la consulta responde a que, de acuerdo a las conversaciones que ven\u00edan teniendo los delegados de ATE de la dependencia con los trabajadores, se encontraron con posiciones encontradas. &#8220;Ante tal situaci\u00f3n, decidimos que nada mejor que impulsar una consulta popular para que los compa\u00f1eros sean protagonistas y definan democr\u00e1ticamente que propuesta elevamos al Decanato&#8221; coment\u00f3 Veronica Giordano, delegada de ATE del sector.<\/p>\n<\/div>\n<div>El resultado arroj\u00f3 por abrumadora mayor\u00eda, un 68% de los votos contra un 28%, a favor que se desdoblara el cargo para crear 3 cargos iniciales con el fin de avanzar con el pase a planta permanente de los compa\u00f1eros contratados.<\/p>\n<\/div>\n<div>A su turno, Francisco Pavan, trabajador no docente de la UNC y miembro del Consejo Directivo Provincial expres\u00f3: &#8220;Desde ATE entendemos que esta es la forma de construir democracia sindical, consultando a los compa\u00f1eros, debatiendo en asambleas, proponiendo consultas permanentes. Lamentamos que otros actores hayan salido a hacer campa\u00f1a para que los trabajadores no vayan a votar, apretando compa\u00f1eros. Desde nuestra organizaci\u00f3n entendemos que la democracia se ejerce participando, debatiendo, construyendo. No compartimos la idea de forzar a compa\u00f1eros a renunciar a su derecho a expresar una opini\u00f3n. Eso, para nosotros, no es una practica democr\u00e1tica y, por lo tanto, los llamamos a la reflexi\u00f3n. Entendemos que estas situaciones promueven la divisi\u00f3n entre trabajadores y los \u00fanicos que se benefician son las autoridades.<\/p>\n<\/div>\n<div>Fiel al mandato recibido por los trabajadores de la Facultad de Odontolog\u00eda, ATE elevar\u00e1 la propuesta al decanato para desdoblar el cargo mencionado.<\/div>\n<\/div>\n<\/div>\n","protected":false},"excerpt":{"rendered":"<p>Un referendum en la Facultad de Odontolog\u00eda, entre los trabajadores, defini\u00f3 desdoblar un cargo 1 en tres cargos 7 para que tres compa\u00f1eros puedan pasar a planta permanente. Se trata de la consulta popular impulsada por ATE para que los compa\u00f1eros decidan que propuesta iba a llevar nuestro gremio ante las autoridades de la dependencia. [&hellip;]<\/p>\n","protected":false},"author":1,"featured_media":19220,"comment_status":"open","ping_status":"open","sticky":false,"template":"","format":"standard","meta":{"_exactmetrics_skip_tracking":false,"_exactmetrics_sitenote_active":false,"_exactmetrics_sitenote_note":"","_exactmetrics_sitenote_category":0,"jnews-multi-image_gallery":[],"jnews_single_post":[],"jnews_primary_category":[],"jnews_social_meta":[],"jnews_review":[],"enable_review":"","type":"","name":"","summary":"","brand":"","sku":"","good":[],"bad":[],"score_override":"","override_value":"","rating":[],"price":[],"jnews_override_counter":[],"jnews_post_split":[],"footnotes":""},"categories":[18,89],"tags":[],"class_list":["post-3449","post","type-post","status-publish","format-standard","has-post-thumbnail","hentry","category-nacionales","category-unc"],"jetpack_featured_media_url":"https:\/\/atecordoba.org\/wp-content\/uploads\/2020\/05\/logo-nuevochico-e1561581322808.png","_links":{"self":[{"href":"https:\/\/atecordoba.org\/index.php?rest_route=\/wp\/v2\/posts\/3449","targetHints":{"allow":["GET"]}}],"collection":[{"href":"https:\/\/atecordoba.org\/index.php?rest_route=\/wp\/v2\/posts"}],"about":[{"href":"https:\/\/atecordoba.org\/index.php?rest_route=\/wp\/v2\/types\/post"}],"author":[{"embeddable":true,"href":"https:\/\/atecordoba.org\/index.php?rest_route=\/wp\/v2\/users\/1"}],"replies":[{"embeddable":true,"href":"https:\/\/atecordoba.org\/index.php?rest_route=%2Fwp%2Fv2%2Fcomments&post=3449"}],"version-history":[{"count":0,"href":"https:\/\/atecordoba.org\/index.php?rest_route=\/wp\/v2\/posts\/3449\/revisions"}],"wp:featuredmedia":[{"embeddable":true,"href":"https:\/\/atecordoba.org\/index.php?rest_route=\/wp\/v2\/media\/19220"}],"wp:attachment":[{"href":"https:\/\/atecordoba.org\/index.php?rest_route=%2Fwp%2Fv2%2Fmedia&parent=3449"}],"wp:term":[{"taxonomy":"category","embeddable":true,"href":"https:\/\/atecordoba.org\/index.php?rest_route=%2Fwp%2Fv2%2Fcategories&post=3449"},{"taxonomy":"post_tag","embeddable":true,"href":"https:\/\/atecordoba.org\/index.php?rest_route=%2Fwp%2Fv2%2Ftags&post=3449"}],"curies":[{"name":"wp","href":"https:\/\/api.w.org\/{rel}","templated":true}]}}