{"id":34478,"date":"2022-11-04T14:45:47","date_gmt":"2022-11-04T17:45:47","guid":{"rendered":"https:\/\/atecordoba.org\/?p=34478"},"modified":"2022-11-04T15:57:22","modified_gmt":"2022-11-04T18:57:22","slug":"ate-alcanza-un-espacio-de-dialogo-con-la-ministra-de-justicia-y-ddhh-para-descomprimir-el-conflicto-de-la-senaf","status":"publish","type":"post","link":"https:\/\/atecordoba.org\/?p=34478","title":{"rendered":"ATE alcanza un espacio de di\u00e1logo con la ministra de Justicia y DDHH para descomprimir el conflicto de la SENAF"},"content":{"rendered":"\n<div class=\"wp-block-image\"><figure class=\"aligncenter size-full\"><img loading=\"lazy\" decoding=\"async\" width=\"960\" height=\"540\" src=\"https:\/\/atecordoba.org\/wp-content\/uploads\/2022\/11\/SENAF-Min-Justicia-reunion.jpg\" alt=\"\" class=\"wp-image-34479\" srcset=\"https:\/\/atecordoba.org\/wp-content\/uploads\/2022\/11\/SENAF-Min-Justicia-reunion.jpg 960w, https:\/\/atecordoba.org\/wp-content\/uploads\/2022\/11\/SENAF-Min-Justicia-reunion-300x169.jpg 300w, https:\/\/atecordoba.org\/wp-content\/uploads\/2022\/11\/SENAF-Min-Justicia-reunion-768x432.jpg 768w, https:\/\/atecordoba.org\/wp-content\/uploads\/2022\/11\/SENAF-Min-Justicia-reunion-750x422.jpg 750w\" sizes=\"auto, (max-width: 960px) 100vw, 960px\" \/><figcaption>La delegaci\u00f3n de ATE antes de ingresar a la reuni\u00f3n.<\/figcaption><\/figure><\/div>\n\n\n\n<p>En una reuni\u00f3n realizada ayer con la ministra de Justicia y DDHH de C\u00f3rdoba, Laura Echenique, ATE C\u00f3rdoba acord\u00f3 generar un espacio de di\u00e1logo mensual con funcionarios de la cartera provincial a los fines de canalizar las urgentes medidas que deben tomarse en la Secretaria de Ni\u00f1ez, Adolescencia y Familia (SENAF) a los fines de descomprimir el largo conflicto que atraviesan las y los trabajadores del sector. <\/p>\n\n\n\n<p>Junto a Echenique estuvieron, en la representaci\u00f3n estatal, el secretario General de ATE, Federico Giuliani, y la delegada de ATE SENAF, Virginia Ayala. <\/p>\n\n\n\n<p>&#8220;Despu\u00e9s de meses intensos con mucho conflicto logramos abrir un canal de di\u00e1logo con la ministra de Justicia y DDHH. Es un paso adelante para comenzar a resolver los problemas que sufren las y los compa\u00f1eros del sector. Para eso est\u00e1 ATE&#8221;, celebr\u00f3 Giuliani. <\/p>\n\n\n\n<p>ATE hizo hincapi\u00e9 en la persecuci\u00f3n pol\u00edtica y sindical de parte de funcionarios de la Senaf contra afiliados y delegados, al tiempo que denunci\u00f3 practicas antisindicales, como las elecciones impugnadas, candidatos\/as trasladadas o impedimento para hacer las elecciones dentro de las instalaciones p\u00fablicas que ponen a ATE claramente en debilidad y desigualdad con el SEP. &#8220;Hablamos del caso del traslado de la delegada electa Carina Farias desde la Residencia Riobamba al Eva Per\u00f3n, como casos puntuales de afiliadas trasladas de manera arbitraria&#8221;, agreg\u00f3 el dirigente.<\/p>\n\n\n\n<div class=\"wp-block-image\"><figure class=\"alignleft size-full\"><img loading=\"lazy\" decoding=\"async\" width=\"419\" height=\"559\" src=\"https:\/\/atecordoba.org\/wp-content\/uploads\/2022\/11\/SENAF-Min-Justicia-reunion-2.jpg\" alt=\"\" class=\"wp-image-34480\" srcset=\"https:\/\/atecordoba.org\/wp-content\/uploads\/2022\/11\/SENAF-Min-Justicia-reunion-2.jpg 419w, https:\/\/atecordoba.org\/wp-content\/uploads\/2022\/11\/SENAF-Min-Justicia-reunion-2-225x300.jpg 225w\" sizes=\"auto, (max-width: 419px) 100vw, 419px\" \/><figcaption>Ayala y Giuliani.<\/figcaption><\/figure><\/div>\n\n\n\n<p>&#8220;Despu\u00e9s, tratamos con la ministra la cuesti\u00f3n macro referida a las condiciones de trabajo, los salarios y la estabilidad laboral. Notamos un buen clima de di\u00e1logo pero lo m\u00e1s importante es haber logrado una mesa de trabajo que se junta de ac\u00e1 a 30 d\u00edas, donde vamos a llevar la agenda y reclamos y propuestas de soluci\u00f3n para la Senaf, con autoridades que design\u00f3 la ministra como interlocutores v\u00e1lidos. As\u00ed vamos a avanzar en mejorar la calidad del trabajo de nuestros compa\u00f1eros y compa\u00f1eras con la urgencia de reincorporar a Carina Far\u00edas, v\u00edctima de un traslado injusto&#8221;, rese\u00f1\u00f3 Giuliani.<\/p>\n\n\n\n<p>El secretario General se mostr\u00f3 expectante porque se abre una etapa nueva y espera que la Mesa de Relaciones Laborales avance en resolver problem\u00e1ticas puntuales. &#8220;Los inmediato era crear un espacio de di\u00e1logo y que cese la persecuci\u00f3n pol\u00edtica a quienes militan en ATE en Senaf&#8221;, concluy\u00f3.<\/p>\n\n\n\n<p>Por su parte, la delegada Virginia Ayala, que fue una de la v\u00edctimas de un traslado arbitrario el a\u00f1o pasado, durante la gesti\u00f3n en SENAF de Jos\u00e9 Pi\u00f1eiro y posteriormente ATE logr\u00f3 su reinstalaci\u00f3n, remarc\u00f3 que &#8220;lo importante es que en primera instancia se abra el di\u00e1logo. Los puntos mas urgentes tienen que ver con el cese del hostigamiento a nuestro gremio y paren de obstaculizar los procesos democr\u00e1ticos de los trabajadores como las asambleas en los lugares de trabajo. La ministra se comprometi\u00f3 que tengamos a dispocisi\u00f3n nuestros espacio como debe ser&#8221;.<\/p>\n\n\n\n<p>Ayala destac\u00f3 que fue la propia ministra que quien &#8220;asumi\u00f3 el compromiso para reinstalar a tres compa\u00f1eras en su lugar de trabajo, una de ellas la delegada electa en la Residencia Riobamba Carina Far\u00edas&#8221;.<\/p>\n\n\n\n<p>&#8220;En las reuniones mensuales vamos a abordar la precarizaci\u00f3n laboral y los pagos de las compa\u00f1eras, como as\u00ed tambi\u00e9n las situaciones de las ni\u00f1eses y las adolescencias&#8221;, concluy\u00f3.<\/p>\n\n\n\n<p>De esta forma, ATE logra canalizar institucionalmente las demandas del sector sin claudicar en ninguno de los reclamos sino avanzando en la resoluci\u00f3n paulatina de la calidad laboral y salarial en el organismo. <\/p>\n","protected":false},"excerpt":{"rendered":"<p>En una reuni\u00f3n realizada ayer con la ministra de Justicia y DDHH de C\u00f3rdoba, Laura Echenique, ATE C\u00f3rdoba acord\u00f3 generar un espacio de di\u00e1logo mensual con funcionarios de la cartera provincial a los fines de canalizar las urgentes medidas que deben tomarse en la Secretaria de Ni\u00f1ez, Adolescencia y Familia (SENAF) a los fines de [&hellip;]<\/p>\n","protected":false},"author":7,"featured_media":34481,"comment_status":"open","ping_status":"open","sticky":false,"template":"","format":"standard","meta":{"_exactmetrics_skip_tracking":false,"_exactmetrics_sitenote_active":false,"_exactmetrics_sitenote_note":"","_exactmetrics_sitenote_category":0,"jnews-multi-image_gallery":[],"jnews_single_post":{"subtitle":"ATE hizo hincapi\u00e9 en la persecuci\u00f3n pol\u00edtica y sindical de parte de funcionarios de la Senaf contra afiliados\/as y delegados\/as, al tiempo que denunci\u00f3 practicas antisindicales, como las elecciones impugnadas, candidatos\/as trasladadas o impedimento para hacer las elecciones dentro de las instalaciones p\u00fablicas.","format":"standard","video":"","gallery":"","source_name":"","source_url":"","via_name":"","via_url":"","override_template":"0","override":[{"template":"1","single_blog_custom":"","parallax":"1","fullscreen":"1","layout":"right-sidebar","sidebar":"default-sidebar","second_sidebar":"default-sidebar","sticky_sidebar":"1","share_position":"top","share_float_style":"share-monocrhome","show_share_counter":"1","show_view_counter":"1","show_featured":"1","show_post_meta":"1","show_post_author":"1","show_post_author_image":"1","show_post_date":"1","post_date_format":"default","post_date_format_custom":"Y\/m\/d","show_post_category":"1","show_post_reading_time":"0","post_reading_time_wpm":"300","show_zoom_button":"0","zoom_button_out_step":"2","zoom_button_in_step":"3","show_post_tag":"1","show_prev_next_post":"1","show_popup_post":"1","number_popup_post":"1","show_author_box":"0","show_post_related":"0","show_inline_post_related":"0"}],"override_image_size":"0","image_override":[{"single_post_thumbnail_size":"crop-500","single_post_gallery_size":"crop-500"}],"trending_post":"0","trending_post_position":"meta","trending_post_label":"Trending","sponsored_post":"0","sponsored_post_label":"Sponsored by","sponsored_post_name":"","sponsored_post_url":"","sponsored_post_logo_enable":"0","sponsored_post_logo":"","sponsored_post_desc":"","disable_ad":"0"},"jnews_primary_category":{"id":""},"jnews_social_meta":{"fb_title":"","fb_description":"","fb_image":"","twitter_title":"","twitter_description":"","twitter_image":""},"jnews_review":[],"enable_review":"0","type":"percentage","name":"","summary":"","brand":"","sku":"","good":[{"good_text":""}],"bad":[{"bad_text":""}],"score_override":"","override_value":"","rating":[{"rating_text":"","rating_number":"10"}],"price":[{"shop":"","price":"","link":"","icon":""}],"jnews_override_counter":{"override_view_counter":"0","view_counter_number":"0","override_share_counter":"0","share_counter_number":"0","override_like_counter":"0","like_counter_number":"0","override_dislike_counter":"0","dislike_counter_number":"0"},"jnews_post_split":{"enable_post_split":"0","post_split":[{"template":"1","tag":"h2","numbering":"asc","mode":"normal","first":"0","enable_toc":"0","toc_type":"normal"}]},"footnotes":""},"categories":[8],"tags":[457],"class_list":["post-34478","post","type-post","status-publish","format-standard","has-post-thumbnail","hentry","category-provinciales","tag-senaf"],"jetpack_featured_media_url":"https:\/\/atecordoba.org\/wp-content\/uploads\/2022\/11\/senaf-e1667583912531.jpg","_links":{"self":[{"href":"https:\/\/atecordoba.org\/index.php?rest_route=\/wp\/v2\/posts\/34478","targetHints":{"allow":["GET"]}}],"collection":[{"href":"https:\/\/atecordoba.org\/index.php?rest_route=\/wp\/v2\/posts"}],"about":[{"href":"https:\/\/atecordoba.org\/index.php?rest_route=\/wp\/v2\/types\/post"}],"author":[{"embeddable":true,"href":"https:\/\/atecordoba.org\/index.php?rest_route=\/wp\/v2\/users\/7"}],"replies":[{"embeddable":true,"href":"https:\/\/atecordoba.org\/index.php?rest_route=%2Fwp%2Fv2%2Fcomments&post=34478"}],"version-history":[{"count":3,"href":"https:\/\/atecordoba.org\/index.php?rest_route=\/wp\/v2\/posts\/34478\/revisions"}],"predecessor-version":[{"id":34485,"href":"https:\/\/atecordoba.org\/index.php?rest_route=\/wp\/v2\/posts\/34478\/revisions\/34485"}],"wp:featuredmedia":[{"embeddable":true,"href":"https:\/\/atecordoba.org\/index.php?rest_route=\/wp\/v2\/media\/34481"}],"wp:attachment":[{"href":"https:\/\/atecordoba.org\/index.php?rest_route=%2Fwp%2Fv2%2Fmedia&parent=34478"}],"wp:term":[{"taxonomy":"category","embeddable":true,"href":"https:\/\/atecordoba.org\/index.php?rest_route=%2Fwp%2Fv2%2Fcategories&post=34478"},{"taxonomy":"post_tag","embeddable":true,"href":"https:\/\/atecordoba.org\/index.php?rest_route=%2Fwp%2Fv2%2Ftags&post=34478"}],"curies":[{"name":"wp","href":"https:\/\/api.w.org\/{rel}","templated":true}]}}