{"id":34458,"date":"2022-11-02T09:38:59","date_gmt":"2022-11-02T12:38:59","guid":{"rendered":"https:\/\/atecordoba.org\/?p=34458"},"modified":"2022-11-02T09:43:06","modified_gmt":"2022-11-02T12:43:06","slug":"perpetua-para-el-femicida-de-ivana-modica-javier-galvan-y-cambio-profundo-en-materia-de-genero-en-las-fuerzas-armadas","status":"publish","type":"post","link":"https:\/\/atecordoba.org\/?p=34458","title":{"rendered":"Perpetua para el femicida de Ivana M\u00f3dica, Javier Galv\u00e1n, y cambio profundo en materia de g\u00e9nero en las Fuerzas Armadas"},"content":{"rendered":"\n<div class=\"wp-block-image\"><figure class=\"aligncenter size-large\"><img loading=\"lazy\" decoding=\"async\" width=\"1024\" height=\"672\" src=\"https:\/\/atecordoba.org\/wp-content\/uploads\/2022\/11\/Permiso-para-ir-al-Juicio-1024x672.jpg\" alt=\"\" class=\"wp-image-34459\" srcset=\"https:\/\/atecordoba.org\/wp-content\/uploads\/2022\/11\/Permiso-para-ir-al-Juicio-1024x672.jpg 1024w, https:\/\/atecordoba.org\/wp-content\/uploads\/2022\/11\/Permiso-para-ir-al-Juicio-300x197.jpg 300w, https:\/\/atecordoba.org\/wp-content\/uploads\/2022\/11\/Permiso-para-ir-al-Juicio-768x504.jpg 768w, https:\/\/atecordoba.org\/wp-content\/uploads\/2022\/11\/Permiso-para-ir-al-Juicio-750x492.jpg 750w, https:\/\/atecordoba.org\/wp-content\/uploads\/2022\/11\/Permiso-para-ir-al-Juicio.jpg 1081w\" sizes=\"auto, (max-width: 1024px) 100vw, 1024px\" \/><\/figure><\/div>\n\n\n\n<p>Hace un a\u00f1o y nueve meses, el femicidio de nuestra compa\u00f1era personal civil de la Fuerza A\u00e9rea, Ivana M\u00f3dica en la localidad de La Falda, nos conmovi\u00f3 profundamente. Tras ocho d\u00edas de b\u00fasqueda encontraron su cuerpo a ra\u00edz de que su pareja, Javier Galv\u00e1n, femicida, ahora ex piloto de la Fuerza A\u00e9rea Argentina, confes\u00f3 el crimen.<\/p>\n\n\n\n<p>Sus compa\u00f1eras de trabajo nos pusimos a la cabeza de la lucha por la aparici\u00f3n de Ivana con una l\u00ednea de unidad sin m\u00e1s bandera que esa y exigencia del esclarecimiento de los hechos. Bandera en la cual se unificaron todos los sectores que conformamos los civiles de la Fuerza A\u00e9rea y a la que d\u00eda a d\u00eda se fueron sumando compa\u00f1eras de todos los sectores.<\/p>\n\n\n\n<p>Estuvimos presentes en la convocatoria realizada para las marchas realizadas el domingo 14 de febrero de 2021 en la Falda y la del 17 de febrero del mismo a\u00f1o en C\u00f3rdoba, confluyendo tambi\u00e9n con compa\u00f1eros con la marcha nacional.<\/p>\n\n\n\n<p>Y aunque no fue suficiente para encontrarla con vida, el grito unificado \u00a1POR IVANA! en las calles, la viralizaci\u00f3n en redes y la difusi\u00f3n en los medios lograron la intensificaci\u00f3n de la b\u00fasqueda y el rastrillaje, pero sobre todo LOGR\u00d3 ARRANCARLE LA CONFESI\u00d3N AL FEMICIDA JAVIER GALV\u00c1N.<\/p>\n\n\n\n<p>Hoy, su muerte se ha transformado en lucha y cambio para las que seguimos. Hoy, a casi dos a\u00f1os, su femicida finalmente ser\u00e1 juzgado, los d\u00edas, jueves 3 y viernes 4 de noviembre a las 9:00hs en Tribunales de Cruz del Eje, ubicados en la calle Vicente Olmos al 550 de dicha ciudad. Nosotras\/os estaremos ah\u00ed, firmes, pidiendo justicia y cadena perpetua para Javier Galv\u00e1n, y convocamos a sumarse a todas\/os a la concentraci\u00f3n frente a estos tribunales los d\u00edas del juicio. La cadena perpetua para el femicida ser\u00e1 un enorme paso adelante que demostrar\u00e1 que no vamos a permitir nunca m\u00e1s queden impunes escudados en las instituciones. Y por ello, nuestra lucha no cesar\u00e1 con la condena de Galv\u00e1n.<\/p>\n\n\n\n<p>La movilizaci\u00f3n y la visibilizaci\u00f3n del caso, presion\u00f3 para que la Fuerza A\u00e9rea declarara el libre accionar de la polic\u00eda provincial sobre un cuadro de su fuerza y pudiera darle trato de civil. Adem\u00e1s, hizo p\u00fablica su solidaridad con la familia de la v\u00edctima e inform\u00f3 la separaci\u00f3n del femicida de sus filas. Separaci\u00f3n que no podr\u00e1 hacerse efectiva, seg\u00fan la legislaci\u00f3n vigente, hasta tanto no haya condena fehaciente.<\/p>\n\n\n\n<p>PERO LA QUER\u00cdAMOS VIVA, y por eso, nuestro reclamo sigue vigente y nuevamente volvemos a exigir al gobierno nacional y provincial medidas urgentes y concretas de una vez por todas, para terminar con la violencia machista que nos mata cada 23 horas.<\/p>\n\n\n\n<p>No queremos m\u00e1s Ivanas, por eso no bajaremos los brazos hasta que las Oficinas de G\u00e9nero dejen de funcionar como espacios a donde se re victimiza y silencia a quienes denuncian violencia de g\u00e9nero y\/o acoso laboral y se reubica al violento y\/o acosador. Es urgente la conformaci\u00f3n de un equipo<br>interdisciplinario capacitado, con intervenci\u00f3n civil y participaci\u00f3n Gremial que garantice la contenci\u00f3n de las v\u00edctimas y el seguimiento efectivo de los casos.<\/p>\n\n\n\n<p>Es imperante la necesidad de que el Ministerio de la Mujer y Diversidades se comprometa con la realidad que vivimos y brinde medidas URGENTES, REALES Y CONCRETAS. Es totalmente repudiable la falta de accionar del estado frente a la problem\u00e1tica. Las trabajadoras y los trabajadores de las Fuerzas Armadas, somos trabajadores Estatales.<\/p>\n\n\n\n<p>Necesitamos que se rompa el pacto de impunidad de las instituciones que encubren a agresores pertenecientes a las fuerzas de seguridad y de Defensa para que se los sancione de forma correcta y efectiva. Es indispensable que las personas que est\u00e9n en contacto con la problem\u00e1tica tengan una REAL perspectiva de g\u00e9nero, necesitamos que los talleres que se brindan sean efectivamente profundos para generar una buena contenci\u00f3n a la hora de acompa\u00f1ar a mujeres violentadas.<\/p>\n\n\n\n<p>Por eso planteamos la urgente implementaci\u00f3n del Convenio 190 de la OIT y capacitaci\u00f3n sobre este para todo el personal. Es por esto que nos urge que LAS OFICINAS DE G\u00c9NERO DE LAS FUERZAS ARMADAS, brinden concreta contenci\u00f3n y seguimiento de los casos, con equipos capacitados e interdisciplinarios que traten de manera efectiva los casos, d\u00eda de hoy y con el camino recorrido, estas oficinas no son resolutivas y carecen absolutamente de articulaci\u00f3n con el polo de la mujer o los juzgados, ya que no hay cruce de datos entre las distintas instituciones, lo que resulta inadmisible porque implica la revictimizaci\u00f3n de quienes denuncian, al tener que declarar y responder a las mismas preguntas y pericias una y otra vez.<\/p>\n\n\n\n<p>Nuestro reclamo NO es CONTRA las Fuerzas, es contra estos violentos que no merecen portar el uniforme, ni representan los valores que propugnan. Es urgente, para avanzar en la construcci\u00f3n conjunta de un cambio profundo que acabe con viejas pr\u00e1cticas, el trabajo sobre la PREVENCI\u00d3N, con acciones concretas en la Capacitaci\u00f3n con perspectiva de G\u00e9nero tanto para el Personal Militar como el Civil y la Formaci\u00f3n con esta perspectiva para el personal militar en sus institutos.<\/p>\n\n\n\n<p>DECIMOS BASTA A LA IMPUNIDAD Y A LA VIOLENCIA PATRIARCAL QUE ENCUBRE Y PROTEGE A VIOLENTOS Y FEMICIDAS.<\/p>\n\n\n\n<p>\u00a1JUSTICIA POR IVANA! \u00a1PERPETUA PARA GALV\u00c1N! \u00a1NO NOS CALLAMOS M\u00c1S!<\/p>\n\n\n\n<p>PERSONAL Y DOCENTE CIVIL DE LAS FUERZAS ARMADAS Y DE SEGURIDAD, Y TRABAJADORES DE IOSFA \u2013 ATE C\u00d3RDOBA<\/p>\n\n\n\n<p>DEPARTAMENTO DE G\u00c9NEROS Y DIVERSIDADES ATE C\u00d3RDOBA<\/p>\n","protected":false},"excerpt":{"rendered":"<p>Hace un a\u00f1o y nueve meses, el femicidio de nuestra compa\u00f1era personal civil de la Fuerza A\u00e9rea, Ivana M\u00f3dica en la localidad de La Falda, nos conmovi\u00f3 profundamente. Tras ocho d\u00edas de b\u00fasqueda encontraron su cuerpo a ra\u00edz de que su pareja, Javier Galv\u00e1n, femicida, ahora ex piloto de la Fuerza A\u00e9rea Argentina, confes\u00f3 el [&hellip;]<\/p>\n","protected":false},"author":6,"featured_media":34459,"comment_status":"open","ping_status":"open","sticky":false,"template":"","format":"standard","meta":{"_exactmetrics_skip_tracking":false,"_exactmetrics_sitenote_active":false,"_exactmetrics_sitenote_note":"","_exactmetrics_sitenote_category":0,"jnews-multi-image_gallery":[],"jnews_single_post":{"subtitle":"Comunicado de a m\u00e1s de un a\u00f1o del femicidio de Ivana M\u00f3dica elaborado por el Personal y Docente Civil de las Fuerzas Armadas y de Seguridad, y Trabajadores\/as de IOSFA organizadas\/os en ATE C\u00f3rdoba y por el Departamento de G\u00e9neros y Diversidades del CDP de ATE C\u00f3rdoba.","format":"standard","video":"","gallery":"","source_name":"","source_url":"","via_name":"","via_url":"","override_template":"0","override":[{"template":"1","single_blog_custom":"","parallax":"1","fullscreen":"1","layout":"right-sidebar","sidebar":"default-sidebar","second_sidebar":"default-sidebar","sticky_sidebar":"1","share_position":"top","share_float_style":"share-monocrhome","show_share_counter":"1","show_view_counter":"1","show_featured":"1","show_post_meta":"1","show_post_author":"1","show_post_author_image":"1","show_post_date":"1","post_date_format":"default","post_date_format_custom":"Y\/m\/d","show_post_category":"1","show_post_reading_time":"0","post_reading_time_wpm":"300","show_zoom_button":"0","zoom_button_out_step":"2","zoom_button_in_step":"3","show_post_tag":"1","show_prev_next_post":"1","show_popup_post":"1","number_popup_post":"1","show_author_box":"0","show_post_related":"0","show_inline_post_related":"0"}],"override_image_size":"0","image_override":[{"single_post_thumbnail_size":"crop-500","single_post_gallery_size":"crop-500"}],"trending_post":"0","trending_post_position":"meta","trending_post_label":"Trending","sponsored_post":"0","sponsored_post_label":"Sponsored by","sponsored_post_name":"","sponsored_post_url":"","sponsored_post_logo_enable":"0","sponsored_post_logo":"","sponsored_post_desc":"","disable_ad":"0"},"jnews_primary_category":{"id":""},"jnews_social_meta":{"fb_title":"","fb_description":"","fb_image":"","twitter_title":"","twitter_description":"","twitter_image":""},"jnews_review":[],"enable_review":"0","type":"percentage","name":"","summary":"","brand":"","sku":"","good":[{"good_text":""}],"bad":[{"bad_text":""}],"score_override":"","override_value":"","rating":[{"rating_text":"","rating_number":"10"}],"price":[{"shop":"","price":"","link":"","icon":""}],"jnews_override_counter":{"override_view_counter":"0","view_counter_number":"0","override_share_counter":"0","share_counter_number":"0","override_like_counter":"0","like_counter_number":"0","override_dislike_counter":"0","dislike_counter_number":"0"},"jnews_post_split":{"enable_post_split":"0","post_split":[{"template":"1","tag":"h2","numbering":"asc","mode":"normal","first":"0","enable_toc":"0","toc_type":"normal"}]},"footnotes":""},"categories":[53,341,325],"tags":[],"class_list":["post-34458","post","type-post","status-publish","format-standard","has-post-thumbnail","hentry","category-comunicados-de-prensa","category-cdp","category-generos-y-diversidades"],"jetpack_featured_media_url":"https:\/\/atecordoba.org\/wp-content\/uploads\/2022\/11\/Permiso-para-ir-al-Juicio.jpg","_links":{"self":[{"href":"https:\/\/atecordoba.org\/index.php?rest_route=\/wp\/v2\/posts\/34458","targetHints":{"allow":["GET"]}}],"collection":[{"href":"https:\/\/atecordoba.org\/index.php?rest_route=\/wp\/v2\/posts"}],"about":[{"href":"https:\/\/atecordoba.org\/index.php?rest_route=\/wp\/v2\/types\/post"}],"author":[{"embeddable":true,"href":"https:\/\/atecordoba.org\/index.php?rest_route=\/wp\/v2\/users\/6"}],"replies":[{"embeddable":true,"href":"https:\/\/atecordoba.org\/index.php?rest_route=%2Fwp%2Fv2%2Fcomments&post=34458"}],"version-history":[{"count":1,"href":"https:\/\/atecordoba.org\/index.php?rest_route=\/wp\/v2\/posts\/34458\/revisions"}],"predecessor-version":[{"id":34460,"href":"https:\/\/atecordoba.org\/index.php?rest_route=\/wp\/v2\/posts\/34458\/revisions\/34460"}],"wp:featuredmedia":[{"embeddable":true,"href":"https:\/\/atecordoba.org\/index.php?rest_route=\/wp\/v2\/media\/34459"}],"wp:attachment":[{"href":"https:\/\/atecordoba.org\/index.php?rest_route=%2Fwp%2Fv2%2Fmedia&parent=34458"}],"wp:term":[{"taxonomy":"category","embeddable":true,"href":"https:\/\/atecordoba.org\/index.php?rest_route=%2Fwp%2Fv2%2Fcategories&post=34458"},{"taxonomy":"post_tag","embeddable":true,"href":"https:\/\/atecordoba.org\/index.php?rest_route=%2Fwp%2Fv2%2Ftags&post=34458"}],"curies":[{"name":"wp","href":"https:\/\/api.w.org\/{rel}","templated":true}]}}