{"id":34448,"date":"2022-10-31T11:50:14","date_gmt":"2022-10-31T14:50:14","guid":{"rendered":"https:\/\/atecordoba.org\/?p=34448"},"modified":"2022-10-31T13:35:20","modified_gmt":"2022-10-31T16:35:20","slug":"cura-brochero-avanza-la-paritaria-con-el-ejecutivo-y-definen-la-semana-que-viene-como-cierra-el-ano-salarial","status":"publish","type":"post","link":"https:\/\/atecordoba.org\/?p=34448","title":{"rendered":"Cura Brochero: avanza la paritaria con el ejecutivo y definen esta semana el a\u00f1o salarial"},"content":{"rendered":"\n<div class=\"wp-block-image\"><figure class=\"aligncenter size-large is-resized\"><img loading=\"lazy\" decoding=\"async\" src=\"https:\/\/atecordoba.org\/wp-content\/uploads\/2022\/10\/Muni-Cura-Brochero-1024x879.jpeg\" alt=\"\" class=\"wp-image-34449\" width=\"768\" height=\"659\" srcset=\"https:\/\/atecordoba.org\/wp-content\/uploads\/2022\/10\/Muni-Cura-Brochero-1024x879.jpeg 1024w, https:\/\/atecordoba.org\/wp-content\/uploads\/2022\/10\/Muni-Cura-Brochero-300x257.jpeg 300w, https:\/\/atecordoba.org\/wp-content\/uploads\/2022\/10\/Muni-Cura-Brochero-768x659.jpeg 768w, https:\/\/atecordoba.org\/wp-content\/uploads\/2022\/10\/Muni-Cura-Brochero-750x644.jpeg 750w, https:\/\/atecordoba.org\/wp-content\/uploads\/2022\/10\/Muni-Cura-Brochero-1140x978.jpeg 1140w, https:\/\/atecordoba.org\/wp-content\/uploads\/2022\/10\/Muni-Cura-Brochero.jpeg 1199w\" sizes=\"auto, (max-width: 768px) 100vw, 768px\" \/><figcaption>La delegaci\u00f3n de ATE antes de ingresar a la reuni\u00f3n paritaria en Villa Cura Brochero. <\/figcaption><\/figure><\/div>\n\n\n\n<p>El viernes pasado se llev\u00f3 a cabo una reuni\u00f3n paritaria entre ATE y el Ejecutivo Municipal de Cura Brochero, localidad enclavada en el Valle de Traslasierra. <\/p>\n\n\n\n<p>En representaci\u00f3n de la intendencia estuvo el secretario de Gobierno Isaias Flores, en tanto pro nuestra organizaci\u00f3n participaron Mari Diaz, delegada Regional de Municipalidades de la delegaci\u00f3n ATE Traslasierra, junto a los delegados Jos\u00e9 Tapia y Gustavo Cohen. Acompa\u00f1ada la audiencia afiliados de Villa Dolores y San Vicente y de la propia Villa Cura Brochero.<\/p>\n\n\n\n<p>En la oportunidad se trataron temas como el aumento salarial como completar la pauta del a\u00f1o, atento que hasta el momento las y los municipales cobraron una recomposici\u00f3n del 45%, muy lejano a los niveles inflacionarios alcanzados actualmente. <\/p>\n\n\n\n<p>&#8220;Queremos llegar al 100% de recomposici\u00f3n, pero estamos negociando para acercar los n\u00fameros. Tambi\u00e9n esperamos que se sume un bono de fin de a\u00f1o a esta paritaria&#8221;, adelant\u00f3 Cohen. Tambi\u00e9n se abord\u00f3 el reclamo de ATE para la Municipalidad lleve a cabo las recategorizaciones pendientes, que van a significa otro aumento para las y los compa\u00f1eros que realizan tareas por encima de lo que estable su categor\u00eda en el Estatuto Municipal. <\/p>\n\n\n\n<p>&#8220;Nos vamos a reunir el mi\u00e9rcoles, ya con la presencia del intendente Carlos Oviedo, para terminar de cerrar n\u00fameros y conformar cu\u00e1l ser\u00e1 el aumento final&#8221;, agreg\u00f3 el delegado.<\/p>\n\n\n\n<p>Adem\u00e1s se inform\u00f3 que los sueldos ya est\u00e1n depositados para que se cobren ma\u00f1ana.<\/p>\n\n\n\n<p>Se trata de la primera y enriquecedora experiencia del cuerpo de delegados de ATE para conducir una paritaria, que lo tuvo como \u00fanica asociaci\u00f3n gremial defendiendo el poder adquisitivo de las y los municipales de la localidad. <\/p>\n\n\n\n<p>De esta forma, ATE consolida el crecimiento organizativo en el Valle de Traslasierra. <\/p>\n","protected":false},"excerpt":{"rendered":"<p>El viernes pasado se llev\u00f3 a cabo una reuni\u00f3n paritaria entre ATE y el Ejecutivo Municipal de Cura Brochero, localidad enclavada en el Valle de Traslasierra. En representaci\u00f3n de la intendencia estuvo el secretario de Gobierno Isaias Flores, en tanto pro nuestra organizaci\u00f3n participaron Mari Diaz, delegada Regional de Municipalidades de la delegaci\u00f3n ATE Traslasierra, [&hellip;]<\/p>\n","protected":false},"author":7,"featured_media":34450,"comment_status":"open","ping_status":"open","sticky":false,"template":"","format":"standard","meta":{"_exactmetrics_skip_tracking":false,"_exactmetrics_sitenote_active":false,"_exactmetrics_sitenote_note":"","_exactmetrics_sitenote_category":0,"jnews-multi-image_gallery":[],"jnews_single_post":{"subtitle":"ATE solicit\u00f3 que se conforme una recomposici\u00f3n anual del 100% y un bono para fin de a\u00f1o. ","format":"standard","video":"","gallery":"","source_name":"","source_url":"","via_name":"","via_url":"","override_template":"0","override":[{"template":"1","single_blog_custom":"","parallax":"1","fullscreen":"1","layout":"right-sidebar","sidebar":"default-sidebar","second_sidebar":"default-sidebar","sticky_sidebar":"1","share_position":"top","share_float_style":"share-monocrhome","show_share_counter":"1","show_view_counter":"1","show_featured":"1","show_post_meta":"1","show_post_author":"1","show_post_author_image":"1","show_post_date":"1","post_date_format":"default","post_date_format_custom":"Y\/m\/d","show_post_category":"1","show_post_reading_time":"0","post_reading_time_wpm":"300","show_zoom_button":"0","zoom_button_out_step":"2","zoom_button_in_step":"3","show_post_tag":"1","show_prev_next_post":"1","show_popup_post":"1","number_popup_post":"1","show_author_box":"0","show_post_related":"0","show_inline_post_related":"0"}],"override_image_size":"0","image_override":[{"single_post_thumbnail_size":"crop-500","single_post_gallery_size":"crop-500"}],"trending_post":"0","trending_post_position":"meta","trending_post_label":"Trending","sponsored_post":"0","sponsored_post_label":"Sponsored by","sponsored_post_name":"","sponsored_post_url":"","sponsored_post_logo_enable":"0","sponsored_post_logo":"","sponsored_post_desc":"","disable_ad":"0"},"jnews_primary_category":{"id":""},"jnews_social_meta":{"fb_title":"","fb_description":"","fb_image":"","twitter_title":"","twitter_description":"","twitter_image":""},"jnews_review":[],"enable_review":"0","type":"percentage","name":"","summary":"","brand":"","sku":"","good":[{"good_text":""}],"bad":[{"bad_text":""}],"score_override":"","override_value":"","rating":[{"rating_text":"","rating_number":"10"}],"price":[{"shop":"","price":"","link":"","icon":""}],"jnews_override_counter":{"override_view_counter":"0","view_counter_number":"0","override_share_counter":"0","share_counter_number":"0","override_like_counter":"0","like_counter_number":"0","override_dislike_counter":"0","dislike_counter_number":"0"},"jnews_post_split":{"enable_post_split":"0","post_split":[{"template":"1","tag":"h2","numbering":"asc","mode":"normal","first":"0","enable_toc":"0","toc_type":"normal"}]},"footnotes":""},"categories":[1056,20],"tags":[],"class_list":["post-34448","post","type-post","status-publish","format-standard","has-post-thumbnail","hentry","category-traslasierra","category-municipales"],"jetpack_featured_media_url":"https:\/\/atecordoba.org\/wp-content\/uploads\/2022\/10\/Municurabrochero-e1667227763632.jpeg","_links":{"self":[{"href":"https:\/\/atecordoba.org\/index.php?rest_route=\/wp\/v2\/posts\/34448","targetHints":{"allow":["GET"]}}],"collection":[{"href":"https:\/\/atecordoba.org\/index.php?rest_route=\/wp\/v2\/posts"}],"about":[{"href":"https:\/\/atecordoba.org\/index.php?rest_route=\/wp\/v2\/types\/post"}],"author":[{"embeddable":true,"href":"https:\/\/atecordoba.org\/index.php?rest_route=\/wp\/v2\/users\/7"}],"replies":[{"embeddable":true,"href":"https:\/\/atecordoba.org\/index.php?rest_route=%2Fwp%2Fv2%2Fcomments&post=34448"}],"version-history":[{"count":2,"href":"https:\/\/atecordoba.org\/index.php?rest_route=\/wp\/v2\/posts\/34448\/revisions"}],"predecessor-version":[{"id":34452,"href":"https:\/\/atecordoba.org\/index.php?rest_route=\/wp\/v2\/posts\/34448\/revisions\/34452"}],"wp:featuredmedia":[{"embeddable":true,"href":"https:\/\/atecordoba.org\/index.php?rest_route=\/wp\/v2\/media\/34450"}],"wp:attachment":[{"href":"https:\/\/atecordoba.org\/index.php?rest_route=%2Fwp%2Fv2%2Fmedia&parent=34448"}],"wp:term":[{"taxonomy":"category","embeddable":true,"href":"https:\/\/atecordoba.org\/index.php?rest_route=%2Fwp%2Fv2%2Fcategories&post=34448"},{"taxonomy":"post_tag","embeddable":true,"href":"https:\/\/atecordoba.org\/index.php?rest_route=%2Fwp%2Fv2%2Ftags&post=34448"}],"curies":[{"name":"wp","href":"https:\/\/api.w.org\/{rel}","templated":true}]}}