{"id":34437,"date":"2022-10-31T09:25:04","date_gmt":"2022-10-31T12:25:04","guid":{"rendered":"https:\/\/atecordoba.org\/?p=34437"},"modified":"2022-10-31T09:25:08","modified_gmt":"2022-10-31T12:25:08","slug":"municipales-de-cruz-del-eje-se-organizan-en-ate-y-la-cta-autonoma","status":"publish","type":"post","link":"https:\/\/atecordoba.org\/?p=34437","title":{"rendered":"Municipales de Cruz del Eje se organizan en ATE y la CTA Aut\u00f3noma"},"content":{"rendered":"\n<div class=\"wp-block-image\"><figure class=\"aligncenter size-large is-resized\"><img loading=\"lazy\" decoding=\"async\" src=\"https:\/\/atecordoba.org\/wp-content\/uploads\/2022\/10\/cruzdeleje-1024x576.jpg\" alt=\"\" class=\"wp-image-34438\" width=\"768\" height=\"432\" \/><\/figure><\/div>\n\n\n\n<p>En el marco de las recorridas por el territorio provincial que se ha propuesto reforzar la nueva Conducci\u00f3n de la Central de Trabajadores de la Argentina (CTA Aut\u00f3noma), la Secretaria Adjunta y Coordinadora Provincial de la Federaci\u00f3n Nacional Territorial (FeNaT-CTAA), Silvia Alcoba, estuvo en la ciudad de Cruz del Eje.<\/p>\n\n\n\n<p>\u201cSeguimos recorriendo la provincia. Seguimos militando este proyecto pol\u00edtico integral que nos incluye a todos y todas las compa\u00f1eras.\u00a0Escuchar la problem\u00e1tica que tienen los trabajadores y trabajadoras municipales es algo aleccionador. Los mismo pasa con los compa\u00f1eros y compa\u00f1eras de las barriadas populares. Lo mejor est\u00e1 por llegar\u201d, escribi\u00f3 Alcoba en las redes sociales.<\/p>\n\n\n\n<figure class=\"wp-block-gallery has-nested-images columns-default is-cropped wp-block-gallery-1 is-layout-flex wp-block-gallery-is-layout-flex\">\n<figure class=\"wp-block-image size-large\"><img loading=\"lazy\" decoding=\"async\" width=\"300\" height=\"169\" data-id=\"34440\" src=\"https:\/\/atecordoba.org\/wp-content\/uploads\/2022\/10\/313412466_10160242448274805_7280415008196458655_n-300x169-1.jpg\" alt=\"\" class=\"wp-image-34440\" \/><\/figure>\n\n\n\n<figure class=\"wp-block-image size-large\"><img loading=\"lazy\" decoding=\"async\" width=\"300\" height=\"169\" data-id=\"34439\" src=\"https:\/\/atecordoba.org\/wp-content\/uploads\/2022\/10\/313417952_10160242448264805_6252928216460688594_n-300x169-1.jpg\" alt=\"\" class=\"wp-image-34439\" \/><\/figure>\n<\/figure>\n\n\n\n<p>La visita a Cruz del Eje implica continuar armando equipo y construyendo colectivamente ATE y la CTA Aut\u00f3noma C\u00f3rdoba como dos expresiones pol\u00edtico-organizativas de los trabajadores y trabajadoras de la provincia, no s\u00f3lo para enfrentar el ajuste en marcha, sino tambi\u00e9n para ir amasando una alternativa que promueva unidad y poder popular para pensar una perspectiva diferente a esta realidad que solo ofrece hambre y pobreza para las mayor\u00edas agigantando la desigualdad social.<\/p>\n\n\n\n<p>Los municipios que integran este Departamento del Norte de la provincia son: Cruz del Eje; Villa de Soto; Serrezuela; El Brete; San Marcos Sierras; Paso Viejo; Las Playas; Ba\u00f1ado de Soto; Media Naranja; Tuclame; Guanaco Muerto; Los Cha\u00f1aritos; La Higuera; Cruz de Ca\u00f1a; Las Ca\u00f1adas; La Batea y Altos de los Quebrachos.<\/p>\n\n\n\n<p><\/p>\n","protected":false},"excerpt":{"rendered":"<p>En el marco de las recorridas por el territorio provincial que se ha propuesto reforzar la nueva Conducci\u00f3n de la Central de Trabajadores de la Argentina (CTA Aut\u00f3noma), la Secretaria Adjunta y Coordinadora Provincial de la Federaci\u00f3n Nacional Territorial (FeNaT-CTAA), Silvia Alcoba, estuvo en la ciudad de Cruz del Eje. \u201cSeguimos recorriendo la provincia. Seguimos [&hellip;]<\/p>\n","protected":false},"author":7,"featured_media":34438,"comment_status":"open","ping_status":"open","sticky":false,"template":"","format":"standard","meta":{"_exactmetrics_skip_tracking":false,"_exactmetrics_sitenote_active":false,"_exactmetrics_sitenote_note":"","_exactmetrics_sitenote_category":0,"jnews-multi-image_gallery":[],"jnews_single_post":{"subtitle":"\u201cSeguimos recorriendo la provincia. Seguimos militando este proyecto pol\u00edtico integral que nos incluye a todos y todas las compa\u00f1eras.\u00a0Escuchar la problem\u00e1tica que tienen los trabajadores y trabajadoras municipales es algo aleccionador. Los mismo pasa con los compa\u00f1eros y compa\u00f1eras de las barriadas populares. Lo mejor est\u00e1 por llegar\u201d, expres\u00f3 la secretaria Adjunta de la CTA C\u00f3rdoba y Coordinadora Provincial de la FeNaT, Silvia Alcoba.","format":"standard","video":"","gallery":"","source_name":"","source_url":"","via_name":"","via_url":"","override_template":"0","override":[{"template":"1","single_blog_custom":"","parallax":"1","fullscreen":"1","layout":"right-sidebar","sidebar":"default-sidebar","second_sidebar":"default-sidebar","sticky_sidebar":"1","share_position":"top","share_float_style":"share-monocrhome","show_share_counter":"1","show_view_counter":"1","show_featured":"1","show_post_meta":"1","show_post_author":"1","show_post_author_image":"1","show_post_date":"1","post_date_format":"default","post_date_format_custom":"Y\/m\/d","show_post_category":"1","show_post_reading_time":"0","post_reading_time_wpm":"300","show_zoom_button":"0","zoom_button_out_step":"2","zoom_button_in_step":"3","show_post_tag":"1","show_prev_next_post":"1","show_popup_post":"1","number_popup_post":"1","show_author_box":"0","show_post_related":"0","show_inline_post_related":"0"}],"override_image_size":"0","image_override":[{"single_post_thumbnail_size":"crop-500","single_post_gallery_size":"crop-500"}],"trending_post":"0","trending_post_position":"meta","trending_post_label":"Trending","sponsored_post":"0","sponsored_post_label":"Sponsored by","sponsored_post_name":"","sponsored_post_url":"","sponsored_post_logo_enable":"0","sponsored_post_logo":"","sponsored_post_desc":"","disable_ad":"0"},"jnews_primary_category":{"id":""},"jnews_social_meta":{"fb_title":"","fb_description":"","fb_image":"","twitter_title":"","twitter_description":"","twitter_image":""},"jnews_review":[],"enable_review":"0","type":"percentage","name":"","summary":"","brand":"","sku":"","good":[{"good_text":""}],"bad":[{"bad_text":""}],"score_override":"","override_value":"","rating":[{"rating_text":"","rating_number":"10"}],"price":[{"shop":"","price":"","link":"","icon":""}],"jnews_override_counter":{"override_view_counter":"0","view_counter_number":"0","override_share_counter":"0","share_counter_number":"0","override_like_counter":"0","like_counter_number":"0","override_dislike_counter":"0","dislike_counter_number":"0"},"jnews_post_split":{"enable_post_split":"0","post_split":[{"template":"1","tag":"h2","numbering":"asc","mode":"normal","first":"0","enable_toc":"0","toc_type":"normal"}]},"footnotes":""},"categories":[341,150,92,20],"tags":[],"class_list":["post-34437","post","type-post","status-publish","format-standard","has-post-thumbnail","hentry","category-cdp","category-cruz-del-eje","category-cta","category-municipales"],"jetpack_featured_media_url":"https:\/\/atecordoba.org\/wp-content\/uploads\/2022\/10\/cruzdeleje-e1667219088636.jpg","_links":{"self":[{"href":"https:\/\/atecordoba.org\/index.php?rest_route=\/wp\/v2\/posts\/34437","targetHints":{"allow":["GET"]}}],"collection":[{"href":"https:\/\/atecordoba.org\/index.php?rest_route=\/wp\/v2\/posts"}],"about":[{"href":"https:\/\/atecordoba.org\/index.php?rest_route=\/wp\/v2\/types\/post"}],"author":[{"embeddable":true,"href":"https:\/\/atecordoba.org\/index.php?rest_route=\/wp\/v2\/users\/7"}],"replies":[{"embeddable":true,"href":"https:\/\/atecordoba.org\/index.php?rest_route=%2Fwp%2Fv2%2Fcomments&post=34437"}],"version-history":[{"count":1,"href":"https:\/\/atecordoba.org\/index.php?rest_route=\/wp\/v2\/posts\/34437\/revisions"}],"predecessor-version":[{"id":34441,"href":"https:\/\/atecordoba.org\/index.php?rest_route=\/wp\/v2\/posts\/34437\/revisions\/34441"}],"wp:featuredmedia":[{"embeddable":true,"href":"https:\/\/atecordoba.org\/index.php?rest_route=\/wp\/v2\/media\/34438"}],"wp:attachment":[{"href":"https:\/\/atecordoba.org\/index.php?rest_route=%2Fwp%2Fv2%2Fmedia&parent=34437"}],"wp:term":[{"taxonomy":"category","embeddable":true,"href":"https:\/\/atecordoba.org\/index.php?rest_route=%2Fwp%2Fv2%2Fcategories&post=34437"},{"taxonomy":"post_tag","embeddable":true,"href":"https:\/\/atecordoba.org\/index.php?rest_route=%2Fwp%2Fv2%2Ftags&post=34437"}],"curies":[{"name":"wp","href":"https:\/\/api.w.org\/{rel}","templated":true}]}}