{"id":3440,"date":"2013-10-17T20:23:21","date_gmt":"2013-10-17T23:23:21","guid":{"rendered":"http:\/\/www.atecordoba.org\/?p=3440"},"modified":"2013-10-17T20:23:21","modified_gmt":"2013-10-17T23:23:21","slug":"en-villa-maria-120-delegados-municipales-de-ate-region-centro-debatieron-la-realidad-del-sector","status":"publish","type":"post","link":"https:\/\/atecordoba.org\/?p=3440","title":{"rendered":"En Villa Mar\u00eda, 150 delegados municipales de ATE Regi\u00f3n Centro debatieron la realidad del sector"},"content":{"rendered":"<p><i>Representantes de municipios de cinco provincias compartieron un encuentro de cara al plenario nacional que se realizar\u00e1 en febrero. \u201cNuestra consigna es: a igual tarea, igual salario\u201d, remarc\u00f3 nuestra secretaria General, Mar\u00eda Teresa Romero, al inaugurar el c\u00f3nclave. Estuvo presente la conducci\u00f3n nacional de ATE.<\/i><\/p>\n<p><a href=\"http:\/\/www.atecordoba.org\/wp-content\/uploads\/2013\/10\/DSC07472-e1382050902478.jpg\"><img loading=\"lazy\" decoding=\"async\" class=\"aligncenter size-full wp-image-3441\" alt=\"DSC07472\" src=\"http:\/\/www.atecordoba.org\/wp-content\/uploads\/2013\/10\/DSC07472-e1382050902478.jpg\" width=\"600\" height=\"132\" \/><\/a><\/p>\n<p>Ayer 16 de octubre se realiz\u00f3 en Villa Mar\u00eda el Plenario de Trabajadores Municipales de la Regi\u00f3n Centro, con la participaci\u00f3n de compa\u00f1eros de ATE de C\u00f3rdoba, Santa Fe, Mendoza, Entre R\u00edos y San Lu\u00eds.<\/p>\n<p>Fueron 150 delegados y activistas municipales que debatieron la problem\u00e1tica del sector, con la perspectiva de realizar el Plenario Nacional de Municipales, que se llevar\u00e1 a cabo en Capital Federal entre 6 y 7 de noviembre.<\/p>\n<p>\u201cPara nosotros hoy es un d\u00eda hist\u00f3rico compa\u00f1eros\u201d, abri\u00f3 la jornada nuestra secretaria General de ATE C\u00f3rdoba, Mar\u00eda Teresa Romero.<\/p>\n<figure id=\"attachment_3442\" aria-describedby=\"caption-attachment-3442\" style=\"width: 400px\" class=\"wp-caption alignleft\"><a href=\"http:\/\/www.atecordoba.org\/wp-content\/uploads\/2013\/10\/DSC03587-e1382051268877.jpg\"><img loading=\"lazy\" decoding=\"async\" class=\"size-full wp-image-3442 \" alt=\"DSC03587\" src=\"http:\/\/www.atecordoba.org\/wp-content\/uploads\/2013\/10\/DSC03587-e1382051268877.jpg\" width=\"400\" height=\"300\" \/><\/a><figcaption id=\"caption-attachment-3442\" class=\"wp-caption-text\">Mar\u00eda Teresa Romero se dirigi\u00f3 a los compa\u00f1eros en la apertura del Plenario<\/figcaption><\/figure>\n<p>Se trat\u00f3 de una jornada de militancia, debate e intercambio de experiencias de lucha en el sector m\u00e1s castigado por los bajos salarios, la flexibilizaci\u00f3n laboral y las malas condiciones de trabajo dentro del Estado.<\/p>\n<p>Estuvieron presentes delegaciones de trabajadores de Venado Tuerto, Teodolina, Reconquista, Hughes, Carcara\u00f1\u00e1 y Rosario, por Santa Fe; Lavalle, Guaymallen, San Mart\u00edn, Loconsulto, Lujan de Cuyo, Villa Nueva y San Carlos, por Mendoza; Col\u00f3n y La Paz, por Entre R\u00edos; San Lu\u00eds Capital, Merlo, Concar\u00e1n, Tilisarao, La Toma, Santa Rosa y Justo Darct, por San Luis.<\/p>\n<p>Los municipales de C\u00f3rdoba estuvieron representados por compa\u00f1eros de Quilino, San Francisco, Tanti, R\u00edo Ceballos, Achira, la Carlota, Unquillo, San Agust\u00edn, Villa Valeria, Villa Huidobro, Alcira Gigena, Embalse Rio 3\u00b0, Rio Cuarto, Cruz del Eje, Huanchalba, Las Perdices, T\u00edo Pujio y Alpa Corral.<\/p>\n<p>\u201cPara nosotros es como refundar Anusate, pero con los municipales, que son los m\u00e1s explotados y desguarnecidos. Por eso creo que desde ATE estamos en condiciones de organizar ese importante grupo de trabajadores, de la misma forma que en los \u201990 le pusimos el pecho a las adversidades y resistimos el ajuste neoliberal\u201d, resumi\u00f3 lleno de orgullo el secretario General de la seccional Villa Mar\u00eda, Walter Secondino, que pidi\u00f3 un aplauso en homenaje al compa\u00f1ero Gustavo Cach\u00edn, trabajador de la F\u00e1brica de P\u00f3lvora de dicha ciudad, que falleci\u00f3 recientemente en una explosi\u00f3n.<\/p>\n<figure id=\"attachment_3443\" aria-describedby=\"caption-attachment-3443\" style=\"width: 400px\" class=\"wp-caption alignright\"><a href=\"http:\/\/www.atecordoba.org\/wp-content\/uploads\/2013\/10\/DSC07441.jpg\"><img loading=\"lazy\" decoding=\"async\" class=\"size-full wp-image-3443 \" alt=\"DSC07441\" src=\"http:\/\/www.atecordoba.org\/wp-content\/uploads\/2013\/10\/DSC07441-e1382051474499.jpg\" width=\"400\" height=\"300\" \/><\/a><figcaption id=\"caption-attachment-3443\" class=\"wp-caption-text\">Walter Secondino, secretario General de la seccional Villa Mar\u00eda<\/figcaption><\/figure>\n<p>La gran mesa que encabez\u00f3 el plenario estuvo integrada con dirigentes de todo el pa\u00eds, encabezada por Julio Fuentes (secretario General del Consejo Directivo Nacional), Hugo Godoy (secretario Adjunto del CDN), Silvia Le\u00f3n (secretaria de Organizaci\u00f3n), Alejandro Garz\u00f3n (Gremial), Vicente Mart\u00ed (Interior), Mario Mu\u00f1oz (depto municipales), Ely Ju\u00e1rez (secr General del CDP de Santiago del Estero), Mar\u00eda Teresa Romero, Walter Secondino, Jorge Richeri (Rio Tercero), Federico Giuliani (R\u00edo Cuarto), Ra\u00fal Valera (secr General de San Lu\u00eds), as\u00ed como \u00a0los compa\u00f1eros Dante Marzola (secc Lujan de Cuyo), Gustavo Quinteros (secc Colon), H\u00e9ctor M\u00e9ndez (encargado de Relaciones Institucionales del CDN) vocal y Ra\u00fal Daz (secc Rosario).<\/p>\n<p>Posteriormente se sum\u00f3 el Cacho Mengarelli, secretario Adjunto de C\u00f3rdoba y secretario General de la CTA C\u00f3rdoba, que se recupera de un grave accidente. Cacho se gan\u00f3 una ovaci\u00f3n que dur\u00f3 varios minutos, dando cuenta del cari\u00f1o que supo ganarse este legendario dirigente de nuestro gremio.<\/p>\n<p>Tambi\u00e9n participaron Jos\u00e9 Luis Paparone, director de la Escuela de Formaci\u00f3n Sindical Libertario Ferrari, Claudio Ar\u00e9valo y Claudio Orellano, del equipo organizativo gremial, Marta Galante, del Departamento de G\u00e9nero del CDN y Mary Charras, delegada normalizadora en Venado Tuerto, junto a Lu\u00eds Barcena, secretario de Interior de ATE C\u00f3rdoba que particip\u00f3 en la organizaci\u00f3n del Plenario.<\/p>\n<p>Una vez presentados, se dividi\u00f3 a los compa\u00f1eros presentes en tres comisiones donde se trabaj\u00f3 en el diagn\u00f3stico y propuesta para llevar al plenario nacional. Alrededor de las 16 horas, se levant\u00f3 el encuentro, con la convicci\u00f3n que reforzamos los lazos de militancia y compromiso entre los municipales de ATE<\/p>\n<p><b>Hugo Godoy: la verdadera batalla cultural<\/b><\/p>\n<figure id=\"attachment_3444\" aria-describedby=\"caption-attachment-3444\" style=\"width: 400px\" class=\"wp-caption alignleft\"><a href=\"http:\/\/www.atecordoba.org\/wp-content\/uploads\/2013\/10\/DSC07453-e1382051634124.jpg\"><img loading=\"lazy\" decoding=\"async\" class=\"size-full wp-image-3444 \" alt=\"DSC07453\" src=\"http:\/\/www.atecordoba.org\/wp-content\/uploads\/2013\/10\/DSC07453-e1382051634124.jpg\" width=\"400\" height=\"300\" \/><\/a><figcaption id=\"caption-attachment-3444\" class=\"wp-caption-text\">Hugo Godoy, secretario Adjunto del CDN<\/figcaption><\/figure>\n<p>El secretario General Adjunto, Hugo Godoy, se\u00f1al\u00f3 la importancia del encuentro porque \u201cpodemos darnos cuenta que no estamos aislados en nuestro lugar de trabajo y podemos juntar la fuerza para \u00a0contraponer al poder desp\u00f3tico de los intendentes, estos encuentros con los compa\u00f1eros, pensando en un futuro mejor conjuntamente\u201d.<\/p>\n<p>En ese sentido, se\u00f1al\u00f3 que \u201clos municipales deben enfrentar una batalla cultural as\u00ed como tenemos que convencer a distintos compa\u00f1eros que el trabajo no debe realizarse a cambio de la vida, como le sucedi\u00f3 a Gustavo Cach\u00edn. Hace 30 a\u00f1os que para estos trabajadores no tienen democracia: no hay salario m\u00ednimo, convenio colectivo, ni asignaciones familiares\u201d.<\/p>\n<p>Y agreg\u00f3 sobre el esp\u00edritu de ATE: \u201cah\u00ed lo tenemos a Cacho Mengarelli, y siempre me acuerdo cuando contaban Cacho y el gallo zapata sobre la noche del 24 de marzo de 1976: se subieron a la bicicleta para juntar compa\u00f1eros para ver qu\u00e9 hacer. Es la ense\u00f1anza del compromiso, del ejemplo que nos tienen que guiar para luchar por la construcci\u00f3n de una Argentina mas justa para la mayor\u00eda de nuestro pueblo. Los municipales deben formar parte de ese proyecto y ATE es el veh\u00edculo para lograrlo\u201d.<\/p>\n<p><b>Julio Fuentes: \u201cla estabilidad es una necesidad\u201d<\/b><\/p>\n<p>A su turno, el secretario General de nuestro gremio, Julio Fuentes, expres\u00f3 su satisfacci\u00f3n por participar \u201ceste \u00faltimo encuentro antes del encuentro nacional de municipales, donde estar\u00e1n representantes de m\u00e1s de 800 municipios de todo el pa\u00eds. Tenemos 60 mil afiliados municipales de ATE, que dan cuenta de la importancia que tienen estos compa\u00f1eros en nuestro gremio\u201d.<\/p>\n<p>Fuentes dijo que \u201clos municipales no son el \u00faltimo Estado, sino donde empieza. Las ciudades son anteriores a las provincias y la rep\u00fablica. Hab\u00eda municipales antes de existir Argentina:<\/p>\n<p>French y Berutti repartieron las escarapelas, en mayo de1810. Bueno, French era empleado del cabildo, era municipal\u201d.<\/p>\n<figure id=\"attachment_3445\" aria-describedby=\"caption-attachment-3445\" style=\"width: 400px\" class=\"wp-caption alignright\"><a href=\"http:\/\/www.atecordoba.org\/wp-content\/uploads\/2013\/10\/DSC07457-e1382051857706.jpg\"><img loading=\"lazy\" decoding=\"async\" class=\"size-full wp-image-3445 \" alt=\"DSC07457\" src=\"http:\/\/www.atecordoba.org\/wp-content\/uploads\/2013\/10\/DSC07457-e1382051857706.jpg\" width=\"400\" height=\"300\" \/><\/a><figcaption id=\"caption-attachment-3445\" class=\"wp-caption-text\">Julio Fuentes, secretario General CDN<\/figcaption><\/figure>\n<p>El dirigente puso en contexto lo que viven los municipales de todo el pa\u00eds, haciendo referencia a la trabajadora de la Municipalidad de Lomas de Zamora, provincia de Buenos Aires, quien result\u00f3 despedida despu\u00e9s de labrar una infracci\u00f3n de tr\u00e1nsito al candidato a diputado nacional del oficialismo Juan Cabandi\u00e9: \u201csi alguien ten\u00eda dudas de lo que viven los municipales est\u00e1 el caso de la trabajadora que le hizo una boleta aun diputado, expresa la necesidad de la estabilidad laboral. Los pol\u00edticos piensan que somos sus empleados pero somos empleados del pueblo, porque es quien nos paga el sueldo\u201d.<\/p>\n<p>Por otro lado, Fuentes se refiri\u00f3 a la injusticia como se reparten los fondos fiscales en el pa\u00eds y las consecuencias que sufren los trabajadores. \u201cDespu\u00e9s de la terrible noche de los &#8217;90 fuimos los estatales la variable de ajuste, se perdieron 800 mil puestos de trabajo. En C\u00f3rdoba fue desmantelada el \u00c1rea Material, el complejo metalmec\u00e1nico. En esta d\u00e9cada el gobierno cambio, se mejoraron algunas cosas pero el Estado desmantelado sigue vigente. La matriz de ese modelo de Estado se refleja en la coparticipaci\u00f3n federal de impuestos: porque de eso vive el estado. Se reparte entre los 2100 municipios y las 24 provincias. Ahora, los n\u00fameros son impresionantes: de cada peso recaudado 75 centavos quedan en el estado nacional, 21 en las provincias y 4 centavos en los municipios. Eso despu\u00e9s se traslada al nivel salarial y a las condiciones de trabajo en cada uno de esos niveles estatales\u201d.<\/p>\n<p><b>Ovaci\u00f3n a Cacho Mengarelli.<\/b><\/p>\n<p>Al ingresar al sal\u00f3n donde se realizaba el encuentro, Cacho Mengarelli recibi\u00f3 el cari\u00f1o de los presentes e inmediatamente se sent\u00f3 en la mesa con la conducci\u00f3n. Sus primeras palabras fueron contundentes: \u201ceste accidente me sirvi\u00f3 para darme cuenta de varias cosas. Ahora soy consciente, como nos ense\u00f1\u00f3 V\u00edctor De Gennaro, que la historia no empieza cuando llegamos ni termina cunado nos vamos. Alguien preparo el terreno para que sigamos y debemos dejar el terreno para los que sucedan\u201d.<\/p>\n<figure id=\"attachment_3446\" aria-describedby=\"caption-attachment-3446\" style=\"width: 400px\" class=\"wp-caption alignleft\"><a href=\"http:\/\/www.atecordoba.org\/wp-content\/uploads\/2013\/10\/DSC07483-e1382052064857.jpg\"><img loading=\"lazy\" decoding=\"async\" class=\"size-full wp-image-3446 \" alt=\"DSC07483\" src=\"http:\/\/www.atecordoba.org\/wp-content\/uploads\/2013\/10\/DSC07483-e1382052064857.jpg\" width=\"400\" height=\"300\" \/><\/a><figcaption id=\"caption-attachment-3446\" class=\"wp-caption-text\">Cacho Mengarelli<\/figcaption><\/figure>\n<p>Cacho rescat\u00f3 la solidaridad de todos los compa\u00f1eros de ATE, particularmente los de Rosario, donde estuvo internado por m\u00e1s de un mes. \u201cEste accidente, al final, result\u00f3 un canto a la vida y al apoyo de todos mis compa\u00f1eros. Ese capital no tiene precio\u201d.<\/p>\n<p>Seguidamente, se\u00f1al\u00f3, en referencia a la convocatoria del Plenario, que \u201cen Villa Mar\u00eda se creci\u00f3 mucho los \u00faltimos a\u00f1os, con mucha obra p\u00fablica, se hermoseo la ciudad. Pero el 65% de los trabajadores\u00a0 municipales esta precarizado. Eso es otra cosa. No esta en la agenda arreglar a los trabajadores y por eso celebro este encuentro. Lo que no hagamos nosotros no lo har\u00e1n los pol\u00edticos\u201d.<\/p>\n<p>&nbsp;<\/p>\n","protected":false},"excerpt":{"rendered":"<p>Representantes de municipios de cinco provincias compartieron un encuentro de cara al plenario nacional que se realizar\u00e1 en febrero. \u201cNuestra consigna es: a igual tarea, igual salario\u201d, remarc\u00f3 nuestra secretaria General, Mar\u00eda Teresa Romero, al inaugurar el c\u00f3nclave. Estuvo presente la conducci\u00f3n nacional de ATE. Ayer 16 de octubre se realiz\u00f3 en Villa Mar\u00eda el [&hellip;]<\/p>\n","protected":false},"author":1,"featured_media":19220,"comment_status":"open","ping_status":"open","sticky":false,"template":"","format":"standard","meta":{"_exactmetrics_skip_tracking":false,"_exactmetrics_sitenote_active":false,"_exactmetrics_sitenote_note":"","_exactmetrics_sitenote_category":0,"jnews-multi-image_gallery":[],"jnews_single_post":[],"jnews_primary_category":[],"jnews_social_meta":[],"jnews_review":[],"enable_review":"","type":"","name":"","summary":"","brand":"","sku":"","good":[],"bad":[],"score_override":"","override_value":"","rating":[],"price":[],"jnews_override_counter":[],"jnews_post_split":[],"footnotes":""},"categories":[20],"tags":[],"class_list":["post-3440","post","type-post","status-publish","format-standard","has-post-thumbnail","hentry","category-municipales"],"jetpack_featured_media_url":"https:\/\/atecordoba.org\/wp-content\/uploads\/2020\/05\/logo-nuevochico-e1561581322808.png","_links":{"self":[{"href":"https:\/\/atecordoba.org\/index.php?rest_route=\/wp\/v2\/posts\/3440","targetHints":{"allow":["GET"]}}],"collection":[{"href":"https:\/\/atecordoba.org\/index.php?rest_route=\/wp\/v2\/posts"}],"about":[{"href":"https:\/\/atecordoba.org\/index.php?rest_route=\/wp\/v2\/types\/post"}],"author":[{"embeddable":true,"href":"https:\/\/atecordoba.org\/index.php?rest_route=\/wp\/v2\/users\/1"}],"replies":[{"embeddable":true,"href":"https:\/\/atecordoba.org\/index.php?rest_route=%2Fwp%2Fv2%2Fcomments&post=3440"}],"version-history":[{"count":0,"href":"https:\/\/atecordoba.org\/index.php?rest_route=\/wp\/v2\/posts\/3440\/revisions"}],"wp:featuredmedia":[{"embeddable":true,"href":"https:\/\/atecordoba.org\/index.php?rest_route=\/wp\/v2\/media\/19220"}],"wp:attachment":[{"href":"https:\/\/atecordoba.org\/index.php?rest_route=%2Fwp%2Fv2%2Fmedia&parent=3440"}],"wp:term":[{"taxonomy":"category","embeddable":true,"href":"https:\/\/atecordoba.org\/index.php?rest_route=%2Fwp%2Fv2%2Fcategories&post=3440"},{"taxonomy":"post_tag","embeddable":true,"href":"https:\/\/atecordoba.org\/index.php?rest_route=%2Fwp%2Fv2%2Ftags&post=3440"}],"curies":[{"name":"wp","href":"https:\/\/api.w.org\/{rel}","templated":true}]}}