{"id":34394,"date":"2022-10-27T11:32:16","date_gmt":"2022-10-27T14:32:16","guid":{"rendered":"https:\/\/atecordoba.org\/?p=34394"},"modified":"2022-10-27T11:38:30","modified_gmt":"2022-10-27T14:38:30","slug":"los-desafios-del-cuerpo-de-delegados-as-del-hospital-misericordia","status":"publish","type":"post","link":"https:\/\/atecordoba.org\/?p=34394","title":{"rendered":"Los desaf\u00edos del cuerpo de delegados\/as del Hospital Misericordia"},"content":{"rendered":"\n<div class=\"wp-block-image\"><figure class=\"alignleft size-large is-resized\"><img loading=\"lazy\" decoding=\"async\" src=\"https:\/\/atecordoba.org\/wp-content\/uploads\/2022\/10\/17_03_22_Misericordia_19-1024x576.jpg\" alt=\"\" class=\"wp-image-34396\" width=\"768\" height=\"432\" srcset=\"https:\/\/atecordoba.org\/wp-content\/uploads\/2022\/10\/17_03_22_Misericordia_19-1024x576.jpg 1024w, https:\/\/atecordoba.org\/wp-content\/uploads\/2022\/10\/17_03_22_Misericordia_19-300x169.jpg 300w, https:\/\/atecordoba.org\/wp-content\/uploads\/2022\/10\/17_03_22_Misericordia_19-768x432.jpg 768w, https:\/\/atecordoba.org\/wp-content\/uploads\/2022\/10\/17_03_22_Misericordia_19-1536x864.jpg 1536w, https:\/\/atecordoba.org\/wp-content\/uploads\/2022\/10\/17_03_22_Misericordia_19-2048x1152.jpg 2048w, https:\/\/atecordoba.org\/wp-content\/uploads\/2022\/10\/17_03_22_Misericordia_19-750x422.jpg 750w, https:\/\/atecordoba.org\/wp-content\/uploads\/2022\/10\/17_03_22_Misericordia_19-1140x641.jpg 1140w\" sizes=\"auto, (max-width: 768px) 100vw, 768px\" \/><\/figure><\/div>\n\n\n\n<p>Frente a la agenda de problem\u00e1ticas que enfrenta diariamente el personal de los hospitales p\u00fablicos, la nueva delegada de ATE en el Misericordia, Jennie Moreno, que result\u00f3 elegida esta semana en una elecci\u00f3n complementaria junto a Roberto Ramos, Sandra Bazan y Nieves Montenegro, relat\u00f3 los desaf\u00edos que debe dar respuestas ATE C\u00f3rdoba, ante la pol\u00edtica de vaciamiento en el sistema de salud que lleva adelante el Gobierno de Schiaretti.<\/p>\n\n\n\n<p>En di\u00e1logo con el programa radial Entre Todos y Todas, que emite la Secretaria de Prensa cada martes a las 18 horas por GEN FM 107.5, Moreno explic\u00f3 que &#8220;y ahora somos nueve las y los compa\u00f1eros que formamos parte del cuerpo de delegados. Estamos completos&#8221;.<\/p>\n\n\n\n<p>Seguidamente, la especialista en hemoterapia detall\u00f3 que &#8220;estamos sufriendo much\u00edsimos hechos de violencia e inseguridad, dentro y fuera del hospital: asaltos, robos en los veh\u00edculos, sin que las autoridades atinen a disponer de una respuesta adecuada&#8221;.<\/p>\n\n\n\n<p>Adem\u00e1s, Moreno relat\u00f3 situaciones de vulneraci\u00f3n de derechos como &#8220;exigir a los enfermeros que atiendan a una cantidad de pacientes imposible de cubrir, imponiendo una sobrecarga de trabajo&#8221;. <\/p>\n\n\n\n<p>En ese marco, las y los pacientes tambi\u00e9n se ven vulnerados en su derecho a acceder a la atenci\u00f3n sanitaria que demandan. &#8220;No se puede conseguir turnos porque tienen que tramitarlo por medio de un call center, por eso la gente nos toca la puerta todo el tiempo diciendo que no se puede conseguir con el 0800. Les dan turno para dos meses cuando se necesita atenci\u00f3n en el momento y despu\u00e9s cuando nos tocan la puerta es para que atendamos de urgencia a pacientes que se les agrav\u00f3 el cuadro o tuvo que pagar en el sistema privado para conseguir atenci\u00f3n. Como no se repone personal, generan cuellos de botella donde la gente no logra que la atiendan&#8221;. <\/p>\n\n\n\n<p>Y se\u00f1ala que, por otro lado, las tercerizaciones &#8220;tiene un claro objetivo de dividir a los trabajadores ya que los que trabajan en las empresas no pueden realizar un reclamo porque los despiden. As\u00ed se quita poder de lucha&#8221;.<\/p>\n\n\n\n<p>La delegada sostiene que &#8220;frenar tercerizaci\u00f3n de servicios dentro del hospital&#8221; es uno de los objetivos de la agenda gremial de ATE. &#8220;Pero tambi\u00e9n poder terminar con el hostigamiento que realizar todos los jefes de servicio, recortando vacaciones e impidiendo licencias, obstruyendo poder tomarse lo d\u00edas que corresponden por cuestiones personales. Tenemos el problema de la tercerizaci\u00f3n de la farmacia, ahora en manos de la empresa San Agustin cuando antes estaba a cargo del hospital, como tambi\u00e9n sucedi\u00f3 en el \u00e1rea de esterilizaci\u00f3n. As\u00ed van acaparando espacios y dejando sin trabajo a nuestros compa\u00f1eros porque al jubilarse esos cargos no se cubren altas por bajas&#8221;.<\/p>\n\n\n\n<p>Moreno cerr\u00f3 afirmando que frente a este panorama la organizaci\u00f3n de las y los trabajadores &#8220;es el ant\u00eddoto m\u00e1s efectivo para defender la salud p\u00fablica&#8221;. <\/p>\n\n\n\n<p><\/p>\n","protected":false},"excerpt":{"rendered":"<p>Frente a la agenda de problem\u00e1ticas que enfrenta diariamente el personal de los hospitales p\u00fablicos, la nueva delegada de ATE en el Misericordia, Jennie Moreno, que result\u00f3 elegida esta semana en una elecci\u00f3n complementaria junto a Roberto Ramos, Sandra Bazan y Nieves Montenegro, relat\u00f3 los desaf\u00edos que debe dar respuestas ATE C\u00f3rdoba, ante la pol\u00edtica [&hellip;]<\/p>\n","protected":false},"author":7,"featured_media":34397,"comment_status":"open","ping_status":"open","sticky":false,"template":"","format":"standard","meta":{"_exactmetrics_skip_tracking":false,"_exactmetrics_sitenote_active":false,"_exactmetrics_sitenote_note":"","_exactmetrics_sitenote_category":0,"jnews-multi-image_gallery":[],"jnews_single_post":{"subtitle":"\"Las tercerizaciones tiene un claro objetivo de dividir a los trabajadores ya que los que trabajan en las empresas no pueden realizar un reclamo porque los despiden. As\u00ed se quita poder de lucha\", explic\u00f3 la delegada electa Jennie Moreno.","format":"standard","video":"","gallery":"","source_name":"","source_url":"","via_name":"","via_url":"","override_template":"0","override":[{"template":"1","single_blog_custom":"","parallax":"1","fullscreen":"1","layout":"right-sidebar","sidebar":"default-sidebar","second_sidebar":"default-sidebar","sticky_sidebar":"1","share_position":"top","share_float_style":"share-monocrhome","show_share_counter":"1","show_view_counter":"1","show_featured":"1","show_post_meta":"1","show_post_author":"1","show_post_author_image":"1","show_post_date":"1","post_date_format":"default","post_date_format_custom":"Y\/m\/d","show_post_category":"1","show_post_reading_time":"0","post_reading_time_wpm":"300","show_zoom_button":"0","zoom_button_out_step":"2","zoom_button_in_step":"3","show_post_tag":"1","show_prev_next_post":"1","show_popup_post":"1","number_popup_post":"1","show_author_box":"0","show_post_related":"0","show_inline_post_related":"0"}],"override_image_size":"0","image_override":[{"single_post_thumbnail_size":"crop-500","single_post_gallery_size":"crop-500"}],"trending_post":"0","trending_post_position":"meta","trending_post_label":"Trending","sponsored_post":"0","sponsored_post_label":"Sponsored by","sponsored_post_name":"","sponsored_post_url":"","sponsored_post_logo_enable":"0","sponsored_post_logo":"","sponsored_post_desc":"","disable_ad":"0"},"jnews_primary_category":{"id":""},"jnews_social_meta":{"fb_title":"","fb_description":"","fb_image":"","twitter_title":"","twitter_description":"","twitter_image":""},"jnews_review":[],"enable_review":"0","type":"percentage","name":"","summary":"","brand":"","sku":"","good":[{"good_text":""}],"bad":[{"bad_text":""}],"score_override":"","override_value":"","rating":[{"rating_text":"","rating_number":"10"}],"price":[{"shop":"","price":"","link":"","icon":""}],"jnews_override_counter":{"override_view_counter":"0","view_counter_number":"0","override_share_counter":"0","share_counter_number":"0","override_like_counter":"0","like_counter_number":"0","override_dislike_counter":"0","dislike_counter_number":"0"},"jnews_post_split":{"enable_post_split":"0","post_split":[{"template":"1","tag":"h2","numbering":"asc","mode":"normal","first":"0","enable_toc":"0","toc_type":"normal"}]},"footnotes":""},"categories":[8],"tags":[353],"class_list":["post-34394","post","type-post","status-publish","format-standard","has-post-thumbnail","hentry","category-provinciales","tag-hospital-misericordia"],"jetpack_featured_media_url":"https:\/\/atecordoba.org\/wp-content\/uploads\/2022\/10\/misericordia-scaled-e1666881086233.jpg","_links":{"self":[{"href":"https:\/\/atecordoba.org\/index.php?rest_route=\/wp\/v2\/posts\/34394","targetHints":{"allow":["GET"]}}],"collection":[{"href":"https:\/\/atecordoba.org\/index.php?rest_route=\/wp\/v2\/posts"}],"about":[{"href":"https:\/\/atecordoba.org\/index.php?rest_route=\/wp\/v2\/types\/post"}],"author":[{"embeddable":true,"href":"https:\/\/atecordoba.org\/index.php?rest_route=\/wp\/v2\/users\/7"}],"replies":[{"embeddable":true,"href":"https:\/\/atecordoba.org\/index.php?rest_route=%2Fwp%2Fv2%2Fcomments&post=34394"}],"version-history":[{"count":2,"href":"https:\/\/atecordoba.org\/index.php?rest_route=\/wp\/v2\/posts\/34394\/revisions"}],"predecessor-version":[{"id":34399,"href":"https:\/\/atecordoba.org\/index.php?rest_route=\/wp\/v2\/posts\/34394\/revisions\/34399"}],"wp:featuredmedia":[{"embeddable":true,"href":"https:\/\/atecordoba.org\/index.php?rest_route=\/wp\/v2\/media\/34397"}],"wp:attachment":[{"href":"https:\/\/atecordoba.org\/index.php?rest_route=%2Fwp%2Fv2%2Fmedia&parent=34394"}],"wp:term":[{"taxonomy":"category","embeddable":true,"href":"https:\/\/atecordoba.org\/index.php?rest_route=%2Fwp%2Fv2%2Fcategories&post=34394"},{"taxonomy":"post_tag","embeddable":true,"href":"https:\/\/atecordoba.org\/index.php?rest_route=%2Fwp%2Fv2%2Ftags&post=34394"}],"curies":[{"name":"wp","href":"https:\/\/api.w.org\/{rel}","templated":true}]}}