{"id":34382,"date":"2022-10-26T15:24:47","date_gmt":"2022-10-26T18:24:47","guid":{"rendered":"https:\/\/atecordoba.org\/?p=34382"},"modified":"2022-10-26T15:24:48","modified_gmt":"2022-10-26T18:24:48","slug":"nuestra-politica-apunta-a-construir-lazos-y-acercar-siempre-un-beneficio-para-las-y-los-afiliados","status":"publish","type":"post","link":"https:\/\/atecordoba.org\/?p=34382","title":{"rendered":"&#8220;Nuestra pol\u00edtica apunta a construir lazos y acercar siempre un beneficio para las y los afiliados&#8221;"},"content":{"rendered":"\n<div class=\"wp-block-image\"><figure class=\"aligncenter size-large is-resized\"><img loading=\"lazy\" decoding=\"async\" src=\"https:\/\/atecordoba.org\/wp-content\/uploads\/2022\/10\/hospitaldeninosmadre-1024x768.jpg\" alt=\"\" class=\"wp-image-34384\" width=\"768\" height=\"576\" srcset=\"https:\/\/atecordoba.org\/wp-content\/uploads\/2022\/10\/hospitaldeninosmadre-1024x768.jpg 1024w, https:\/\/atecordoba.org\/wp-content\/uploads\/2022\/10\/hospitaldeninosmadre-300x225.jpg 300w, https:\/\/atecordoba.org\/wp-content\/uploads\/2022\/10\/hospitaldeninosmadre-768x576.jpg 768w, https:\/\/atecordoba.org\/wp-content\/uploads\/2022\/10\/hospitaldeninosmadre-1536x1152.jpg 1536w, https:\/\/atecordoba.org\/wp-content\/uploads\/2022\/10\/hospitaldeninosmadre-750x563.jpg 750w, https:\/\/atecordoba.org\/wp-content\/uploads\/2022\/10\/hospitaldeninosmadre-1140x855.jpg 1140w, https:\/\/atecordoba.org\/wp-content\/uploads\/2022\/10\/hospitaldeninosmadre.jpg 1600w\" sizes=\"auto, (max-width: 768px) 100vw, 768px\" \/><\/figure><\/div>\n\n\n\n<p>El secretario de Acci\u00f3n Agustin Bertone dio  cuenta de las acciones que viene llevando adelante su Secretar\u00eda, destacando la entrega de presentes para las afiliadas del D\u00eda de la Madre. <\/p>\n\n\n\n<p>En el marco del programa radial Entre Todos y Todas, que emite cada martes la Secretaria de Prensa de ATE C\u00f3rdoba en GEN FM 107.5, Bertone destac\u00f3 el esp\u00edritu fraterno que promueven esta intervenciones y adelant\u00f3 que se viene nuevas acciones en noviembre, para agasajar a estatales provinciales y municipales en su d\u00eda. <\/p>\n\n\n\n<figure class=\"wp-block-gallery has-nested-images columns-default is-cropped wp-block-gallery-1 is-layout-flex wp-block-gallery-is-layout-flex\">\n<figure class=\"wp-block-image size-large\"><img loading=\"lazy\" decoding=\"async\" width=\"1024\" height=\"461\" data-id=\"34387\" src=\"https:\/\/atecordoba.org\/wp-content\/uploads\/2022\/10\/hospitalmadre-1024x461.jpg\" alt=\"\" class=\"wp-image-34387\" srcset=\"https:\/\/atecordoba.org\/wp-content\/uploads\/2022\/10\/hospitalmadre-1024x461.jpg 1024w, https:\/\/atecordoba.org\/wp-content\/uploads\/2022\/10\/hospitalmadre-300x135.jpg 300w, https:\/\/atecordoba.org\/wp-content\/uploads\/2022\/10\/hospitalmadre-768x346.jpg 768w, https:\/\/atecordoba.org\/wp-content\/uploads\/2022\/10\/hospitalmadre-750x338.jpg 750w, https:\/\/atecordoba.org\/wp-content\/uploads\/2022\/10\/hospitalmadre-1140x513.jpg 1140w, https:\/\/atecordoba.org\/wp-content\/uploads\/2022\/10\/hospitalmadre.jpg 1280w\" sizes=\"auto, (max-width: 1024px) 100vw, 1024px\" \/><\/figure>\n\n\n\n<figure class=\"wp-block-image size-large\"><img loading=\"lazy\" decoding=\"async\" width=\"1024\" height=\"576\" data-id=\"34386\" src=\"https:\/\/atecordoba.org\/wp-content\/uploads\/2022\/10\/senafmadre-1-1024x576.jpg\" alt=\"\" class=\"wp-image-34386\" srcset=\"https:\/\/atecordoba.org\/wp-content\/uploads\/2022\/10\/senafmadre-1-1024x576.jpg 1024w, https:\/\/atecordoba.org\/wp-content\/uploads\/2022\/10\/senafmadre-1-300x169.jpg 300w, https:\/\/atecordoba.org\/wp-content\/uploads\/2022\/10\/senafmadre-1-768x432.jpg 768w, https:\/\/atecordoba.org\/wp-content\/uploads\/2022\/10\/senafmadre-1-750x422.jpg 750w, https:\/\/atecordoba.org\/wp-content\/uploads\/2022\/10\/senafmadre-1-1140x641.jpg 1140w, https:\/\/atecordoba.org\/wp-content\/uploads\/2022\/10\/senafmadre-1.jpg 1156w\" sizes=\"auto, (max-width: 1024px) 100vw, 1024px\" \/><\/figure>\n\n\n\n<figure class=\"wp-block-image size-large\"><img loading=\"lazy\" decoding=\"async\" width=\"960\" height=\"720\" data-id=\"34385\" src=\"https:\/\/atecordoba.org\/wp-content\/uploads\/2022\/10\/dioxitekmadre.jpg\" alt=\"\" class=\"wp-image-34385\" srcset=\"https:\/\/atecordoba.org\/wp-content\/uploads\/2022\/10\/dioxitekmadre.jpg 960w, https:\/\/atecordoba.org\/wp-content\/uploads\/2022\/10\/dioxitekmadre-300x225.jpg 300w, https:\/\/atecordoba.org\/wp-content\/uploads\/2022\/10\/dioxitekmadre-768x576.jpg 768w, https:\/\/atecordoba.org\/wp-content\/uploads\/2022\/10\/dioxitekmadre-750x563.jpg 750w\" sizes=\"auto, (max-width: 960px) 100vw, 960px\" \/><\/figure>\n<\/figure>\n\n\n\n<p>El dirigente explic\u00f3 que &#8220;adem\u00e1s de los beneficios para los afiliados que significan los \u00fatiles a comienzo de a\u00f1o y las cajas navide\u00f1as para las fiestas, queremos llegar tambi\u00e9n a las y los afiliados con un presente por el D\u00eda de la Madre. Esto nos sirve para practicar un cara a cara con las compa\u00f1eras, que tienen que saber que ATE no est\u00e1 solo para el conflicto y la pelea, que llevamos adelante con todo el compromiso y la convicci\u00f3n de siempre por medio de nuestra pol\u00edtica sindical, sino que tambi\u00e9n estamos desde la Secretaria de Acci\u00f3n Social para acercarle un beneficio, un cari\u00f1o o un mimo. Sobre todo para que sepan que desde ATE hay una gesti\u00f3n integral para representar dignamente a las y los estatales de los tres niveles del Estado&#8221;.<\/p>\n\n\n\n<figure class=\"wp-block-gallery has-nested-images columns-default is-cropped wp-block-gallery-2 is-layout-flex wp-block-gallery-is-layout-flex\">\n<figure class=\"wp-block-image size-large\"><img loading=\"lazy\" decoding=\"async\" width=\"960\" height=\"720\" data-id=\"34388\" src=\"https:\/\/atecordoba.org\/wp-content\/uploads\/2022\/10\/provincialmadre.jpg\" alt=\"\" class=\"wp-image-34388\" srcset=\"https:\/\/atecordoba.org\/wp-content\/uploads\/2022\/10\/provincialmadre.jpg 960w, https:\/\/atecordoba.org\/wp-content\/uploads\/2022\/10\/provincialmadre-300x225.jpg 300w, https:\/\/atecordoba.org\/wp-content\/uploads\/2022\/10\/provincialmadre-768x576.jpg 768w, https:\/\/atecordoba.org\/wp-content\/uploads\/2022\/10\/provincialmadre-750x563.jpg 750w\" sizes=\"auto, (max-width: 960px) 100vw, 960px\" \/><\/figure>\n\n\n\n<figure class=\"wp-block-image size-large\"><img loading=\"lazy\" decoding=\"async\" width=\"768\" height=\"1024\" data-id=\"34389\" src=\"https:\/\/atecordoba.org\/wp-content\/uploads\/2022\/10\/hospitalmadre2-768x1024.jpg\" alt=\"\" class=\"wp-image-34389\" srcset=\"https:\/\/atecordoba.org\/wp-content\/uploads\/2022\/10\/hospitalmadre2-768x1024.jpg 768w, https:\/\/atecordoba.org\/wp-content\/uploads\/2022\/10\/hospitalmadre2-225x300.jpg 225w, https:\/\/atecordoba.org\/wp-content\/uploads\/2022\/10\/hospitalmadre2-1152x1536.jpg 1152w, https:\/\/atecordoba.org\/wp-content\/uploads\/2022\/10\/hospitalmadre2-750x1000.jpg 750w, https:\/\/atecordoba.org\/wp-content\/uploads\/2022\/10\/hospitalmadre2-1140x1520.jpg 1140w, https:\/\/atecordoba.org\/wp-content\/uploads\/2022\/10\/hospitalmadre2.jpg 1200w\" sizes=\"auto, (max-width: 768px) 100vw, 768px\" \/><\/figure>\n\n\n\n<figure class=\"wp-block-image size-large\"><img loading=\"lazy\" decoding=\"async\" width=\"1024\" height=\"772\" data-id=\"34390\" src=\"https:\/\/atecordoba.org\/wp-content\/uploads\/2022\/10\/madre-1024x772.jpg\" alt=\"\" class=\"wp-image-34390\" srcset=\"https:\/\/atecordoba.org\/wp-content\/uploads\/2022\/10\/madre-1024x772.jpg 1024w, https:\/\/atecordoba.org\/wp-content\/uploads\/2022\/10\/madre-300x226.jpg 300w, https:\/\/atecordoba.org\/wp-content\/uploads\/2022\/10\/madre-768x579.jpg 768w, https:\/\/atecordoba.org\/wp-content\/uploads\/2022\/10\/madre-750x565.jpg 750w, https:\/\/atecordoba.org\/wp-content\/uploads\/2022\/10\/madre.jpg 1080w\" sizes=\"auto, (max-width: 1024px) 100vw, 1024px\" \/><\/figure>\n<\/figure>\n\n\n\n<p>Bertone dijo que &#8220;estamos contentos por el apoyo de las y los afiliados que nos acompa\u00f1an en este recorrido. Y quiero destacar que la acci\u00f3n social tiene una visi\u00f3n que apunte a fortalecer el gremio, que todos sabemos que no es mutualista. Por eso desde acci\u00f3n social construimos lazos con una funci\u00f3n s\u00faper importante, porque detr\u00e1s de todo esto tambi\u00e9n hay convenios con cooperativas de trabajo, que nos suministran materiales,que son compa\u00f1eros y compa\u00f1eras de las barriadas populares, cumpliendo un proceso integrador que debe realizar el gremio&#8221;. \u00a0\u00a0<\/p>\n\n\n\n<div class=\"wp-block-image\"><figure class=\"aligncenter size-large is-resized\"><img loading=\"lazy\" decoding=\"async\" src=\"https:\/\/atecordoba.org\/wp-content\/uploads\/2022\/10\/polomujermadre-1024x771.jpg\" alt=\"\" class=\"wp-image-34391\" width=\"768\" height=\"578\" \/><\/figure><\/div>\n\n\n\n<p>Y concluy\u00f3: \u201cvamos hacia noviembre con dos fechas muy importantes como son el D\u00eda del Municipal y el Dia de los Provinciales porque seguramente tendremos alg\u00fan presente, y seguiremos recorriendo los sectores para estrechar lazos para, en este contexto de crisis, poder darle algo en su d\u00eda a ese afiliado y afiliada que trabaj\u00f3 todo el a\u00f1o y que se lo tiene muy merecido\u201d.<\/p>\n","protected":false},"excerpt":{"rendered":"<p>El secretario de Acci\u00f3n Agustin Bertone dio cuenta de las acciones que viene llevando adelante su Secretar\u00eda, destacando la entrega de presentes para las afiliadas del D\u00eda de la Madre. En el marco del programa radial Entre Todos y Todas, que emite cada martes la Secretaria de Prensa de ATE C\u00f3rdoba en GEN FM 107.5, [&hellip;]<\/p>\n","protected":false},"author":7,"featured_media":34391,"comment_status":"open","ping_status":"open","sticky":false,"template":"","format":"standard","meta":{"_exactmetrics_skip_tracking":false,"_exactmetrics_sitenote_active":false,"_exactmetrics_sitenote_note":"","_exactmetrics_sitenote_category":0,"jnews-multi-image_gallery":[],"jnews_single_post":{"subtitle":"As\u00ed lo explic\u00f3 Agustin Bertone, secretario de Acci\u00f3n Social de ATE C\u00f3rdoba.","format":"standard","video":"","gallery":"","source_name":"","source_url":"","via_name":"","via_url":"","override_template":"0","override":[{"template":"1","single_blog_custom":"","parallax":"1","fullscreen":"1","layout":"right-sidebar","sidebar":"default-sidebar","second_sidebar":"default-sidebar","sticky_sidebar":"1","share_position":"top","share_float_style":"share-monocrhome","show_share_counter":"1","show_view_counter":"1","show_featured":"1","show_post_meta":"1","show_post_author":"1","show_post_author_image":"1","show_post_date":"1","post_date_format":"default","post_date_format_custom":"Y\/m\/d","show_post_category":"1","show_post_reading_time":"0","post_reading_time_wpm":"300","show_zoom_button":"0","zoom_button_out_step":"2","zoom_button_in_step":"3","show_post_tag":"1","show_prev_next_post":"1","show_popup_post":"1","number_popup_post":"1","show_author_box":"0","show_post_related":"0","show_inline_post_related":"0"}],"override_image_size":"0","image_override":[{"single_post_thumbnail_size":"crop-500","single_post_gallery_size":"crop-500"}],"trending_post":"0","trending_post_position":"meta","trending_post_label":"Trending","sponsored_post":"0","sponsored_post_label":"Sponsored by","sponsored_post_name":"","sponsored_post_url":"","sponsored_post_logo_enable":"0","sponsored_post_logo":"","sponsored_post_desc":"","disable_ad":"0"},"jnews_primary_category":{"id":""},"jnews_social_meta":{"fb_title":"","fb_description":"","fb_image":"","twitter_title":"","twitter_description":"","twitter_image":""},"jnews_review":[],"enable_review":"0","type":"percentage","name":"","summary":"","brand":"","sku":"","good":[{"good_text":""}],"bad":[{"bad_text":""}],"score_override":"","override_value":"","rating":[{"rating_text":"","rating_number":"10"}],"price":[{"shop":"","price":"","link":"","icon":""}],"jnews_override_counter":{"override_view_counter":"0","view_counter_number":"0","override_share_counter":"0","share_counter_number":"0","override_like_counter":"0","like_counter_number":"0","override_dislike_counter":"0","dislike_counter_number":"0"},"jnews_post_split":{"enable_post_split":"0","post_split":[{"template":"1","tag":"h2","numbering":"asc","mode":"normal","first":"0","enable_toc":"0","toc_type":"normal"}]},"footnotes":""},"categories":[75],"tags":[948],"class_list":["post-34382","post","type-post","status-publish","format-standard","has-post-thumbnail","hentry","category-accion-social","tag-dia-de-la-madre"],"jetpack_featured_media_url":"https:\/\/atecordoba.org\/wp-content\/uploads\/2022\/10\/polomujermadre-e1666808682976.jpg","_links":{"self":[{"href":"https:\/\/atecordoba.org\/index.php?rest_route=\/wp\/v2\/posts\/34382","targetHints":{"allow":["GET"]}}],"collection":[{"href":"https:\/\/atecordoba.org\/index.php?rest_route=\/wp\/v2\/posts"}],"about":[{"href":"https:\/\/atecordoba.org\/index.php?rest_route=\/wp\/v2\/types\/post"}],"author":[{"embeddable":true,"href":"https:\/\/atecordoba.org\/index.php?rest_route=\/wp\/v2\/users\/7"}],"replies":[{"embeddable":true,"href":"https:\/\/atecordoba.org\/index.php?rest_route=%2Fwp%2Fv2%2Fcomments&post=34382"}],"version-history":[{"count":1,"href":"https:\/\/atecordoba.org\/index.php?rest_route=\/wp\/v2\/posts\/34382\/revisions"}],"predecessor-version":[{"id":34392,"href":"https:\/\/atecordoba.org\/index.php?rest_route=\/wp\/v2\/posts\/34382\/revisions\/34392"}],"wp:featuredmedia":[{"embeddable":true,"href":"https:\/\/atecordoba.org\/index.php?rest_route=\/wp\/v2\/media\/34391"}],"wp:attachment":[{"href":"https:\/\/atecordoba.org\/index.php?rest_route=%2Fwp%2Fv2%2Fmedia&parent=34382"}],"wp:term":[{"taxonomy":"category","embeddable":true,"href":"https:\/\/atecordoba.org\/index.php?rest_route=%2Fwp%2Fv2%2Fcategories&post=34382"},{"taxonomy":"post_tag","embeddable":true,"href":"https:\/\/atecordoba.org\/index.php?rest_route=%2Fwp%2Fv2%2Ftags&post=34382"}],"curies":[{"name":"wp","href":"https:\/\/api.w.org\/{rel}","templated":true}]}}