{"id":34376,"date":"2022-10-26T12:20:25","date_gmt":"2022-10-26T15:20:25","guid":{"rendered":"https:\/\/atecordoba.org\/?p=34376"},"modified":"2022-10-26T12:20:26","modified_gmt":"2022-10-26T15:20:26","slug":"el-companero-claudio-lozano-en-cordoba-para-disertar-sobre-la-situacion-economica","status":"publish","type":"post","link":"https:\/\/atecordoba.org\/?p=34376","title":{"rendered":"El compa\u00f1ero Claudio Lozano en C\u00f3rdoba para disertar sobre la situaci\u00f3n econ\u00f3mica"},"content":{"rendered":"\n<p><\/p>\n\n\n\n<figure class=\"wp-block-image size-large\"><img loading=\"lazy\" decoding=\"async\" width=\"1024\" height=\"1024\" src=\"https:\/\/atecordoba.org\/wp-content\/uploads\/2022\/10\/IMG-20221025-WA0148-1024x1024.jpg\" alt=\"\" class=\"wp-image-34377\" srcset=\"https:\/\/atecordoba.org\/wp-content\/uploads\/2022\/10\/IMG-20221025-WA0148-1024x1024.jpg 1024w, https:\/\/atecordoba.org\/wp-content\/uploads\/2022\/10\/IMG-20221025-WA0148-300x300.jpg 300w, https:\/\/atecordoba.org\/wp-content\/uploads\/2022\/10\/IMG-20221025-WA0148-150x150.jpg 150w, https:\/\/atecordoba.org\/wp-content\/uploads\/2022\/10\/IMG-20221025-WA0148-768x768.jpg 768w, https:\/\/atecordoba.org\/wp-content\/uploads\/2022\/10\/IMG-20221025-WA0148-560x560.jpg 560w, https:\/\/atecordoba.org\/wp-content\/uploads\/2022\/10\/IMG-20221025-WA0148-75x75.jpg 75w, https:\/\/atecordoba.org\/wp-content\/uploads\/2022\/10\/IMG-20221025-WA0148-350x350.jpg 350w, https:\/\/atecordoba.org\/wp-content\/uploads\/2022\/10\/IMG-20221025-WA0148-750x750.jpg 750w, https:\/\/atecordoba.org\/wp-content\/uploads\/2022\/10\/IMG-20221025-WA0148.jpg 1080w\" sizes=\"auto, (max-width: 1024px) 100vw, 1024px\" \/><\/figure>\n\n\n\n<p>Con el objetivo de disertar sobre la realidad econ\u00f3mica de C\u00f3rdoba, el economista y presidente de Unidad Popular, Claudio Lozano, referente de la CTA y ex director del Banco Naci\u00f3n, encabeza un conversatorio hoy a las 18.30 horas en la Ciudad Universitaria, en un charla debate titulada &#8220;Situaci\u00f3n pol\u00edtica y econ\u00f3mica. C\u00f3rdoba en el contexto nacional&#8221;.<\/p>\n\n\n\n<p>Lozano estar\u00e1 acompa\u00f1ado por el economista Pablo D\u00edaz Almada, integrante del Observatorio de Trabajo, Econom\u00eda y Sociedad (OTES).<\/p>\n\n\n\n<p>La convocatorio es, entonces, hoy mi\u00e9rcoles 26 de ocutbre a las 28.30 horas en el AD4, avenida Valparaiso esquina Enfermera Gordillo, Ciudad Universitaria. <\/p>\n\n\n\n<p><\/p>\n","protected":false},"excerpt":{"rendered":"<p>Con el objetivo de disertar sobre la realidad econ\u00f3mica de C\u00f3rdoba, el economista y presidente de Unidad Popular, Claudio Lozano, referente de la CTA y ex director del Banco Naci\u00f3n, encabeza un conversatorio hoy a las 18.30 horas en la Ciudad Universitaria, en un charla debate titulada &#8220;Situaci\u00f3n pol\u00edtica y econ\u00f3mica. C\u00f3rdoba en el contexto [&hellip;]<\/p>\n","protected":false},"author":7,"featured_media":34378,"comment_status":"open","ping_status":"open","sticky":false,"template":"","format":"standard","meta":{"_exactmetrics_skip_tracking":false,"_exactmetrics_sitenote_active":false,"_exactmetrics_sitenote_note":"","_exactmetrics_sitenote_category":0,"jnews-multi-image_gallery":[],"jnews_single_post":{"subtitle":"Referente indiscutido de los economistas que tienen su mirada puesta en la defensa de los intereses de la clase trabajadora, Lozano aportar\u00e1 su mirada en torno as la situaci\u00f3n econ\u00f3mica nacional y su impacto en C\u00f3rdoba.","format":"standard","video":"","gallery":"","source_name":"","source_url":"","via_name":"","via_url":"","override_template":"0","override":[{"template":"1","single_blog_custom":"","parallax":"1","fullscreen":"1","layout":"right-sidebar","sidebar":"default-sidebar","second_sidebar":"default-sidebar","sticky_sidebar":"1","share_position":"top","share_float_style":"share-monocrhome","show_share_counter":"1","show_view_counter":"1","show_featured":"1","show_post_meta":"1","show_post_author":"1","show_post_author_image":"1","show_post_date":"1","post_date_format":"default","post_date_format_custom":"Y\/m\/d","show_post_category":"1","show_post_reading_time":"0","post_reading_time_wpm":"300","show_zoom_button":"0","zoom_button_out_step":"2","zoom_button_in_step":"3","show_post_tag":"1","show_prev_next_post":"1","show_popup_post":"1","number_popup_post":"1","show_author_box":"0","show_post_related":"0","show_inline_post_related":"0"}],"override_image_size":"0","image_override":[{"single_post_thumbnail_size":"crop-500","single_post_gallery_size":"crop-500"}],"trending_post":"0","trending_post_position":"meta","trending_post_label":"Trending","sponsored_post":"0","sponsored_post_label":"Sponsored by","sponsored_post_name":"","sponsored_post_url":"","sponsored_post_logo_enable":"0","sponsored_post_logo":"","sponsored_post_desc":"","disable_ad":"0"},"jnews_primary_category":{"id":""},"jnews_social_meta":{"fb_title":"","fb_description":"","fb_image":"","twitter_title":"","twitter_description":"","twitter_image":""},"jnews_review":[],"enable_review":"0","type":"percentage","name":"","summary":"","brand":"","sku":"","good":[{"good_text":""}],"bad":[{"bad_text":""}],"score_override":"","override_value":"","rating":[{"rating_text":"","rating_number":"10"}],"price":[{"shop":"","price":"","link":"","icon":""}],"jnews_override_counter":{"override_view_counter":"0","view_counter_number":"0","override_share_counter":"0","share_counter_number":"0","override_like_counter":"0","like_counter_number":"0","override_dislike_counter":"0","dislike_counter_number":"0"},"jnews_post_split":{"enable_post_split":"0","post_split":[{"template":"1","tag":"h2","numbering":"asc","mode":"normal","first":"0","enable_toc":"0","toc_type":"normal"}]},"footnotes":""},"categories":[10],"tags":[],"class_list":["post-34376","post","type-post","status-publish","format-standard","has-post-thumbnail","hentry","category-accion-politica"],"jetpack_featured_media_url":"https:\/\/atecordoba.org\/wp-content\/uploads\/2022\/10\/lozano-e1666797611449.jpg","_links":{"self":[{"href":"https:\/\/atecordoba.org\/index.php?rest_route=\/wp\/v2\/posts\/34376","targetHints":{"allow":["GET"]}}],"collection":[{"href":"https:\/\/atecordoba.org\/index.php?rest_route=\/wp\/v2\/posts"}],"about":[{"href":"https:\/\/atecordoba.org\/index.php?rest_route=\/wp\/v2\/types\/post"}],"author":[{"embeddable":true,"href":"https:\/\/atecordoba.org\/index.php?rest_route=\/wp\/v2\/users\/7"}],"replies":[{"embeddable":true,"href":"https:\/\/atecordoba.org\/index.php?rest_route=%2Fwp%2Fv2%2Fcomments&post=34376"}],"version-history":[{"count":1,"href":"https:\/\/atecordoba.org\/index.php?rest_route=\/wp\/v2\/posts\/34376\/revisions"}],"predecessor-version":[{"id":34379,"href":"https:\/\/atecordoba.org\/index.php?rest_route=\/wp\/v2\/posts\/34376\/revisions\/34379"}],"wp:featuredmedia":[{"embeddable":true,"href":"https:\/\/atecordoba.org\/index.php?rest_route=\/wp\/v2\/media\/34378"}],"wp:attachment":[{"href":"https:\/\/atecordoba.org\/index.php?rest_route=%2Fwp%2Fv2%2Fmedia&parent=34376"}],"wp:term":[{"taxonomy":"category","embeddable":true,"href":"https:\/\/atecordoba.org\/index.php?rest_route=%2Fwp%2Fv2%2Fcategories&post=34376"},{"taxonomy":"post_tag","embeddable":true,"href":"https:\/\/atecordoba.org\/index.php?rest_route=%2Fwp%2Fv2%2Ftags&post=34376"}],"curies":[{"name":"wp","href":"https:\/\/api.w.org\/{rel}","templated":true}]}}