{"id":34371,"date":"2022-10-26T11:53:57","date_gmt":"2022-10-26T14:53:57","guid":{"rendered":"https:\/\/atecordoba.org\/?p=34371"},"modified":"2022-10-26T11:57:39","modified_gmt":"2022-10-26T14:57:39","slug":"tiempo-latinoamericano-celebra-cuatro-decadas-de-vigencia","status":"publish","type":"post","link":"https:\/\/atecordoba.org\/?p=34371","title":{"rendered":"Tiempo Latinoamericano celebra cuatro d\u00e9cadas de vigencia"},"content":{"rendered":"\n<div class=\"wp-block-image\"><figure class=\"aligncenter size-large is-resized\"><img loading=\"lazy\" decoding=\"async\" src=\"https:\/\/atecordoba.org\/wp-content\/uploads\/2022\/10\/FB_IMG_1666745058479-795x1024.jpg\" alt=\"\" class=\"wp-image-34372\" width=\"596\" height=\"768\" srcset=\"https:\/\/atecordoba.org\/wp-content\/uploads\/2022\/10\/FB_IMG_1666745058479-795x1024.jpg 795w, https:\/\/atecordoba.org\/wp-content\/uploads\/2022\/10\/FB_IMG_1666745058479-233x300.jpg 233w, https:\/\/atecordoba.org\/wp-content\/uploads\/2022\/10\/FB_IMG_1666745058479-768x989.jpg 768w, https:\/\/atecordoba.org\/wp-content\/uploads\/2022\/10\/FB_IMG_1666745058479-750x966.jpg 750w, https:\/\/atecordoba.org\/wp-content\/uploads\/2022\/10\/FB_IMG_1666745058479.jpg 827w\" sizes=\"auto, (max-width: 596px) 100vw, 596px\" \/><\/figure><\/div>\n\n\n\n<p>La revista Tiempo Latinoamericano que dirige Luis Miguel Vitin Baronetto cumple 40 a\u00f1os de salida ininterrumpida en C\u00f3rdoba y lo celebra hoy a las 18.30 horas en el sal\u00f3n de la UEPC, San Jer\u00f3nimo 558.<\/p>\n\n\n\n<p>Con la cita de cabecera que referencia al obispo Enrique Angelelli &#8220;con un o\u00eddo en el evangelio y otro en el pueblo&#8221; la publicaci\u00f3n ha logrado ser referencia ineludible en materia de reflexi\u00f3n, memoria, comunicaci\u00f3n y encuentro desde 1982 a la fecha. <\/p>\n\n\n\n<p>Desde ATE C\u00f3rdoba saludamos a las y los compa\u00f1eros de Tiempo Latinoamericano y les auguramos nuevos y continuamos festejos en los a\u00f1os por venir. <\/p>\n","protected":false},"excerpt":{"rendered":"<p>La revista Tiempo Latinoamericano que dirige Luis Miguel Vitin Baronetto cumple 40 a\u00f1os de salida ininterrumpida en C\u00f3rdoba y lo celebra hoy a las 18.30 horas en el sal\u00f3n de la UEPC, San Jer\u00f3nimo 558. Con la cita de cabecera que referencia al obispo Enrique Angelelli &#8220;con un o\u00eddo en el evangelio y otro en [&hellip;]<\/p>\n","protected":false},"author":7,"featured_media":34375,"comment_status":"open","ping_status":"open","sticky":false,"template":"","format":"standard","meta":{"_exactmetrics_skip_tracking":false,"_exactmetrics_sitenote_active":false,"_exactmetrics_sitenote_note":"","_exactmetrics_sitenote_category":0,"jnews-multi-image_gallery":[],"jnews_single_post":{"subtitle":"El Centro Tiempo Latinoamericano tiene al obispo, asesinado por la dictadura genocida, Enrique Angelelli como principal referente de una corriente evang\u00e9lica que recorre el continente en la lucha de la liberaci\u00f3n de los pueblos y la espiritualidad del evangelio.","format":"standard","video":"","gallery":"","source_name":"","source_url":"","via_name":"","via_url":"","override_template":"0","override":[{"template":"1","single_blog_custom":"","parallax":"1","fullscreen":"1","layout":"right-sidebar","sidebar":"default-sidebar","second_sidebar":"default-sidebar","sticky_sidebar":"1","share_position":"top","share_float_style":"share-monocrhome","show_share_counter":"1","show_view_counter":"1","show_featured":"1","show_post_meta":"1","show_post_author":"1","show_post_author_image":"1","show_post_date":"1","post_date_format":"default","post_date_format_custom":"Y\/m\/d","show_post_category":"1","show_post_reading_time":"0","post_reading_time_wpm":"300","show_zoom_button":"0","zoom_button_out_step":"2","zoom_button_in_step":"3","show_post_tag":"1","show_prev_next_post":"1","show_popup_post":"1","number_popup_post":"1","show_author_box":"0","show_post_related":"0","show_inline_post_related":"0"}],"override_image_size":"0","image_override":[{"single_post_thumbnail_size":"crop-500","single_post_gallery_size":"crop-500"}],"trending_post":"0","trending_post_position":"meta","trending_post_label":"Trending","sponsored_post":"0","sponsored_post_label":"Sponsored by","sponsored_post_name":"","sponsored_post_url":"","sponsored_post_logo_enable":"0","sponsored_post_logo":"","sponsored_post_desc":"","disable_ad":"0"},"jnews_primary_category":{"id":""},"jnews_social_meta":{"fb_title":"","fb_description":"","fb_image":"","twitter_title":"","twitter_description":"","twitter_image":""},"jnews_review":[],"enable_review":"0","type":"percentage","name":"","summary":"","brand":"","sku":"","good":[{"good_text":""}],"bad":[{"bad_text":""}],"score_override":"","override_value":"","rating":[{"rating_text":"","rating_number":"10"}],"price":[{"shop":"","price":"","link":"","icon":""}],"jnews_override_counter":{"override_view_counter":"0","view_counter_number":"0","override_share_counter":"0","share_counter_number":"0","override_like_counter":"0","like_counter_number":"0","override_dislike_counter":"0","dislike_counter_number":"0"},"jnews_post_split":{"enable_post_split":"0","post_split":[{"template":"1","tag":"h2","numbering":"asc","mode":"normal","first":"0","enable_toc":"0","toc_type":"normal"}]},"footnotes":""},"categories":[10],"tags":[1263],"class_list":["post-34371","post","type-post","status-publish","format-standard","has-post-thumbnail","hentry","category-accion-politica","tag-tiempo-latinoamericano"],"jetpack_featured_media_url":"https:\/\/atecordoba.org\/wp-content\/uploads\/2022\/10\/latiempoportada.jpg","_links":{"self":[{"href":"https:\/\/atecordoba.org\/index.php?rest_route=\/wp\/v2\/posts\/34371","targetHints":{"allow":["GET"]}}],"collection":[{"href":"https:\/\/atecordoba.org\/index.php?rest_route=\/wp\/v2\/posts"}],"about":[{"href":"https:\/\/atecordoba.org\/index.php?rest_route=\/wp\/v2\/types\/post"}],"author":[{"embeddable":true,"href":"https:\/\/atecordoba.org\/index.php?rest_route=\/wp\/v2\/users\/7"}],"replies":[{"embeddable":true,"href":"https:\/\/atecordoba.org\/index.php?rest_route=%2Fwp%2Fv2%2Fcomments&post=34371"}],"version-history":[{"count":1,"href":"https:\/\/atecordoba.org\/index.php?rest_route=\/wp\/v2\/posts\/34371\/revisions"}],"predecessor-version":[{"id":34374,"href":"https:\/\/atecordoba.org\/index.php?rest_route=\/wp\/v2\/posts\/34371\/revisions\/34374"}],"wp:featuredmedia":[{"embeddable":true,"href":"https:\/\/atecordoba.org\/index.php?rest_route=\/wp\/v2\/media\/34375"}],"wp:attachment":[{"href":"https:\/\/atecordoba.org\/index.php?rest_route=%2Fwp%2Fv2%2Fmedia&parent=34371"}],"wp:term":[{"taxonomy":"category","embeddable":true,"href":"https:\/\/atecordoba.org\/index.php?rest_route=%2Fwp%2Fv2%2Fcategories&post=34371"},{"taxonomy":"post_tag","embeddable":true,"href":"https:\/\/atecordoba.org\/index.php?rest_route=%2Fwp%2Fv2%2Ftags&post=34371"}],"curies":[{"name":"wp","href":"https:\/\/api.w.org\/{rel}","templated":true}]}}