{"id":34367,"date":"2022-10-26T11:32:56","date_gmt":"2022-10-26T14:32:56","guid":{"rendered":"https:\/\/atecordoba.org\/?p=34367"},"modified":"2022-10-26T12:25:13","modified_gmt":"2022-10-26T15:25:13","slug":"ate-saluda-a-radio-nacional-cordoba-en-su-65-cumpleanos","status":"publish","type":"post","link":"https:\/\/atecordoba.org\/?p=34367","title":{"rendered":"ATE saluda a Radio Nacional C\u00f3rdoba en su 65\u00b0 cumplea\u00f1os"},"content":{"rendered":"\n<div class=\"wp-block-image\"><figure class=\"aligncenter size-full is-resized\"><img loading=\"lazy\" decoding=\"async\" src=\"https:\/\/atecordoba.org\/wp-content\/uploads\/2022\/10\/IMG-20221025-WA0149.jpg\" alt=\"\" class=\"wp-image-34368\" width=\"638\" height=\"450\" srcset=\"https:\/\/atecordoba.org\/wp-content\/uploads\/2022\/10\/IMG-20221025-WA0149.jpg 850w, https:\/\/atecordoba.org\/wp-content\/uploads\/2022\/10\/IMG-20221025-WA0149-300x212.jpg 300w, https:\/\/atecordoba.org\/wp-content\/uploads\/2022\/10\/IMG-20221025-WA0149-768x542.jpg 768w, https:\/\/atecordoba.org\/wp-content\/uploads\/2022\/10\/IMG-20221025-WA0149-120x86.jpg 120w, https:\/\/atecordoba.org\/wp-content\/uploads\/2022\/10\/IMG-20221025-WA0149-750x529.jpg 750w\" sizes=\"auto, (max-width: 638px) 100vw, 638px\" \/><\/figure><\/div>\n\n\n\n<p>El Consejo Directivo Provincial de ATE C\u00f3rdoba felicita a LRA 7 Radio Nacional C\u00f3rdoba al cumpliese el 65 aniversario de su creaci\u00f3n. <\/p>\n\n\n\n<p>Desde nuestra organizaci\u00f3n consideramos fundamental el rol que cumple la radio publica para garantizar la soberan\u00eda informativa del conjunto del pueblo argentino y sabemos del compromiso de toda la comunidad de la radio para alcanzar tal objetivo.<\/p>\n\n\n\n<p>Frente a un mundo informativo atravesado por fake news y abordajes tendenciosos de la realidad diaria para beneficiar determinados intereses, generalmente relacionados con los propietarios de las principales cadenas privadas de noticias, alentamos a Radio Nacional a que cumple con el papel fundamental de mantener informada a la poblaci\u00f3n de C\u00f3rdoba con el profesionalismo y la precisi\u00f3n necesaria. <\/p>\n\n\n\n<p>Como representante gremial de las y los trabajadores de la emisora ratificamos aqu\u00ed nuestro firme compromiso para el sostenimiento y crecimiento de la radio p\u00fablica en todo el pa\u00eds. <strong>As\u00ed como tambi\u00e9n exigimos que quienes llevan adelante todos los d\u00edas ese sostenimiento, que son las y los trabajadores, tengan salarios dignos, condiciones de trabajo saludables, destrabando las paritarias y la defensa de la radio p\u00fablica por parte tambi\u00e9n de las autoridades.\u00a0<\/strong><\/p>\n\n\n\n<p>Con tal motivo desde ATE C\u00f3rdoba estaremos presentes hoy a las 20.30 horas en el auditorio de Radio Nacional, Av General paz y Sana Rosa, para participar de las celebraciones. <\/p>\n","protected":false},"excerpt":{"rendered":"<p>El Consejo Directivo Provincial de ATE C\u00f3rdoba felicita a LRA 7 Radio Nacional C\u00f3rdoba al cumpliese el 65 aniversario de su creaci\u00f3n. Desde nuestra organizaci\u00f3n consideramos fundamental el rol que cumple la radio publica para garantizar la soberan\u00eda informativa del conjunto del pueblo argentino y sabemos del compromiso de toda la comunidad de la radio [&hellip;]<\/p>\n","protected":false},"author":7,"featured_media":34369,"comment_status":"open","ping_status":"open","sticky":false,"template":"","format":"standard","meta":{"_exactmetrics_skip_tracking":false,"_exactmetrics_sitenote_active":false,"_exactmetrics_sitenote_note":"","_exactmetrics_sitenote_category":0,"jnews-multi-image_gallery":[],"jnews_single_post":{"subtitle":"Como representante gremial de las y los trabajadores de la emisora ratificamos aqu\u00ed nuestro firme compromiso para el sostenimiento y crecimiento de la radio p\u00fablica en todo el pa\u00eds. ","format":"standard","video":"","gallery":"","source_name":"","source_url":"","via_name":"","via_url":"","override_template":"0","override":[{"template":"1","single_blog_custom":"","parallax":"1","fullscreen":"1","layout":"right-sidebar","sidebar":"default-sidebar","second_sidebar":"default-sidebar","sticky_sidebar":"1","share_position":"top","share_float_style":"share-monocrhome","show_share_counter":"1","show_view_counter":"1","show_featured":"1","show_post_meta":"1","show_post_author":"1","show_post_author_image":"1","show_post_date":"1","post_date_format":"default","post_date_format_custom":"Y\/m\/d","show_post_category":"1","show_post_reading_time":"0","post_reading_time_wpm":"300","show_zoom_button":"0","zoom_button_out_step":"2","zoom_button_in_step":"3","show_post_tag":"1","show_prev_next_post":"1","show_popup_post":"1","number_popup_post":"1","show_author_box":"0","show_post_related":"0","show_inline_post_related":"0"}],"override_image_size":"0","image_override":[{"single_post_thumbnail_size":"crop-500","single_post_gallery_size":"crop-500"}],"trending_post":"0","trending_post_position":"meta","trending_post_label":"Trending","sponsored_post":"0","sponsored_post_label":"Sponsored by","sponsored_post_name":"","sponsored_post_url":"","sponsored_post_logo_enable":"0","sponsored_post_logo":"","sponsored_post_desc":"","disable_ad":"0"},"jnews_primary_category":{"id":""},"jnews_social_meta":{"fb_title":"","fb_description":"","fb_image":"","twitter_title":"","twitter_description":"","twitter_image":""},"jnews_review":[],"enable_review":"0","type":"percentage","name":"","summary":"","brand":"","sku":"","good":[{"good_text":""}],"bad":[{"bad_text":""}],"score_override":"","override_value":"","rating":[{"rating_text":"","rating_number":"10"}],"price":[{"shop":"","price":"","link":"","icon":""}],"jnews_override_counter":{"override_view_counter":"0","view_counter_number":"0","override_share_counter":"0","share_counter_number":"0","override_like_counter":"0","like_counter_number":"0","override_dislike_counter":"0","dislike_counter_number":"0"},"jnews_post_split":{"enable_post_split":"0","post_split":[{"template":"1","tag":"h2","numbering":"asc","mode":"normal","first":"0","enable_toc":"0","toc_type":"normal"}]},"footnotes":""},"categories":[18],"tags":[1197],"class_list":["post-34367","post","type-post","status-publish","format-standard","has-post-thumbnail","hentry","category-nacionales","tag-radio-nacional-cordoba"],"jetpack_featured_media_url":"https:\/\/atecordoba.org\/wp-content\/uploads\/2022\/10\/radio-e1666794769962.jpg","_links":{"self":[{"href":"https:\/\/atecordoba.org\/index.php?rest_route=\/wp\/v2\/posts\/34367","targetHints":{"allow":["GET"]}}],"collection":[{"href":"https:\/\/atecordoba.org\/index.php?rest_route=\/wp\/v2\/posts"}],"about":[{"href":"https:\/\/atecordoba.org\/index.php?rest_route=\/wp\/v2\/types\/post"}],"author":[{"embeddable":true,"href":"https:\/\/atecordoba.org\/index.php?rest_route=\/wp\/v2\/users\/7"}],"replies":[{"embeddable":true,"href":"https:\/\/atecordoba.org\/index.php?rest_route=%2Fwp%2Fv2%2Fcomments&post=34367"}],"version-history":[{"count":2,"href":"https:\/\/atecordoba.org\/index.php?rest_route=\/wp\/v2\/posts\/34367\/revisions"}],"predecessor-version":[{"id":34381,"href":"https:\/\/atecordoba.org\/index.php?rest_route=\/wp\/v2\/posts\/34367\/revisions\/34381"}],"wp:featuredmedia":[{"embeddable":true,"href":"https:\/\/atecordoba.org\/index.php?rest_route=\/wp\/v2\/media\/34369"}],"wp:attachment":[{"href":"https:\/\/atecordoba.org\/index.php?rest_route=%2Fwp%2Fv2%2Fmedia&parent=34367"}],"wp:term":[{"taxonomy":"category","embeddable":true,"href":"https:\/\/atecordoba.org\/index.php?rest_route=%2Fwp%2Fv2%2Fcategories&post=34367"},{"taxonomy":"post_tag","embeddable":true,"href":"https:\/\/atecordoba.org\/index.php?rest_route=%2Fwp%2Fv2%2Ftags&post=34367"}],"curies":[{"name":"wp","href":"https:\/\/api.w.org\/{rel}","templated":true}]}}