{"id":34330,"date":"2022-10-24T09:52:33","date_gmt":"2022-10-24T12:52:33","guid":{"rendered":"https:\/\/atecordoba.org\/?p=34330"},"modified":"2022-10-24T09:52:37","modified_gmt":"2022-10-24T12:52:37","slug":"eleccion-del-cuerpo-de-delegadas-os-del-hospital-misericordia","status":"publish","type":"post","link":"https:\/\/atecordoba.org\/?p=34330","title":{"rendered":"Elecci\u00f3n del cuerpo de delegadas\/os del Hospital Misericordia"},"content":{"rendered":"\n<div class=\"wp-block-image\"><figure class=\"aligncenter size-large is-resized\"><img loading=\"lazy\" decoding=\"async\" src=\"https:\/\/atecordoba.org\/wp-content\/uploads\/2022\/10\/WhatsApp-Image-2022-10-24-at-09.46.05-724x1024.jpeg\" alt=\"\" class=\"wp-image-34331\" width=\"543\" height=\"768\" srcset=\"https:\/\/atecordoba.org\/wp-content\/uploads\/2022\/10\/WhatsApp-Image-2022-10-24-at-09.46.05-724x1024.jpeg 724w, https:\/\/atecordoba.org\/wp-content\/uploads\/2022\/10\/WhatsApp-Image-2022-10-24-at-09.46.05-212x300.jpeg 212w, https:\/\/atecordoba.org\/wp-content\/uploads\/2022\/10\/WhatsApp-Image-2022-10-24-at-09.46.05-768x1086.jpeg 768w, https:\/\/atecordoba.org\/wp-content\/uploads\/2022\/10\/WhatsApp-Image-2022-10-24-at-09.46.05-750x1060.jpeg 750w, https:\/\/atecordoba.org\/wp-content\/uploads\/2022\/10\/WhatsApp-Image-2022-10-24-at-09.46.05.jpeg 843w\" sizes=\"auto, (max-width: 543px) 100vw, 543px\" \/><\/figure><\/div>\n\n\n\n<p>El Consejo Directivo Provincial convoca a concurrir masivamente para elegir el cuerpo de delegados de ATE en el Hospital Misericordia que tendr\u00e1 mandato por los pr\u00f3ximos dos a\u00f1os. <\/p>\n\n\n\n<p>La elecci\u00f3n se llevar\u00e1 a cabo ma\u00f1ana, en el horario de 6 a 16 horas, para que est\u00e9n disponibles las urnas para los tres turnos, y tendr\u00e1 como candidatas y candidatos a Jennie Moreno; Nieves Montenegro; Roberto Ramos y Sandra Baz\u00e1n.<\/p>\n\n\n\n<p>Est\u00e1n habilitados para votar todos los trabajadores y trabajadoras del Hospital Misericordia est\u00e9n o no afiliados a nuestro gremio.<\/p>\n","protected":false},"excerpt":{"rendered":"<p>El Consejo Directivo Provincial convoca a concurrir masivamente para elegir el cuerpo de delegados de ATE en el Hospital Misericordia que tendr\u00e1 mandato por los pr\u00f3ximos dos a\u00f1os. La elecci\u00f3n se llevar\u00e1 a cabo ma\u00f1ana, en el horario de 6 a 16 horas, para que est\u00e9n disponibles las urnas para los tres turnos, y tendr\u00e1 [&hellip;]<\/p>\n","protected":false},"author":7,"featured_media":34332,"comment_status":"open","ping_status":"open","sticky":false,"template":"","format":"standard","meta":{"_exactmetrics_skip_tracking":false,"_exactmetrics_sitenote_active":false,"_exactmetrics_sitenote_note":"","_exactmetrics_sitenote_category":0,"jnews-multi-image_gallery":[],"jnews_single_post":{"subtitle":"Las y los compa\u00f1eros propuestos llegan con una agenda de reclamos de base en torno al aumento salarial y mejoras en las condiciones laborales. ","format":"standard","video":"","gallery":"","source_name":"","source_url":"","via_name":"","via_url":"","override_template":"0","override":[{"template":"1","single_blog_custom":"","parallax":"1","fullscreen":"1","layout":"right-sidebar","sidebar":"default-sidebar","second_sidebar":"default-sidebar","sticky_sidebar":"1","share_position":"top","share_float_style":"share-monocrhome","show_share_counter":"1","show_view_counter":"1","show_featured":"1","show_post_meta":"1","show_post_author":"1","show_post_author_image":"1","show_post_date":"1","post_date_format":"default","post_date_format_custom":"Y\/m\/d","show_post_category":"1","show_post_reading_time":"0","post_reading_time_wpm":"300","show_zoom_button":"0","zoom_button_out_step":"2","zoom_button_in_step":"3","show_post_tag":"1","show_prev_next_post":"1","show_popup_post":"1","number_popup_post":"1","show_author_box":"0","show_post_related":"0","show_inline_post_related":"0"}],"override_image_size":"0","image_override":[{"single_post_thumbnail_size":"crop-500","single_post_gallery_size":"crop-500"}],"trending_post":"0","trending_post_position":"meta","trending_post_label":"Trending","sponsored_post":"0","sponsored_post_label":"Sponsored by","sponsored_post_name":"","sponsored_post_url":"","sponsored_post_logo_enable":"0","sponsored_post_logo":"","sponsored_post_desc":"","disable_ad":"0"},"jnews_primary_category":{"id":""},"jnews_social_meta":{"fb_title":"","fb_description":"","fb_image":"","twitter_title":"","twitter_description":"","twitter_image":""},"jnews_review":[],"enable_review":"0","type":"percentage","name":"","summary":"","brand":"","sku":"","good":[{"good_text":""}],"bad":[{"bad_text":""}],"score_override":"","override_value":"","rating":[{"rating_text":"","rating_number":"10"}],"price":[{"shop":"","price":"","link":"","icon":""}],"jnews_override_counter":{"override_view_counter":"0","view_counter_number":"0","override_share_counter":"0","share_counter_number":"0","override_like_counter":"0","like_counter_number":"0","override_dislike_counter":"0","dislike_counter_number":"0"},"jnews_post_split":{"enable_post_split":"0","post_split":[{"template":"1","tag":"h2","numbering":"asc","mode":"normal","first":"0","enable_toc":"0","toc_type":"normal"}]},"footnotes":""},"categories":[341,8],"tags":[26,395,154,1260,1259,353,1261,658],"class_list":["post-34330","post","type-post","status-publish","format-standard","has-post-thumbnail","hentry","category-cdp","category-provinciales","tag-ate","tag-ate-cordoba","tag-cordoba","tag-cuerpos-de-delegados","tag-delegados-obreros","tag-hospital-misericordia","tag-salud-provincial","tag-salud-publica"],"jetpack_featured_media_url":"https:\/\/atecordoba.org\/wp-content\/uploads\/2022\/10\/flyermiseria-e1666615872248.jpeg","_links":{"self":[{"href":"https:\/\/atecordoba.org\/index.php?rest_route=\/wp\/v2\/posts\/34330","targetHints":{"allow":["GET"]}}],"collection":[{"href":"https:\/\/atecordoba.org\/index.php?rest_route=\/wp\/v2\/posts"}],"about":[{"href":"https:\/\/atecordoba.org\/index.php?rest_route=\/wp\/v2\/types\/post"}],"author":[{"embeddable":true,"href":"https:\/\/atecordoba.org\/index.php?rest_route=\/wp\/v2\/users\/7"}],"replies":[{"embeddable":true,"href":"https:\/\/atecordoba.org\/index.php?rest_route=%2Fwp%2Fv2%2Fcomments&post=34330"}],"version-history":[{"count":1,"href":"https:\/\/atecordoba.org\/index.php?rest_route=\/wp\/v2\/posts\/34330\/revisions"}],"predecessor-version":[{"id":34333,"href":"https:\/\/atecordoba.org\/index.php?rest_route=\/wp\/v2\/posts\/34330\/revisions\/34333"}],"wp:featuredmedia":[{"embeddable":true,"href":"https:\/\/atecordoba.org\/index.php?rest_route=\/wp\/v2\/media\/34332"}],"wp:attachment":[{"href":"https:\/\/atecordoba.org\/index.php?rest_route=%2Fwp%2Fv2%2Fmedia&parent=34330"}],"wp:term":[{"taxonomy":"category","embeddable":true,"href":"https:\/\/atecordoba.org\/index.php?rest_route=%2Fwp%2Fv2%2Fcategories&post=34330"},{"taxonomy":"post_tag","embeddable":true,"href":"https:\/\/atecordoba.org\/index.php?rest_route=%2Fwp%2Fv2%2Ftags&post=34330"}],"curies":[{"name":"wp","href":"https:\/\/api.w.org\/{rel}","templated":true}]}}