{"id":34317,"date":"2022-10-21T15:41:56","date_gmt":"2022-10-21T18:41:56","guid":{"rendered":"https:\/\/atecordoba.org\/?p=34317"},"modified":"2022-10-21T15:42:28","modified_gmt":"2022-10-21T18:42:28","slug":"17-de-octubre-una-fragmentacion-que-favorece-el-retorno-de-la-derecha","status":"publish","type":"post","link":"https:\/\/atecordoba.org\/?p=34317","title":{"rendered":"17 de octubre: una fragmentaci\u00f3n que favorece el retorno del revanchismo patronal"},"content":{"rendered":"\n<p><\/p>\n\n\n\n<figure class=\"wp-block-gallery has-nested-images columns-4 is-cropped wp-block-gallery-1 is-layout-flex wp-block-gallery-is-layout-flex\">\n<figure class=\"wp-block-image size-large\"><img loading=\"lazy\" decoding=\"async\" width=\"730\" height=\"411\" data-id=\"34318\" src=\"https:\/\/atecordoba.org\/wp-content\/uploads\/2022\/10\/plaza-de-mayo.webp\" alt=\"\" class=\"wp-image-34318\" srcset=\"https:\/\/atecordoba.org\/wp-content\/uploads\/2022\/10\/plaza-de-mayo.webp 730w, https:\/\/atecordoba.org\/wp-content\/uploads\/2022\/10\/plaza-de-mayo-300x169.webp 300w\" sizes=\"auto, (max-width: 730px) 100vw, 730px\" \/><\/figure>\n\n\n\n<figure class=\"wp-block-image size-large\"><img loading=\"lazy\" decoding=\"async\" width=\"1024\" height=\"580\" data-id=\"34321\" src=\"https:\/\/atecordoba.org\/wp-content\/uploads\/2022\/10\/62-1024x580.png\" alt=\"\" class=\"wp-image-34321\" srcset=\"https:\/\/atecordoba.org\/wp-content\/uploads\/2022\/10\/62-1024x580.png 1024w, https:\/\/atecordoba.org\/wp-content\/uploads\/2022\/10\/62-300x170.png 300w, https:\/\/atecordoba.org\/wp-content\/uploads\/2022\/10\/62-768x435.png 768w, https:\/\/atecordoba.org\/wp-content\/uploads\/2022\/10\/62-750x425.png 750w, https:\/\/atecordoba.org\/wp-content\/uploads\/2022\/10\/62.png 1130w\" sizes=\"auto, (max-width: 1024px) 100vw, 1024px\" \/><\/figure>\n\n\n\n<figure class=\"wp-block-image size-large\"><img loading=\"lazy\" decoding=\"async\" width=\"1024\" height=\"576\" data-id=\"34319\" src=\"https:\/\/atecordoba.org\/wp-content\/uploads\/2022\/10\/cgt-1024x576.jpeg\" alt=\"\" class=\"wp-image-34319\" srcset=\"https:\/\/atecordoba.org\/wp-content\/uploads\/2022\/10\/cgt-1024x576.jpeg 1024w, https:\/\/atecordoba.org\/wp-content\/uploads\/2022\/10\/cgt-300x169.jpeg 300w, https:\/\/atecordoba.org\/wp-content\/uploads\/2022\/10\/cgt-768x432.jpeg 768w, https:\/\/atecordoba.org\/wp-content\/uploads\/2022\/10\/cgt-1536x864.jpeg 1536w, https:\/\/atecordoba.org\/wp-content\/uploads\/2022\/10\/cgt-750x422.jpeg 750w, https:\/\/atecordoba.org\/wp-content\/uploads\/2022\/10\/cgt-1140x641.jpeg 1140w, https:\/\/atecordoba.org\/wp-content\/uploads\/2022\/10\/cgt.jpeg 1600w\" sizes=\"auto, (max-width: 1024px) 100vw, 1024px\" \/><\/figure>\n\n\n\n<figure class=\"wp-block-image size-large\"><img loading=\"lazy\" decoding=\"async\" width=\"1024\" height=\"682\" data-id=\"34320\" src=\"https:\/\/atecordoba.org\/wp-content\/uploads\/2022\/10\/lamatanza-1024x682.jpg\" alt=\"\" class=\"wp-image-34320\" srcset=\"https:\/\/atecordoba.org\/wp-content\/uploads\/2022\/10\/lamatanza-1024x682.jpg 1024w, https:\/\/atecordoba.org\/wp-content\/uploads\/2022\/10\/lamatanza-300x200.jpg 300w, https:\/\/atecordoba.org\/wp-content\/uploads\/2022\/10\/lamatanza-768x512.jpg 768w, https:\/\/atecordoba.org\/wp-content\/uploads\/2022\/10\/lamatanza-750x500.jpg 750w, https:\/\/atecordoba.org\/wp-content\/uploads\/2022\/10\/lamatanza-1140x760.jpg 1140w, https:\/\/atecordoba.org\/wp-content\/uploads\/2022\/10\/lamatanza.jpg 1280w\" sizes=\"auto, (max-width: 1024px) 100vw, 1024px\" \/><\/figure>\n<figcaption class=\"blocks-gallery-caption\">Cuatro acto para recordar el 17 de octubre de 1945, el m\u00e1s numeroso estuvo en Plaza de Mayo, hegemonizado por el kirchnerismo. <\/figcaption><\/figure>\n\n\n\n<p>El pasado lunes se llev\u00f3 a cabo la celebraci\u00f3n del 17 de octubre que el movimiento obrero recuerda cada a\u00f1o como el d\u00eda de la lealtad, que signific\u00f3 la libertad de Juan Domingo Per\u00f3n, encarcelado por una asonada de un sector gorila de las Fuerzas Armadas en 1945, pero tambi\u00e9n la entronizaci\u00f3n del movimiento popular como actor fundamental de la vida pol\u00edtica y social de nuestro pa\u00eds. &#8220;El subsuelo de la patria sublevado&#8221;, supo describir el intelectual Ra\u00fal Scalabrini Ortiz.<\/p>\n\n\n\n<p>Para analizar la coyuntura de este 17 de octubre e 2022, donde se realizaron cuatro actos principales en Capital Federal y Gran Buenos Aires, expresando las divisiones principales que sufren el movimiento obrero organizado, el programa radial Entre Todos y Todas, que la Secretaria de Prensa de ATE C\u00f3rdoba emite cada martes a las 18 por GEN FM 107.5, <a href=\"https:\/\/ar.radiocut.fm\/audiocut\/opinion-conmemoracion-del-17-octubre-desde-optica-juan-carlos-pipon-giuliani\/\">entrevist\u00f3 a Juan Carlos Pip\u00f3n Giuliani<\/a>, hist\u00f3rico dirigente sindical de nuestra CTA, referente y ex secretario General del Cispren y referencia ineludible del sindicalismo en C\u00f3rdoba, para reflexionar sobre el tiempo pol\u00edtico que nos toca atravesar. <\/p>\n\n\n\n<div class=\"wp-block-image\"><figure class=\"alignleft size-full is-resized\"><img loading=\"lazy\" decoding=\"async\" src=\"https:\/\/atecordoba.org\/wp-content\/uploads\/2022\/10\/pipon.jpg\" alt=\"\" class=\"wp-image-34322\" width=\"409\" height=\"215\" \/><\/figure><\/div>\n\n\n\n<p>Consultado por Franco Ayesa sobre las sensaciones que le despertaron los actos del lunes pasado, Pip\u00f3n Giuliani comenz\u00f3 explicando que &#8220;el 17 de octubre es una fecha que corta de un tajo que va a significa la irrupci\u00f3n pol\u00edtica del movimiento obrero en la vida institucional de la Argentina. Y as\u00ed como el yrigoyenismo permite el ascenso a la vida p\u00fablica de las clases medias urbanas y rurales, peronismo lo hace con la clase trabajadora, que hasta ese momento hab\u00eda permanecido invisibilizada. Me parece un hecho bautismal en la historia argentina, que no es solo patrimonio de quienes adherimos al peronismo en cualquiera de sus vertientes sino del conjunto del movimiento popular de la Naci\u00f3n. Es un hecho de masas incomparable que va a marcar el destino de la patria en los 10 a\u00f1os, que a nuestro juicio son los m\u00e1s felices de la historia argentina como son los dos primeros gobiernos de Per\u00f3n, truncados por la revoluci\u00f3n fusiladora de 1955&#8221;.<\/p>\n\n\n\n<p>&#8220;As\u00ed, el 17 de octubre trajo ese mensaje de irrupci\u00f3n de la clase trabajadora, de logro de conquistas, de manifestaciones, de una rebeld\u00eda que se empieza a canalizar org\u00e1nicamente. Recordemos que durante el yrigoyenismo pero fundamentalmente en el peronismo, entre 1946 y 1949, son los a\u00f1os de mayor movilizaci\u00f3n y conflictos sindicales que existen en nuestro pa\u00eds, porque nadie nos regal\u00f3 nada a los trabajadores, hubo que arrancarlo. Claro, cuando hab\u00eda gobiernos populares que te daban un paraguas y te otorgaban una legalidad se pod\u00eda avanzar mucho m\u00e1s r\u00e1pidamente y con mayor capacidad de obtener respuestas y derechos sociales y laborales que han marcado nuestra historia&#8221;, agreg\u00f3 el dirigente.<\/p>\n\n\n\n<div class=\"wp-block-image\"><figure class=\"alignright size-large is-resized\"><img loading=\"lazy\" decoding=\"async\" src=\"https:\/\/atecordoba.org\/wp-content\/uploads\/2022\/10\/pies-1024x579.webp\" alt=\"\" class=\"wp-image-34324\" width=\"512\" height=\"290\" srcset=\"https:\/\/atecordoba.org\/wp-content\/uploads\/2022\/10\/pies-1024x579.webp 1024w, https:\/\/atecordoba.org\/wp-content\/uploads\/2022\/10\/pies-300x170.webp 300w, https:\/\/atecordoba.org\/wp-content\/uploads\/2022\/10\/pies-768x434.webp 768w, https:\/\/atecordoba.org\/wp-content\/uploads\/2022\/10\/pies-750x424.webp 750w, https:\/\/atecordoba.org\/wp-content\/uploads\/2022\/10\/pies-1140x644.webp 1140w, https:\/\/atecordoba.org\/wp-content\/uploads\/2022\/10\/pies.webp 1200w\" sizes=\"auto, (max-width: 512px) 100vw, 512px\" \/><\/figure><\/div>\n\n\n\n<p><strong>-\u00bfC\u00f3mo vio el 17 de octubre de este a\u00f1o?<\/strong><\/p>\n\n\n\n<p>&#8211; Si te fijas lo que pas\u00f3 esta semana en Argentina, es una radiograf\u00eda de la fragmentaci\u00f3n del movimiento obrero. Pr\u00e1cticamente hubo cuatro actos. <\/p>\n\n\n\n<p>Por un lado, la CGT que lo hizo en un local cerrado, comandado por los gordos tal cual es su costumbre porque le tienen urticaria a la movilizaci\u00f3n, a la calle, a lo masivo, y largaron un movimiento pol\u00edtico nacional peronista, seg\u00fan ellos.<\/p>\n\n\n\n<p>El otro acto de la Plaza de Mayo, donde participan nuestra CTA con la otra CTA, la Corriente Federal y dem\u00e1s, claramente hegemonizada por el kirchnerismo. Hay que decir que as\u00ed como resulta ins\u00f3lito que la CGT celebre dentro del sal\u00f3n de Obras Sanitarias, en lo que parec\u00eda m\u00e1s una reuni\u00f3n social que un recordatorio del hecho de masas mas importante de los \u00faltimos 70 a\u00f1os de Argentina, tambi\u00e9n resulta ins\u00f3lito que uno de los principales oradores del acto de plaza de mayo convocado por los trabajadores haya sido M\u00e1ximo Kirchner. Desde ese punto de vista queda claro que fue hegemonizado por un sector que hoy est\u00e1 disputando con el albertismo, con el Presidente de la Naci\u00f3n, la gobernabilidad del Frente de Todos.<\/p>\n\n\n\n<p>El tercer acto fue de las 62 Organizaciones Peronistas que se hizo en La Plata, creo que en el club Atenas, reivindicando la ortodoxia del pejotismo.<\/p>\n\n\n\n<p>Y el cuarto fue en La Matanza, con sectores de la UTEP, del Movimiento Evita, comandado por Esteban el gringo Castro, donde largaron el partido pol\u00edtico de Los Comunes, un estructura con la que intentan dirimir la interna dentro del Pj bonaerense.<\/p>\n\n\n\n<div class=\"wp-block-image\"><figure class=\"alignleft size-full is-resized\"><img loading=\"lazy\" decoding=\"async\" src=\"https:\/\/atecordoba.org\/wp-content\/uploads\/2022\/10\/PLAZA.jpg\" alt=\"\" class=\"wp-image-34327\" width=\"500\" height=\"334\" srcset=\"https:\/\/atecordoba.org\/wp-content\/uploads\/2022\/10\/PLAZA.jpg 1000w, https:\/\/atecordoba.org\/wp-content\/uploads\/2022\/10\/PLAZA-300x200.jpg 300w, https:\/\/atecordoba.org\/wp-content\/uploads\/2022\/10\/PLAZA-768x512.jpg 768w, https:\/\/atecordoba.org\/wp-content\/uploads\/2022\/10\/PLAZA-750x500.jpg 750w\" sizes=\"auto, (max-width: 500px) 100vw, 500px\" \/><\/figure><\/div>\n\n\n\n<p>En conclusi\u00f3n, cuatro actos cuando el mensaje fundamental del 17 de octubre fue la unidad de la clase trabajadora por encima de sus conducciones, para recuperar el liderazgo del General Per\u00f3n por un camino certero, hacia la liberaci\u00f3n nacional y social de nuestra patria, asumir los derechos de los trabajadores como un bien social del conjunto de la sociedad.<\/p>\n\n\n\n<p>Pero la foto del 17 de otubre pasado es la fragmentaci\u00f3n del movimiento obrero.<\/p>\n\n\n\n<p><strong>\u00bfEsto genera un marco de debilidad para el Movimiento Obrero Organizado?<\/strong><\/p>\n\n\n\n<p>&#8211; Si tenemos en cuenta que de los 20 millones de trabajadores solo 6.300.000 est\u00e1n convencionados y, por lo tanto, discuten salarios para de vez en cuando empardar la inflaci\u00f3n o lograr que no caigan bajo la l\u00ednea de pobreza o superar la indigencia, aunque los ingresos quedan pulverizados por esta inflaci\u00f3n galopante que no controla nadie, el resto de los 14 millones de personas sobrevive como pueda, a como d\u00e9 lugar para llegar a fin de mes. Porque no tiene ninguna otra posibilidad de subsistir en una Argentina que tiene el 40% de pobres, que tiene acumulado el 83% de inflaci\u00f3n interanual, donde seguramente se va a llegar a los tres d\u00edgitos, por lo cual estamos en los umbrales de la hiperinflaci\u00f3n.<\/p>\n\n\n\n<p>Todo esto en el marco de una disputa electoral que se plantea hacia el 2023 y donde el gobierno del Frente de Todos, que muchos de nosotros votamos despu\u00e9s de pelear contra las pol\u00edticas de Macri en las calles, desde la salida de la pandemia est\u00e1 haciendo todo lo posible para que retorno el revanchismo patronal.<\/p>\n\n\n\n<p><\/p>\n","protected":false},"excerpt":{"rendered":"<p>El pasado lunes se llev\u00f3 a cabo la celebraci\u00f3n del 17 de octubre que el movimiento obrero recuerda cada a\u00f1o como el d\u00eda de la lealtad, que signific\u00f3 la libertad de Juan Domingo Per\u00f3n, encarcelado por una asonada de un sector gorila de las Fuerzas Armadas en 1945, pero tambi\u00e9n la entronizaci\u00f3n del movimiento popular [&hellip;]<\/p>\n","protected":false},"author":7,"featured_media":34322,"comment_status":"open","ping_status":"open","sticky":false,"template":"","format":"standard","meta":{"_exactmetrics_skip_tracking":false,"_exactmetrics_sitenote_active":false,"_exactmetrics_sitenote_note":"","_exactmetrics_sitenote_category":0,"jnews-multi-image_gallery":[],"jnews_single_post":{"subtitle":"Cuatro actos se realizaron el pasado lunes en Capital Federal y alrededores. ","format":"standard","video":"","gallery":"","source_name":"","source_url":"","via_name":"","via_url":"","override_template":"0","override":[{"template":"1","single_blog_custom":"","parallax":"1","fullscreen":"1","layout":"right-sidebar","sidebar":"default-sidebar","second_sidebar":"default-sidebar","sticky_sidebar":"1","share_position":"top","share_float_style":"share-monocrhome","show_share_counter":"1","show_view_counter":"1","show_featured":"1","show_post_meta":"1","show_post_author":"1","show_post_author_image":"1","show_post_date":"1","post_date_format":"default","post_date_format_custom":"Y\/m\/d","show_post_category":"1","show_post_reading_time":"0","post_reading_time_wpm":"300","show_zoom_button":"0","zoom_button_out_step":"2","zoom_button_in_step":"3","show_post_tag":"1","show_prev_next_post":"1","show_popup_post":"1","number_popup_post":"1","show_author_box":"0","show_post_related":"0","show_inline_post_related":"0"}],"override_image_size":"0","image_override":[{"single_post_thumbnail_size":"crop-500","single_post_gallery_size":"crop-500"}],"trending_post":"0","trending_post_position":"meta","trending_post_label":"Trending","sponsored_post":"0","sponsored_post_label":"Sponsored by","sponsored_post_name":"","sponsored_post_url":"","sponsored_post_logo_enable":"0","sponsored_post_logo":"","sponsored_post_desc":"","disable_ad":"0"},"jnews_primary_category":{"id":""},"jnews_social_meta":{"fb_title":"","fb_description":"","fb_image":"","twitter_title":"","twitter_description":"","twitter_image":""},"jnews_review":[],"enable_review":"0","type":"percentage","name":"","summary":"","brand":"","sku":"","good":[{"good_text":""}],"bad":[{"bad_text":""}],"score_override":"","override_value":"","rating":[{"rating_text":"","rating_number":"10"}],"price":[{"shop":"","price":"","link":"","icon":""}],"jnews_override_counter":{"override_view_counter":"0","view_counter_number":"0","override_share_counter":"0","share_counter_number":"0","override_like_counter":"0","like_counter_number":"0","override_dislike_counter":"0","dislike_counter_number":"0"},"jnews_post_split":{"enable_post_split":"0","post_split":[{"template":"1","tag":"h2","numbering":"asc","mode":"normal","first":"0","enable_toc":"0","toc_type":"normal"}]},"footnotes":""},"categories":[10],"tags":[1258],"class_list":["post-34317","post","type-post","status-publish","format-standard","has-post-thumbnail","hentry","category-accion-politica","tag-17-de-octubre"],"jetpack_featured_media_url":"https:\/\/atecordoba.org\/wp-content\/uploads\/2022\/10\/pipon-e1666377649753.jpg","_links":{"self":[{"href":"https:\/\/atecordoba.org\/index.php?rest_route=\/wp\/v2\/posts\/34317","targetHints":{"allow":["GET"]}}],"collection":[{"href":"https:\/\/atecordoba.org\/index.php?rest_route=\/wp\/v2\/posts"}],"about":[{"href":"https:\/\/atecordoba.org\/index.php?rest_route=\/wp\/v2\/types\/post"}],"author":[{"embeddable":true,"href":"https:\/\/atecordoba.org\/index.php?rest_route=\/wp\/v2\/users\/7"}],"replies":[{"embeddable":true,"href":"https:\/\/atecordoba.org\/index.php?rest_route=%2Fwp%2Fv2%2Fcomments&post=34317"}],"version-history":[{"count":2,"href":"https:\/\/atecordoba.org\/index.php?rest_route=\/wp\/v2\/posts\/34317\/revisions"}],"predecessor-version":[{"id":34329,"href":"https:\/\/atecordoba.org\/index.php?rest_route=\/wp\/v2\/posts\/34317\/revisions\/34329"}],"wp:featuredmedia":[{"embeddable":true,"href":"https:\/\/atecordoba.org\/index.php?rest_route=\/wp\/v2\/media\/34322"}],"wp:attachment":[{"href":"https:\/\/atecordoba.org\/index.php?rest_route=%2Fwp%2Fv2%2Fmedia&parent=34317"}],"wp:term":[{"taxonomy":"category","embeddable":true,"href":"https:\/\/atecordoba.org\/index.php?rest_route=%2Fwp%2Fv2%2Fcategories&post=34317"},{"taxonomy":"post_tag","embeddable":true,"href":"https:\/\/atecordoba.org\/index.php?rest_route=%2Fwp%2Fv2%2Ftags&post=34317"}],"curies":[{"name":"wp","href":"https:\/\/api.w.org\/{rel}","templated":true}]}}