{"id":34313,"date":"2022-10-21T10:39:09","date_gmt":"2022-10-21T13:39:09","guid":{"rendered":"https:\/\/atecordoba.org\/?p=34313"},"modified":"2022-10-21T10:39:13","modified_gmt":"2022-10-21T13:39:13","slug":"ate-se-propone-ampliar-la-oferta-educativa-sumando-el-nivel-primario","status":"publish","type":"post","link":"https:\/\/atecordoba.org\/?p=34313","title":{"rendered":"ATE se propone ampliar la oferta educativa sumando el nivel primario"},"content":{"rendered":"\n<div class=\"wp-block-image\"><figure class=\"aligncenter size-large is-resized\"><img loading=\"lazy\" decoding=\"async\" src=\"https:\/\/atecordoba.org\/wp-content\/uploads\/2022\/10\/FB_IMG_1666355133705-1024x576.jpg\" alt=\"\" class=\"wp-image-34314\" width=\"768\" height=\"432\" srcset=\"https:\/\/atecordoba.org\/wp-content\/uploads\/2022\/10\/FB_IMG_1666355133705-1024x576.jpg 1024w, https:\/\/atecordoba.org\/wp-content\/uploads\/2022\/10\/FB_IMG_1666355133705-300x169.jpg 300w, https:\/\/atecordoba.org\/wp-content\/uploads\/2022\/10\/FB_IMG_1666355133705-768x432.jpg 768w, https:\/\/atecordoba.org\/wp-content\/uploads\/2022\/10\/FB_IMG_1666355133705-750x422.jpg 750w, https:\/\/atecordoba.org\/wp-content\/uploads\/2022\/10\/FB_IMG_1666355133705.jpg 1080w\" sizes=\"auto, (max-width: 768px) 100vw, 768px\" \/><\/figure><\/div>\n\n\n\n<p>Tras la buena experiencia que signific\u00f3 este a\u00f1o la implementaci\u00f3n de la escuela secundaria para j\u00f3venes y adultos Atahualpa Yupanqui, que funciona en la sede de nuestro Consejo Directivo Provincial, ATE C\u00f3rdoba propuso al Ministerio de Educaci\u00f3n ampliar la oferta educativa incorporando el dictado del ciclo primario en nuestro sindicato. <\/p>\n\n\n\n<p>Con el docente Gustavo Mamud a la cabeza el proyecto implica:<\/p>\n\n\n\n<ul class=\"wp-block-list\"><li>Cursado con asistencia diaria, j\u00f3venes a partir de los 14 a\u00f1os, sin l\u00edmite de edad.<\/li><li>Cursado semipresencial.<\/li><li>Estudios a distancia -virtuales-.<\/li><li>Actualizaci\u00f3n acad\u00e9mica. Este servicio est\u00e1 dirigido a personas que hayan<\/li><li>culminado sus estudios primarios y deseen comenzar los estudios secundarios.<\/li><li>Se les brinda un programa para la actualizaci\u00f3n de contenidos y como apoyo<\/li><li>pedag\u00f3gico para acompa\u00f1arlos a recordar y capitalizar conocimientos escolares<\/li><li>previos.<\/li><li>Examen Libre. La persona interesada podr\u00e1 rendir su escuela de nivel primario,<\/li><li>mediante el mencionado examen. El alumno recibe servicios de tutor\u00edas,<\/li><li>acompa\u00f1ados por docentes con alta experiencia en esta modalidad. Los turnos<\/li><li>durante el a\u00f1o lectivo, son: marzo, junio y noviembre.<\/li><\/ul>\n\n\n\n<p>De esta forma, avanza el proyecto en coordinaci\u00f3n con el Ministerio de Educaci\u00f3n de C\u00f3rdoba. Ayer se realiz\u00f3 una reuni\u00f3n entre Mamud y el secretario General de ATE C\u00f3rdoba, Federico Giuliani, para ponerlo al tanto de la iniciativa. En la oportunidad tambi\u00e9n estuvieron presentes los secretarios de Finanzas y de Formaci\u00f3n, Ricardo Reyna y C\u00e9sar Theaux, y el secretario General de la CTA C\u00f3rdoba Capital, Jorge Chalup.<\/p>\n","protected":false},"excerpt":{"rendered":"<p>Tras la buena experiencia que signific\u00f3 este a\u00f1o la implementaci\u00f3n de la escuela secundaria para j\u00f3venes y adultos Atahualpa Yupanqui, que funciona en la sede de nuestro Consejo Directivo Provincial, ATE C\u00f3rdoba propuso al Ministerio de Educaci\u00f3n ampliar la oferta educativa incorporando el dictado del ciclo primario en nuestro sindicato. Con el docente Gustavo Mamud [&hellip;]<\/p>\n","protected":false},"author":7,"featured_media":34315,"comment_status":"open","ping_status":"open","sticky":false,"template":"","format":"standard","meta":{"_exactmetrics_skip_tracking":false,"_exactmetrics_sitenote_active":false,"_exactmetrics_sitenote_note":"","_exactmetrics_sitenote_category":0,"jnews-multi-image_gallery":[],"jnews_single_post":{"subtitle":"Tras finalizar al reuni\u00f3n entre la conducci\u00f3n de ATE y el docente a cargo, Gustavo Mamud, el secretario General de ATE Federico Giuliani resalt\u00f3 que \"en ATE somos lucha, mucha, pero tambi\u00e9n gesti\u00f3n para las y los afiliados\".","format":"standard","video":"","gallery":"","source_name":"","source_url":"","via_name":"","via_url":"","override_template":"0","override":[{"template":"1","single_blog_custom":"","parallax":"1","fullscreen":"1","layout":"right-sidebar","sidebar":"default-sidebar","second_sidebar":"default-sidebar","sticky_sidebar":"1","share_position":"top","share_float_style":"share-monocrhome","show_share_counter":"1","show_view_counter":"1","show_featured":"1","show_post_meta":"1","show_post_author":"1","show_post_author_image":"1","show_post_date":"1","post_date_format":"default","post_date_format_custom":"Y\/m\/d","show_post_category":"1","show_post_reading_time":"0","post_reading_time_wpm":"300","show_zoom_button":"0","zoom_button_out_step":"2","zoom_button_in_step":"3","show_post_tag":"1","show_prev_next_post":"1","show_popup_post":"1","number_popup_post":"1","show_author_box":"0","show_post_related":"0","show_inline_post_related":"0"}],"override_image_size":"0","image_override":[{"single_post_thumbnail_size":"crop-500","single_post_gallery_size":"crop-500"}],"trending_post":"0","trending_post_position":"meta","trending_post_label":"Trending","sponsored_post":"0","sponsored_post_label":"Sponsored by","sponsored_post_name":"","sponsored_post_url":"","sponsored_post_logo_enable":"0","sponsored_post_logo":"","sponsored_post_desc":"","disable_ad":"0"},"jnews_primary_category":{"id":""},"jnews_social_meta":{"fb_title":"","fb_description":"","fb_image":"","twitter_title":"","twitter_description":"","twitter_image":""},"jnews_review":[],"enable_review":"0","type":"percentage","name":"","summary":"","brand":"","sku":"","good":[{"good_text":""}],"bad":[{"bad_text":""}],"score_override":"","override_value":"","rating":[{"rating_text":"","rating_number":"10"}],"price":[{"shop":"","price":"","link":"","icon":""}],"jnews_override_counter":{"override_view_counter":"0","view_counter_number":"0","override_share_counter":"0","share_counter_number":"0","override_like_counter":"0","like_counter_number":"0","override_dislike_counter":"0","dislike_counter_number":"0"},"jnews_post_split":{"enable_post_split":"0","post_split":[{"template":"1","tag":"h2","numbering":"asc","mode":"normal","first":"0","enable_toc":"0","toc_type":"normal"}]},"footnotes":""},"categories":[88],"tags":[1047],"class_list":["post-34313","post","type-post","status-publish","format-standard","has-post-thumbnail","hentry","category-formacion","tag-escuela-atahualpa-yupanqui"],"jetpack_featured_media_url":"https:\/\/atecordoba.org\/wp-content\/uploads\/2022\/10\/atahualpa-e1666359543185.jpg","_links":{"self":[{"href":"https:\/\/atecordoba.org\/index.php?rest_route=\/wp\/v2\/posts\/34313","targetHints":{"allow":["GET"]}}],"collection":[{"href":"https:\/\/atecordoba.org\/index.php?rest_route=\/wp\/v2\/posts"}],"about":[{"href":"https:\/\/atecordoba.org\/index.php?rest_route=\/wp\/v2\/types\/post"}],"author":[{"embeddable":true,"href":"https:\/\/atecordoba.org\/index.php?rest_route=\/wp\/v2\/users\/7"}],"replies":[{"embeddable":true,"href":"https:\/\/atecordoba.org\/index.php?rest_route=%2Fwp%2Fv2%2Fcomments&post=34313"}],"version-history":[{"count":1,"href":"https:\/\/atecordoba.org\/index.php?rest_route=\/wp\/v2\/posts\/34313\/revisions"}],"predecessor-version":[{"id":34316,"href":"https:\/\/atecordoba.org\/index.php?rest_route=\/wp\/v2\/posts\/34313\/revisions\/34316"}],"wp:featuredmedia":[{"embeddable":true,"href":"https:\/\/atecordoba.org\/index.php?rest_route=\/wp\/v2\/media\/34315"}],"wp:attachment":[{"href":"https:\/\/atecordoba.org\/index.php?rest_route=%2Fwp%2Fv2%2Fmedia&parent=34313"}],"wp:term":[{"taxonomy":"category","embeddable":true,"href":"https:\/\/atecordoba.org\/index.php?rest_route=%2Fwp%2Fv2%2Fcategories&post=34313"},{"taxonomy":"post_tag","embeddable":true,"href":"https:\/\/atecordoba.org\/index.php?rest_route=%2Fwp%2Fv2%2Ftags&post=34313"}],"curies":[{"name":"wp","href":"https:\/\/api.w.org\/{rel}","templated":true}]}}