{"id":34308,"date":"2022-10-21T10:12:29","date_gmt":"2022-10-21T13:12:29","guid":{"rendered":"https:\/\/atecordoba.org\/?p=34308"},"modified":"2022-10-21T10:12:33","modified_gmt":"2022-10-21T13:12:33","slug":"ate-renovo-el-cuerpo-de-delegados-y-delegadas-en-alcira-gigena","status":"publish","type":"post","link":"https:\/\/atecordoba.org\/?p=34308","title":{"rendered":"ATE renov\u00f3 el cuerpo de delegados y delegadas en Alcira Gigena"},"content":{"rendered":"\n<div class=\"wp-block-image\"><figure class=\"aligncenter size-full is-resized\"><img loading=\"lazy\" decoding=\"async\" src=\"https:\/\/atecordoba.org\/wp-content\/uploads\/2022\/10\/alcira-gigena-1.jpg\" alt=\"\" class=\"wp-image-34310\" width=\"432\" height=\"698\" \/><\/figure><\/div>\n\n\n\n<p>Ayer se realiz\u00f3 en Alcira Gigena, a 50 kil\u00f3metros de R\u00edo Cuarto, la elecci\u00f3n para renovar el cuerpos de representantes gremiales municipales de la localidad.<\/p>\n\n\n\n<p>Con gran afluencia de afiliados resultaron electos Adriana Trimboli, Jos\u00e9 Altamirano,\u00a0Soledad Balmaceda y Ofelia Arguello, que tendr\u00e1n mandato por los pr\u00f3ximos dos a\u00f1os.<\/p>\n\n\n\n<p>El operativo electoral estuvo a cargo de la seccional R\u00edo Cuarto, en la persona del secretario de Finanzas, Mauricio Macci\u00f3, y del responsable del Departamento de Salud Laboral de la Seccional, Mat\u00edas Giuliani.<\/p>\n\n\n\n<p>De esta manera, ATE contin\u00faa consolidando la presencia organizativa entre los municipales del sur provincial.<\/p>\n\n\n\n<p><\/p>\n","protected":false},"excerpt":{"rendered":"<p>Ayer se realiz\u00f3 en Alcira Gigena, a 50 kil\u00f3metros de R\u00edo Cuarto, la elecci\u00f3n para renovar el cuerpos de representantes gremiales municipales de la localidad. Con gran afluencia de afiliados resultaron electos Adriana Trimboli, Jos\u00e9 Altamirano,\u00a0Soledad Balmaceda y Ofelia Arguello, que tendr\u00e1n mandato por los pr\u00f3ximos dos a\u00f1os. El operativo electoral estuvo a cargo de [&hellip;]<\/p>\n","protected":false},"author":7,"featured_media":34310,"comment_status":"open","ping_status":"open","sticky":false,"template":"","format":"standard","meta":{"_exactmetrics_skip_tracking":false,"_exactmetrics_sitenote_active":false,"_exactmetrics_sitenote_note":"","_exactmetrics_sitenote_category":0,"jnews-multi-image_gallery":[],"jnews_single_post":{"subtitle":"ATE contin\u00faa consolidando la presencia organizativa entre los municipales del sur provincial.","format":"standard","video":"","gallery":"","source_name":"","source_url":"","via_name":"","via_url":"","override_template":"0","override":[{"template":"1","single_blog_custom":"","parallax":"1","fullscreen":"1","layout":"right-sidebar","sidebar":"default-sidebar","second_sidebar":"default-sidebar","sticky_sidebar":"1","share_position":"top","share_float_style":"share-monocrhome","show_share_counter":"1","show_view_counter":"1","show_featured":"1","show_post_meta":"1","show_post_author":"1","show_post_author_image":"1","show_post_date":"1","post_date_format":"default","post_date_format_custom":"Y\/m\/d","show_post_category":"1","show_post_reading_time":"0","post_reading_time_wpm":"300","show_zoom_button":"0","zoom_button_out_step":"2","zoom_button_in_step":"3","show_post_tag":"1","show_prev_next_post":"1","show_popup_post":"1","number_popup_post":"1","show_author_box":"0","show_post_related":"0","show_inline_post_related":"0"}],"override_image_size":"0","image_override":[{"single_post_thumbnail_size":"crop-500","single_post_gallery_size":"crop-500"}],"trending_post":"0","trending_post_position":"meta","trending_post_label":"Trending","sponsored_post":"0","sponsored_post_label":"Sponsored by","sponsored_post_name":"","sponsored_post_url":"","sponsored_post_logo_enable":"0","sponsored_post_logo":"","sponsored_post_desc":"","disable_ad":"0"},"jnews_primary_category":{"id":""},"jnews_social_meta":{"fb_title":"","fb_description":"","fb_image":"","twitter_title":"","twitter_description":"","twitter_image":""},"jnews_review":[],"enable_review":"0","type":"percentage","name":"","summary":"","brand":"","sku":"","good":[{"good_text":""}],"bad":[{"bad_text":""}],"score_override":"","override_value":"","rating":[{"rating_text":"","rating_number":"10"}],"price":[{"shop":"","price":"","link":"","icon":""}],"jnews_override_counter":{"override_view_counter":"0","view_counter_number":"0","override_share_counter":"0","share_counter_number":"0","override_like_counter":"0","like_counter_number":"0","override_dislike_counter":"0","dislike_counter_number":"0"},"jnews_post_split":{"enable_post_split":"0","post_split":[{"template":"1","tag":"h2","numbering":"asc","mode":"normal","first":"0","enable_toc":"0","toc_type":"normal"}]},"footnotes":""},"categories":[20,12],"tags":[902],"class_list":["post-34308","post","type-post","status-publish","format-standard","has-post-thumbnail","hentry","category-municipales","category-rio-cuarto","tag-alcira-gigena"],"jetpack_featured_media_url":"https:\/\/atecordoba.org\/wp-content\/uploads\/2022\/10\/alcira-gigena-1-e1666357945634.jpg","_links":{"self":[{"href":"https:\/\/atecordoba.org\/index.php?rest_route=\/wp\/v2\/posts\/34308","targetHints":{"allow":["GET"]}}],"collection":[{"href":"https:\/\/atecordoba.org\/index.php?rest_route=\/wp\/v2\/posts"}],"about":[{"href":"https:\/\/atecordoba.org\/index.php?rest_route=\/wp\/v2\/types\/post"}],"author":[{"embeddable":true,"href":"https:\/\/atecordoba.org\/index.php?rest_route=\/wp\/v2\/users\/7"}],"replies":[{"embeddable":true,"href":"https:\/\/atecordoba.org\/index.php?rest_route=%2Fwp%2Fv2%2Fcomments&post=34308"}],"version-history":[{"count":1,"href":"https:\/\/atecordoba.org\/index.php?rest_route=\/wp\/v2\/posts\/34308\/revisions"}],"predecessor-version":[{"id":34312,"href":"https:\/\/atecordoba.org\/index.php?rest_route=\/wp\/v2\/posts\/34308\/revisions\/34312"}],"wp:featuredmedia":[{"embeddable":true,"href":"https:\/\/atecordoba.org\/index.php?rest_route=\/wp\/v2\/media\/34310"}],"wp:attachment":[{"href":"https:\/\/atecordoba.org\/index.php?rest_route=%2Fwp%2Fv2%2Fmedia&parent=34308"}],"wp:term":[{"taxonomy":"category","embeddable":true,"href":"https:\/\/atecordoba.org\/index.php?rest_route=%2Fwp%2Fv2%2Fcategories&post=34308"},{"taxonomy":"post_tag","embeddable":true,"href":"https:\/\/atecordoba.org\/index.php?rest_route=%2Fwp%2Fv2%2Ftags&post=34308"}],"curies":[{"name":"wp","href":"https:\/\/api.w.org\/{rel}","templated":true}]}}