{"id":3430,"date":"2013-10-17T16:52:22","date_gmt":"2013-10-17T19:52:22","guid":{"rendered":"http:\/\/www.atecordoba.org\/?p=3430"},"modified":"2013-10-17T16:52:22","modified_gmt":"2013-10-17T19:52:22","slug":"3430","status":"publish","type":"post","link":"https:\/\/atecordoba.org\/?p=3430","title":{"rendered":"Se cumpli\u00f3 el paro de 24 hs en los hospitales provinciales"},"content":{"rendered":"<p><i>Con alto acatamiento se cumpli\u00f3 la medida de fuerza dispuesta por ATE en los hospitales provinciales de C\u00f3rdoba Capital. Una fuerte concentraci\u00f3n en el Polo Sanitario dio muestras de la fortaleza del conflicto. De la Sota reconoci\u00f3 el protagonismo de nuestro gremio.\u00a0<\/i><\/p>\n<figure style=\"width: 615px\" class=\"wp-caption aligncenter\"><img loading=\"lazy\" decoding=\"async\" class=\"ngg-singlepic ngg-center \" alt=\"100_6928\" src=\"http:\/\/www.atecordoba.org\/wp-content\/gallery\/paro-hospitales-17-10-2013\/100_6928.jpg\" width=\"615\" height=\"461\" \/><figcaption class=\"wp-caption-text\">Concentraci\u00f3n en el Polo Sanitario<\/figcaption><\/figure>\n<p>El paro se cumpli\u00f3 con fuerza en los hospitales Misericordia, Tr\u00e1nsito Caceres de Allende y Rawson. La medida se extendi\u00f3 con \u00e9xito a la Maternidad Provincial y el Hospital Neonatal donde compa\u00f1eros se sumaron al paro de nuestro gremio, mientras que el cumplimiento fue de menor intensidad en los hospitales C\u00f3rdoba, de Ni\u00f1os y San Roque Nuevo.<\/p>\n<p>Se trato de una jornada de lucha que puso de relieve el malestar de los trabajadores de la salud ante los bajos salarios y las p\u00e9simas condiciones de trabajo. Por eso pudo apreciarse en el Polo Sanitario cerca de un millar de compa\u00f1eros, moviliz\u00e1ndose por aumento salarial, pase a planta de trabajadores precarizados (contratados y monotributistas), mantenimiento de la aparatolog\u00eda hospitalaria fuera de uso e insumos b\u00e1sicos para la atenci\u00f3n de los pacientes.<\/p>\n<p>En ese marco, dirigentes de ATE le respondieron al ministro de Salud, Carlos Simon, que menospreci\u00f3 a los trabajadores de la salud y a los pacientes que sufren la falta de atenci\u00f3n. \u201cEl ministro Simon est\u00e1 muy equivocado \u00a0si interpreta que este conflicto tiene connotaciones pol\u00edticas partidarias. Aqu\u00ed estamos reclamando por justas reivindicaciones salariales, adem\u00e1s defendemos la salud p\u00fablica estatal. M\u00e1s alla de este conflicto, la comunidad padece d\u00eda a d\u00eda la falta de aparatolog\u00eda, insumos, medicamentos, camas de internaci\u00f3n. Se trata de un proceso de vaciamiento y ajuste presupuestario, ya que est\u00e1n ejecutando s\u00f3lo el 50% de lo presupuestado para este a\u00f1o\u201d, dijo Daniel Pawluchuzk, secretario de Prensa de ATE C\u00f3rdoba.<\/p>\n<p>Esta situaci\u00f3n se viene repitiendo a\u00f1o a a\u00f1o, por lo que el dirigente agreg\u00f3 que \u00a0\u201csi ten\u00edan presupuestado 3000 mil millones para este a\u00f1o, donde est\u00e1n los 1500 que no se ejecutan\u201d.<\/p>\n<p>Al finalizar la concentraci\u00f3n, en una asamblea general donde participaron compa\u00f1eros de UTS y de M\u00e9dicos Unidos, los trabajadores resolvieron dar continuidad al plan de lucha. En consecuencia, seguir\u00e1n las asambleas por sector para que el martes pr\u00f3ximo se eleve el mandato, a trav\u00e9s de los delegados, en un plenario que sesionar\u00e1 en el hall del hospital de Ni\u00f1os a las 11 horas.<\/p>\n<p><b>El reconocimiento de De la Sota<\/b><\/p>\n<p>Por otro lado, la secretaria General de ATE C\u00f3rdoba, Mar\u00eda Teresa Romero, se refiri\u00f3 a las declaraciones period\u00edsticas que realiz\u00f3 el gobernador De la Sota por la ma\u00f1ana. \u201cEste conflicto no est\u00e1 relacionado con la campa\u00f1a electoral y va a seguir despu\u00e9s del 27 de octubre, en la medida que no obtengamos ninguna respuesta\u201d.<\/p>\n<p>De la Sota dijo durante una recorrida electoral que ATE es \u2018un gremio minoritario\u2019 y que los hospitales \u2018funcionan correctamente\u2019. En ese sentido, Romero resalt\u00f3 que \u201ces importante que el gobernador nos reconozca como gremio, ya que durante a\u00f1os neg\u00f3 nuestra existencia. La fuerza de los hechos lo oblig\u00f3 a cambiar de postura, cosa que es muy buena. Recordemos que debimos ganarle un juicio que lleg\u00f3 hasta las m\u00e1s altas esferas judiciales. Ahora ser\u00eda bueno que tambi\u00e9n reconozca la grave situaci\u00f3n de los hospitales provinciales, que no funcionan correctamente. Por eso nosotros festejamos el 17 de octubre luchando en la calle\u201d, dijo.<\/p>\n<p>Por \u00faltimo, afirm\u00f3 que \u201cevidentemente el gobernador est\u00e1 mal informado por el ministro de Salud. Incluso las encuestas afirman que la problem\u00e1tica del sistema sanitario p\u00fablico est\u00e1 en segundo lugar, despu\u00e9s de la inseguridad, entre las preocupaciones de la poblaci\u00f3n\u201d.<\/p>\n<p>&nbsp;<\/p>\n","protected":false},"excerpt":{"rendered":"<p>Con alto acatamiento se cumpli\u00f3 la medida de fuerza dispuesta por ATE en los hospitales provinciales de C\u00f3rdoba Capital. Una fuerte concentraci\u00f3n en el Polo Sanitario dio muestras de la fortaleza del conflicto. De la Sota reconoci\u00f3 el protagonismo de nuestro gremio.\u00a0 El paro se cumpli\u00f3 con fuerza en los hospitales Misericordia, Tr\u00e1nsito Caceres de [&hellip;]<\/p>\n","protected":false},"author":1,"featured_media":19220,"comment_status":"open","ping_status":"open","sticky":false,"template":"","format":"standard","meta":{"_exactmetrics_skip_tracking":false,"_exactmetrics_sitenote_active":false,"_exactmetrics_sitenote_note":"","_exactmetrics_sitenote_category":0,"jnews-multi-image_gallery":[],"jnews_single_post":[],"jnews_primary_category":[],"jnews_social_meta":[],"jnews_review":[],"enable_review":"","type":"","name":"","summary":"","brand":"","sku":"","good":[],"bad":[],"score_override":"","override_value":"","rating":[],"price":[],"jnews_override_counter":[],"jnews_post_split":[],"footnotes":""},"categories":[7,8],"tags":[],"class_list":["post-3430","post","type-post","status-publish","format-standard","has-post-thumbnail","hentry","category-hospitales","category-provinciales"],"jetpack_featured_media_url":"https:\/\/atecordoba.org\/wp-content\/uploads\/2020\/05\/logo-nuevochico-e1561581322808.png","_links":{"self":[{"href":"https:\/\/atecordoba.org\/index.php?rest_route=\/wp\/v2\/posts\/3430","targetHints":{"allow":["GET"]}}],"collection":[{"href":"https:\/\/atecordoba.org\/index.php?rest_route=\/wp\/v2\/posts"}],"about":[{"href":"https:\/\/atecordoba.org\/index.php?rest_route=\/wp\/v2\/types\/post"}],"author":[{"embeddable":true,"href":"https:\/\/atecordoba.org\/index.php?rest_route=\/wp\/v2\/users\/1"}],"replies":[{"embeddable":true,"href":"https:\/\/atecordoba.org\/index.php?rest_route=%2Fwp%2Fv2%2Fcomments&post=3430"}],"version-history":[{"count":0,"href":"https:\/\/atecordoba.org\/index.php?rest_route=\/wp\/v2\/posts\/3430\/revisions"}],"wp:featuredmedia":[{"embeddable":true,"href":"https:\/\/atecordoba.org\/index.php?rest_route=\/wp\/v2\/media\/19220"}],"wp:attachment":[{"href":"https:\/\/atecordoba.org\/index.php?rest_route=%2Fwp%2Fv2%2Fmedia&parent=3430"}],"wp:term":[{"taxonomy":"category","embeddable":true,"href":"https:\/\/atecordoba.org\/index.php?rest_route=%2Fwp%2Fv2%2Fcategories&post=3430"},{"taxonomy":"post_tag","embeddable":true,"href":"https:\/\/atecordoba.org\/index.php?rest_route=%2Fwp%2Fv2%2Ftags&post=3430"}],"curies":[{"name":"wp","href":"https:\/\/api.w.org\/{rel}","templated":true}]}}