{"id":3426,"date":"2013-10-15T17:56:05","date_gmt":"2013-10-15T20:56:05","guid":{"rendered":"http:\/\/www.atecordoba.org\/?p=3426"},"modified":"2013-10-15T17:56:05","modified_gmt":"2013-10-15T20:56:05","slug":"paro-de-24-horas-en-los-hospitales-provinciales","status":"publish","type":"post","link":"https:\/\/atecordoba.org\/?p=3426","title":{"rendered":"Paro de 24 horas en los hospitales provinciales"},"content":{"rendered":"<p><em>El plenario de delegados de ATE de hospitales provinciales de C\u00f3rdoba Capital resolvi\u00f3 hoy un paro de actividades para el jueves 17 de octubre, a partir de las 0 horas, con abandono de tareas a las 9 hs y concentraci\u00f3n en el Polo Sanitario.<\/em><\/p>\n<figure id=\"attachment_3342\" aria-describedby=\"caption-attachment-3342\" style=\"width: 400px\" class=\"wp-caption aligncenter\"><a href=\"http:\/\/www.atecordoba.org\/wp-content\/uploads\/2013\/09\/IOSE-2-e1381870441875.jpg\"><img loading=\"lazy\" decoding=\"async\" class=\"size-full wp-image-3342\" alt=\"IOSE 2\" src=\"http:\/\/www.atecordoba.org\/wp-content\/uploads\/2013\/09\/IOSE-2-e1381870441875.jpg\" width=\"400\" height=\"300\" \/><\/a><figcaption id=\"caption-attachment-3342\" class=\"wp-caption-text\">ATE se moviliza el jueves 17 de octubre<\/figcaption><\/figure>\n<p>En la oportunidad estuvieron presentes compa\u00f1eros delegados de nuestro gremio de los hospitales:\u00a0Transito C\u00e1ceres de Allende, de Ni\u00f1os, Misericordia, Rawson y C\u00f3rdoba. Adem\u00e1s, participaron compa\u00f1eros autoconvocados de la Maternidad Provincial, el Hospital Neonatal y San Roque Nuevo. Tambi\u00e9n se integraron los debates los compa\u00f1eros del Rawson que se agrupan en M\u00e9dicos Unidos.<\/p>\n<p>Motiva la medida la falta de respuestas del ejecutivo provincial a los reclamos que se vienen expresando en las distintas asambleas desde que se iniciara este plan de lucha en septiembre pasado:\u00a0aumento del sueldo,\u00a0pase de los remunerativos al b\u00e1sico,\u00a0pase a planta permanente de todos los contratados y monotributistas,\u00a0llamados a concursos transparentes,\u00a0urgente reparaci\u00f3n y mantenimiento de la aparatolog\u00eda hospitalaria e\u00a0insumos y ropa de trabajo.<\/p>\n<p>En tanto, en la previa a la jornada de paro, ma\u00f1ana los distintos hospitales tienen programadas asambleas en cada uno de los sectores, mientras los compa\u00f1eros del Hospital Misericordia realizar\u00e1n por la ma\u00f1ana una radio abierta en la Plaza San Mart\u00edn, frente a la Catedral.<\/p>\n<p>&nbsp;<\/p>\n","protected":false},"excerpt":{"rendered":"<p>El plenario de delegados de ATE de hospitales provinciales de C\u00f3rdoba Capital resolvi\u00f3 hoy un paro de actividades para el jueves 17 de octubre, a partir de las 0 horas, con abandono de tareas a las 9 hs y concentraci\u00f3n en el Polo Sanitario. En la oportunidad estuvieron presentes compa\u00f1eros delegados de nuestro gremio de [&hellip;]<\/p>\n","protected":false},"author":1,"featured_media":19220,"comment_status":"open","ping_status":"open","sticky":false,"template":"","format":"standard","meta":{"_exactmetrics_skip_tracking":false,"_exactmetrics_sitenote_active":false,"_exactmetrics_sitenote_note":"","_exactmetrics_sitenote_category":0,"jnews-multi-image_gallery":[],"jnews_single_post":[],"jnews_primary_category":[],"jnews_social_meta":[],"jnews_review":[],"enable_review":"","type":"","name":"","summary":"","brand":"","sku":"","good":[],"bad":[],"score_override":"","override_value":"","rating":[],"price":[],"jnews_override_counter":[],"jnews_post_split":[],"footnotes":""},"categories":[53,8],"tags":[],"class_list":["post-3426","post","type-post","status-publish","format-standard","has-post-thumbnail","hentry","category-comunicados-de-prensa","category-provinciales"],"jetpack_featured_media_url":"https:\/\/atecordoba.org\/wp-content\/uploads\/2020\/05\/logo-nuevochico-e1561581322808.png","_links":{"self":[{"href":"https:\/\/atecordoba.org\/index.php?rest_route=\/wp\/v2\/posts\/3426","targetHints":{"allow":["GET"]}}],"collection":[{"href":"https:\/\/atecordoba.org\/index.php?rest_route=\/wp\/v2\/posts"}],"about":[{"href":"https:\/\/atecordoba.org\/index.php?rest_route=\/wp\/v2\/types\/post"}],"author":[{"embeddable":true,"href":"https:\/\/atecordoba.org\/index.php?rest_route=\/wp\/v2\/users\/1"}],"replies":[{"embeddable":true,"href":"https:\/\/atecordoba.org\/index.php?rest_route=%2Fwp%2Fv2%2Fcomments&post=3426"}],"version-history":[{"count":0,"href":"https:\/\/atecordoba.org\/index.php?rest_route=\/wp\/v2\/posts\/3426\/revisions"}],"wp:featuredmedia":[{"embeddable":true,"href":"https:\/\/atecordoba.org\/index.php?rest_route=\/wp\/v2\/media\/19220"}],"wp:attachment":[{"href":"https:\/\/atecordoba.org\/index.php?rest_route=%2Fwp%2Fv2%2Fmedia&parent=3426"}],"wp:term":[{"taxonomy":"category","embeddable":true,"href":"https:\/\/atecordoba.org\/index.php?rest_route=%2Fwp%2Fv2%2Fcategories&post=3426"},{"taxonomy":"post_tag","embeddable":true,"href":"https:\/\/atecordoba.org\/index.php?rest_route=%2Fwp%2Fv2%2Ftags&post=3426"}],"curies":[{"name":"wp","href":"https:\/\/api.w.org\/{rel}","templated":true}]}}