{"id":34247,"date":"2022-10-19T15:20:35","date_gmt":"2022-10-19T18:20:35","guid":{"rendered":"https:\/\/atecordoba.org\/?p=34247"},"modified":"2022-10-20T11:47:04","modified_gmt":"2022-10-20T14:47:04","slug":"nueva-conduccion-en-la-ctaa-el-crecimiento-de-la-fenat-en-capital-supero-cualquier-expectativa","status":"publish","type":"post","link":"https:\/\/atecordoba.org\/?p=34247","title":{"rendered":"Nueva conducci\u00f3n en la CTAA: &#8220;El crecimiento de la FENAT en Capital super\u00f3 cualquier expectativa&#8221;"},"content":{"rendered":"\n<div class=\"wp-block-image\"><figure class=\"aligncenter size-large is-resized\"><img loading=\"lazy\" decoding=\"async\" src=\"https:\/\/atecordoba.org\/wp-content\/uploads\/2022\/10\/WhatsApp-Image-2022-10-19-at-14.16.04-1024x625.jpeg\" alt=\"\" class=\"wp-image-34248\" width=\"768\" height=\"469\" \/><\/figure><\/div>\n\n\n\n<p>Hoy asume la nueva conducci\u00f3n de la Central de Trabajadores Argentinos Aut\u00f3noma de la provincia de C\u00f3rdoba tras las elecciones de agosto pasado donde resulto electa la lista 1 Germ\u00e1n Abdala, con ampl\u00edsima participaci\u00f3n de las y los afiliados.<\/p>\n\n\n\n<p>La f\u00f3rmula estuvo encabezada por Federico Giuliani como secretario General, a su vez secretario General de ATE C\u00f3rdoba, Walter Caminos, secretario General del sindicato CIS, y Silvia Alcoba como secretaria General Adjunto, que es la coordinadora provincial de la Federaci\u00f3n Nacional Territorial (FENAT).<\/p>\n\n\n\n<p>De esta forma, la FENAT gana un espacio en la conducci\u00f3n en l\u00ednea con el crecimiento organizativo que est\u00e1 viviendo la federaci\u00f3n en el territorio provincial. <\/p>\n\n\n\n<p>A horas de la asunci\u00f3n en un acto que se realizar\u00e1 en el local de SMATA de C\u00f3rdoba CApital, Alcoba explic\u00f3 que &#8220;el trabajo que venimos realizando a lo largo de toda la provincia es lo que nos da este lugar tan dichoso, pero tambi\u00e9n mucho compromiso y mucha m\u00e1s responsabilidad. Sobre todo en estos tiempos donde la situaci\u00f3n de las barriadas cada vez se acent\u00faa m\u00e1s, no hay recursos que lleguen para poder vivir dignamente sino que se sobrevive con las cosas que van teniendo d\u00eda a d\u00eda. Est\u00e1 en nosotros organizarnos, tener las cooperativas de trabajo para que los compa\u00f1eros, m\u00e1s all\u00e1 de un Potenciar o de un programa tengan otro ingreso&#8221;.<\/p>\n\n\n\n<p><strong>\u00bfC\u00f3mo eval\u00faa la progresi\u00f3n de la cobetura territorial que ha experimentado la FENAT desde un tiempo a esta parte?<\/strong><\/p>\n\n\n\n<p>Muy buena porque esto nace en R\u00edo Cuarto, nos extendemos a las distintas ciudades y pens\u00e1bamos que desembarcar en Capital no iba a ser f\u00e1cil. Pero nos sorprendi\u00f3 a nosotros mismos por el crecimiento que est\u00e1 teniendo la FENAT y super\u00f3 nuestras expectativas al punto que a veces nos sentimos desbordados para responder a la demanda que plantean las y los compa\u00f1eros.<\/p>\n\n\n\n<p><strong>\u00bfQu\u00e9 ejes de trabajo se plantean desde la estructura de la CTAA?<\/strong><\/p>\n\n\n\n<p>Los vamos a ir vinculando con las demandas de la FENAT sobre la demanda de trabajo genuino y la necesaria articulaci\u00f3n que debe existir entre sectores privados, los sindicatos y la econom\u00eda popular para poder tener el desarrollo que tanto deseamos.<\/p>\n\n\n\n<p><strong>\u00bfC\u00f3mo enriquece en t\u00e9rminos del debate pol\u00edtica la FENAT al conjunto de la CTAA?<\/strong><\/p>\n\n\n\n<p>Esa mirada que est\u00e1 teniendo hoy la CTAA en Capital tiene que ver justamente con la llegada de la FENAT, que le da una impronta distinta. Apostamos desde la conducci\u00f3n de la Central a la unidad entre ocupados y desocupados, y creo que se expresa en el espacio que la FENAT logra a trav\u00e9s de la conducci\u00f3n que asume hoy.<\/p>\n\n\n\n<p><strong>El fen\u00f3menos de estos tiempos es el de los trabajadores ocupados, aun lo registrados, que cobran salarios de miseria por debajo de la l\u00ednea de la pobreza. \u00bfEsa situaci\u00f3n termina unificando el reclamo de ocupados y desocupados?<\/strong><\/p>\n\n\n\n<p>Si, nosotros peleamos por alcanzar una canasta familiar que hoy est\u00e1 en 120 mil pesos. Pero nos encontramos que los monotributistas y los compa\u00f1eros con un programa cobran parecido, por eso muchas veces en nuestros comedores aparecen trabajadores registrados que no les alcanza para comer con su propio sueldo. De esta forma vemos que se unifica en el territorio una lucha de tanto los desocupados como los ocupados, mientras tenemos un gobierno que se dedica a ayudar a los empresarios que son los que, adem\u00e1s, suben los precios y se llevan lo poco que tenemos. Esa lucha en com\u00fan donde no importa si sos formal o informal porque todos vamos juntos por un sueldo digno que nos alcance para vivir. &nbsp;<\/p>\n","protected":false},"excerpt":{"rendered":"<p>Hoy asume la nueva conducci\u00f3n de la Central de Trabajadores Argentinos Aut\u00f3noma de la provincia de C\u00f3rdoba tras las elecciones de agosto pasado donde resulto electa la lista 1 Germ\u00e1n Abdala, con ampl\u00edsima participaci\u00f3n de las y los afiliados. La f\u00f3rmula estuvo encabezada por Federico Giuliani como secretario General, a su vez secretario General de [&hellip;]<\/p>\n","protected":false},"author":7,"featured_media":34249,"comment_status":"open","ping_status":"open","sticky":false,"template":"","format":"standard","meta":{"_exactmetrics_skip_tracking":false,"_exactmetrics_sitenote_active":false,"_exactmetrics_sitenote_note":"","_exactmetrics_sitenote_category":0,"jnews-multi-image_gallery":[],"jnews_single_post":{"subtitle":"La nueva secretaria Adjunta y coordinadora de la FENAT sostiene que los bajos salarios unificaron la lucha de ocupados y desocupados porque cada vez los ingresos de ambos sectores est\u00e1n m\u00e1s pr\u00f3ximos.","format":"standard","video":"","gallery":"","source_name":"","source_url":"","via_name":"","via_url":"","override_template":"0","override":[{"template":"1","single_blog_custom":"","parallax":"1","fullscreen":"1","layout":"right-sidebar","sidebar":"default-sidebar","second_sidebar":"default-sidebar","sticky_sidebar":"1","share_position":"top","share_float_style":"share-monocrhome","show_share_counter":"1","show_view_counter":"1","show_featured":"1","show_post_meta":"1","show_post_author":"1","show_post_author_image":"1","show_post_date":"1","post_date_format":"default","post_date_format_custom":"Y\/m\/d","show_post_category":"1","show_post_reading_time":"0","post_reading_time_wpm":"300","show_zoom_button":"0","zoom_button_out_step":"2","zoom_button_in_step":"3","show_post_tag":"1","show_prev_next_post":"1","show_popup_post":"1","number_popup_post":"1","show_author_box":"0","show_post_related":"0","show_inline_post_related":"0"}],"override_image_size":"0","image_override":[{"single_post_thumbnail_size":"crop-500","single_post_gallery_size":"crop-500"}],"trending_post":"0","trending_post_position":"meta","trending_post_label":"Trending","sponsored_post":"0","sponsored_post_label":"Sponsored by","sponsored_post_name":"","sponsored_post_url":"","sponsored_post_logo_enable":"0","sponsored_post_logo":"","sponsored_post_desc":"","disable_ad":"0"},"jnews_primary_category":{"id":""},"jnews_social_meta":{"fb_title":"","fb_description":"","fb_image":"","twitter_title":"","twitter_description":"","twitter_image":""},"jnews_review":[],"enable_review":"0","type":"percentage","name":"","summary":"","brand":"","sku":"","good":[{"good_text":""}],"bad":[{"bad_text":""}],"score_override":"","override_value":"","rating":[{"rating_text":"","rating_number":"10"}],"price":[{"shop":"","price":"","link":"","icon":""}],"jnews_override_counter":{"override_view_counter":"0","view_counter_number":"0","override_share_counter":"0","share_counter_number":"0","override_like_counter":"0","like_counter_number":"0","override_dislike_counter":"0","dislike_counter_number":"0"},"jnews_post_split":{"enable_post_split":"0","post_split":[{"template":"1","tag":"h2","numbering":"asc","mode":"normal","first":"0","enable_toc":"0","toc_type":"normal"}]},"footnotes":""},"categories":[92],"tags":[1115],"class_list":["post-34247","post","type-post","status-publish","format-standard","has-post-thumbnail","hentry","category-cta","tag-asuncion-nueva-conduccion"],"jetpack_featured_media_url":"https:\/\/atecordoba.org\/wp-content\/uploads\/2022\/10\/fenat-e1666203614973.jpeg","_links":{"self":[{"href":"https:\/\/atecordoba.org\/index.php?rest_route=\/wp\/v2\/posts\/34247","targetHints":{"allow":["GET"]}}],"collection":[{"href":"https:\/\/atecordoba.org\/index.php?rest_route=\/wp\/v2\/posts"}],"about":[{"href":"https:\/\/atecordoba.org\/index.php?rest_route=\/wp\/v2\/types\/post"}],"author":[{"embeddable":true,"href":"https:\/\/atecordoba.org\/index.php?rest_route=\/wp\/v2\/users\/7"}],"replies":[{"embeddable":true,"href":"https:\/\/atecordoba.org\/index.php?rest_route=%2Fwp%2Fv2%2Fcomments&post=34247"}],"version-history":[{"count":3,"href":"https:\/\/atecordoba.org\/index.php?rest_route=\/wp\/v2\/posts\/34247\/revisions"}],"predecessor-version":[{"id":34254,"href":"https:\/\/atecordoba.org\/index.php?rest_route=\/wp\/v2\/posts\/34247\/revisions\/34254"}],"wp:featuredmedia":[{"embeddable":true,"href":"https:\/\/atecordoba.org\/index.php?rest_route=\/wp\/v2\/media\/34249"}],"wp:attachment":[{"href":"https:\/\/atecordoba.org\/index.php?rest_route=%2Fwp%2Fv2%2Fmedia&parent=34247"}],"wp:term":[{"taxonomy":"category","embeddable":true,"href":"https:\/\/atecordoba.org\/index.php?rest_route=%2Fwp%2Fv2%2Fcategories&post=34247"},{"taxonomy":"post_tag","embeddable":true,"href":"https:\/\/atecordoba.org\/index.php?rest_route=%2Fwp%2Fv2%2Ftags&post=34247"}],"curies":[{"name":"wp","href":"https:\/\/api.w.org\/{rel}","templated":true}]}}