{"id":34236,"date":"2022-10-19T12:20:36","date_gmt":"2022-10-19T15:20:36","guid":{"rendered":"https:\/\/atecordoba.org\/?p=34236"},"modified":"2022-10-19T12:29:58","modified_gmt":"2022-10-19T15:29:58","slug":"radio-nacional-cordoba-asamblea-reclamo-un-45-de-incremento-en-la-paritaria-para-empardar-a-la-inflacion","status":"publish","type":"post","link":"https:\/\/atecordoba.org\/?p=34236","title":{"rendered":"Radio Nacional C\u00f3rdoba: asamblea reclam\u00f3 un 45% de incremento en la paritaria para empardar a la inflaci\u00f3n"},"content":{"rendered":"\n<div class=\"wp-block-image\"><figure class=\"aligncenter size-full is-resized\"><img loading=\"lazy\" decoding=\"async\" src=\"https:\/\/atecordoba.org\/wp-content\/uploads\/2022\/10\/fachada-1.png\" alt=\"\" class=\"wp-image-34237\" width=\"714\" height=\"507\" srcset=\"https:\/\/atecordoba.org\/wp-content\/uploads\/2022\/10\/fachada-1.png 952w, https:\/\/atecordoba.org\/wp-content\/uploads\/2022\/10\/fachada-1-300x213.png 300w, https:\/\/atecordoba.org\/wp-content\/uploads\/2022\/10\/fachada-1-768x545.png 768w, https:\/\/atecordoba.org\/wp-content\/uploads\/2022\/10\/fachada-1-120x86.png 120w, https:\/\/atecordoba.org\/wp-content\/uploads\/2022\/10\/fachada-1-350x250.png 350w, https:\/\/atecordoba.org\/wp-content\/uploads\/2022\/10\/fachada-1-750x533.png 750w\" sizes=\"auto, (max-width: 714px) 100vw, 714px\" \/><figcaption>Sede de la radio, en Santa Rosa y General Paz.<\/figcaption><\/figure><\/div>\n\n\n\n<p>En una asamblea realizada ayer en la sede de Radio Nacional C\u00f3rdoba, las y los trabajadores del organismo en la provincia analizaron la discusi\u00f3n paritaria que se desarrolla en Capital Federal y ratificaron el rechazo de la oferta salarial del 20%, m\u00e1s un bono de 30 mil pesos, por considerarla insuficiente. <\/p>\n\n\n\n<p>&#8220;Las y los compa\u00f1eros estamos convencidos que el aumento en la actual etapa de revisi\u00f3n de la paritaria no puede ser menor al 45%&#8221;, explic\u00f3 el delegado de ATE en Radio Nacional C\u00f3rdoba Gonzalo Puig.<\/p>\n\n\n\n<div class=\"wp-block-image\"><figure class=\"alignright size-large\"><img loading=\"lazy\" decoding=\"async\" width=\"725\" height=\"1024\" src=\"https:\/\/atecordoba.org\/wp-content\/uploads\/2022\/10\/18-10-Asamblea-Radio-RTA-comunicacion-725x1024.jpeg\" alt=\"\" class=\"wp-image-34241\" srcset=\"https:\/\/atecordoba.org\/wp-content\/uploads\/2022\/10\/18-10-Asamblea-Radio-RTA-comunicacion-725x1024.jpeg 725w, https:\/\/atecordoba.org\/wp-content\/uploads\/2022\/10\/18-10-Asamblea-Radio-RTA-comunicacion-212x300.jpeg 212w, https:\/\/atecordoba.org\/wp-content\/uploads\/2022\/10\/18-10-Asamblea-Radio-RTA-comunicacion-768x1085.jpeg 768w, https:\/\/atecordoba.org\/wp-content\/uploads\/2022\/10\/18-10-Asamblea-Radio-RTA-comunicacion-750x1060.jpeg 750w, https:\/\/atecordoba.org\/wp-content\/uploads\/2022\/10\/18-10-Asamblea-Radio-RTA-comunicacion.jpeg 906w\" sizes=\"auto, (max-width: 725px) 100vw, 725px\" \/><\/figure><\/div>\n\n\n\n<p>Vale se\u00f1alar que hasta el momento, y en funci\u00f3n de la paritaria firmada en mayo pasado, el personal de la emisora estatal solo recibi\u00f3 una recomposici\u00f3n del 45%, que aun no se cobr\u00f3 en su totalidad ya que resta pagar la \u00faltima cuota de dicho acuerdo que se har\u00e1 efectiva con los salarios del mes de octubre.<\/p>\n\n\n\n<p>En la oportunidad, ATE y los restantes tres gremios con actuaci\u00f3n dentro de la radio firmaron un comunicado conjunto rechazando la oferta patronal, dando cuenta de la unidad que las y los trabajadores mantienen en torno a una recomposici\u00f3n salarial que no puede ser menor al 45% para esta segunda etapa de la paritaria, acorde a la brutal escalada inflacionaria que est\u00e1 sufriendo la clase trabajadora en la actualidad. <\/p>\n\n\n\n<p>Frente al desbocado incremento de los precios de los elementos de consumo b\u00e1sico de la canasta familiar, Puig, explic\u00f3 que &#8220;los \u00e1nimos no son los mejores, como sucede en la generalidad de los sectores de trabajo p\u00fablicos. Sin embargo, la decisi\u00f3n es trabajar de manera mancomunada con el resto de los espacios sindicales porque es la forma que logramos avances en la radio, apuntando a una construcci\u00f3n colectiva m\u00e1s all\u00e1 de las diferencias ideol\u00f3gicas&#8221;.<\/p>\n\n\n\n<p>En un comunicado conjunto de todas las organizaciones sindicales se consign\u00f3 tambi\u00e9n el reclamo para que el personal contratado sea incorporado a la actualizaci\u00f3n salarial ya que no perciben un aumento desde diciembre de 2021. <\/p>\n\n\n\n<p>En esa l\u00ednea se reclamo tambi\u00e9n el pase a planta permanente en funci\u00f3n del Convenio Colectivo de Trabajo 32\/75 ya que en la actualidad son numerosos los casos de fraude laboral que la patronal lleva a cabo en la radio. <\/p>\n\n\n\n<p>Al mismo tiempo, las y los trabajadores plantearon que se impone la urgente necesidad de implementar un plan de recategorizaciones y apertura de concursos internos para el personal de las emisoras de las distintas provincias. <\/p>\n\n\n\n<p>Por \u00faltimo, la asamblea hizo un llamamiento en defensa de los medios p\u00fablicos, frente al ataque de la derecha reaccionaria, entendiendo que &#8220;son pilar de la soberan\u00eda informativa y la democracia.<\/p>\n\n\n\n<p><\/p>\n\n\n\n<p><\/p>\n\n\n\n<p><\/p>\n","protected":false},"excerpt":{"rendered":"<p>En una asamblea realizada ayer en la sede de Radio Nacional C\u00f3rdoba, las y los trabajadores del organismo en la provincia analizaron la discusi\u00f3n paritaria que se desarrolla en Capital Federal y ratificaron el rechazo de la oferta salarial del 20%, m\u00e1s un bono de 30 mil pesos, por considerarla insuficiente. &#8220;Las y los compa\u00f1eros [&hellip;]<\/p>\n","protected":false},"author":7,"featured_media":34238,"comment_status":"open","ping_status":"open","sticky":false,"template":"","format":"standard","meta":{"_exactmetrics_skip_tracking":false,"_exactmetrics_sitenote_active":false,"_exactmetrics_sitenote_note":"","_exactmetrics_sitenote_category":0,"jnews-multi-image_gallery":[],"jnews_single_post":{"subtitle":"La patronal ofreci\u00f3 la semana pasada el 20% de recomposici\u00f3n y un bono de 30 mil pesos, en el marco de la revisi\u00f3n de la paritaria del sector. ","format":"standard","video":"","gallery":"","source_name":"","source_url":"","via_name":"","via_url":"","override_template":"0","override":[{"template":"1","single_blog_custom":"","parallax":"1","fullscreen":"1","layout":"right-sidebar","sidebar":"default-sidebar","second_sidebar":"default-sidebar","sticky_sidebar":"1","share_position":"top","share_float_style":"share-monocrhome","show_share_counter":"1","show_view_counter":"1","show_featured":"1","show_post_meta":"1","show_post_author":"1","show_post_author_image":"1","show_post_date":"1","post_date_format":"default","post_date_format_custom":"Y\/m\/d","show_post_category":"1","show_post_reading_time":"0","post_reading_time_wpm":"300","show_zoom_button":"0","zoom_button_out_step":"2","zoom_button_in_step":"3","show_post_tag":"1","show_prev_next_post":"1","show_popup_post":"1","number_popup_post":"1","show_author_box":"0","show_post_related":"0","show_inline_post_related":"0"}],"override_image_size":"0","image_override":[{"single_post_thumbnail_size":"crop-500","single_post_gallery_size":"crop-500"}],"trending_post":"0","trending_post_position":"meta","trending_post_label":"Trending","sponsored_post":"0","sponsored_post_label":"Sponsored by","sponsored_post_name":"","sponsored_post_url":"","sponsored_post_logo_enable":"0","sponsored_post_logo":"","sponsored_post_desc":"","disable_ad":"0"},"jnews_primary_category":{"id":""},"jnews_social_meta":{"fb_title":"","fb_description":"","fb_image":"","twitter_title":"","twitter_description":"","twitter_image":""},"jnews_review":[],"enable_review":"0","type":"percentage","name":"","summary":"","brand":"","sku":"","good":[{"good_text":""}],"bad":[{"bad_text":""}],"score_override":"","override_value":"","rating":[{"rating_text":"","rating_number":"10"}],"price":[{"shop":"","price":"","link":"","icon":""}],"jnews_override_counter":{"override_view_counter":"0","view_counter_number":"0","override_share_counter":"0","share_counter_number":"0","override_like_counter":"0","like_counter_number":"0","override_dislike_counter":"0","dislike_counter_number":"0"},"jnews_post_split":{"enable_post_split":"0","post_split":[{"template":"1","tag":"h2","numbering":"asc","mode":"normal","first":"0","enable_toc":"0","toc_type":"normal"}]},"footnotes":""},"categories":[341,18],"tags":[1255,1197],"class_list":["post-34236","post","type-post","status-publish","format-standard","has-post-thumbnail","hentry","category-cdp","category-nacionales","tag-radio-nacional","tag-radio-nacional-cordoba"],"jetpack_featured_media_url":"https:\/\/atecordoba.org\/wp-content\/uploads\/2022\/10\/facha-e1666192791993.png","_links":{"self":[{"href":"https:\/\/atecordoba.org\/index.php?rest_route=\/wp\/v2\/posts\/34236","targetHints":{"allow":["GET"]}}],"collection":[{"href":"https:\/\/atecordoba.org\/index.php?rest_route=\/wp\/v2\/posts"}],"about":[{"href":"https:\/\/atecordoba.org\/index.php?rest_route=\/wp\/v2\/types\/post"}],"author":[{"embeddable":true,"href":"https:\/\/atecordoba.org\/index.php?rest_route=\/wp\/v2\/users\/7"}],"replies":[{"embeddable":true,"href":"https:\/\/atecordoba.org\/index.php?rest_route=%2Fwp%2Fv2%2Fcomments&post=34236"}],"version-history":[{"count":2,"href":"https:\/\/atecordoba.org\/index.php?rest_route=\/wp\/v2\/posts\/34236\/revisions"}],"predecessor-version":[{"id":34242,"href":"https:\/\/atecordoba.org\/index.php?rest_route=\/wp\/v2\/posts\/34236\/revisions\/34242"}],"wp:featuredmedia":[{"embeddable":true,"href":"https:\/\/atecordoba.org\/index.php?rest_route=\/wp\/v2\/media\/34238"}],"wp:attachment":[{"href":"https:\/\/atecordoba.org\/index.php?rest_route=%2Fwp%2Fv2%2Fmedia&parent=34236"}],"wp:term":[{"taxonomy":"category","embeddable":true,"href":"https:\/\/atecordoba.org\/index.php?rest_route=%2Fwp%2Fv2%2Fcategories&post=34236"},{"taxonomy":"post_tag","embeddable":true,"href":"https:\/\/atecordoba.org\/index.php?rest_route=%2Fwp%2Fv2%2Ftags&post=34236"}],"curies":[{"name":"wp","href":"https:\/\/api.w.org\/{rel}","templated":true}]}}