{"id":34221,"date":"2022-10-18T11:13:30","date_gmt":"2022-10-18T14:13:30","guid":{"rendered":"https:\/\/atecordoba.org\/?p=34221"},"modified":"2022-10-18T11:14:06","modified_gmt":"2022-10-18T14:14:06","slug":"ate-comenzo-la-negociacion-en-las-acequias-para-reformar-el-estatuto-municipal","status":"publish","type":"post","link":"https:\/\/atecordoba.org\/?p=34221","title":{"rendered":"ATE comenz\u00f3 la negociaci\u00f3n en Las Acequias para reformar el Estatuto Municipal"},"content":{"rendered":"\n<figure class=\"wp-block-gallery has-nested-images columns-default is-cropped wp-block-gallery-1 is-layout-flex wp-block-gallery-is-layout-flex\">\n<figure class=\"wp-block-image size-large\"><img loading=\"lazy\" decoding=\"async\" width=\"1024\" height=\"461\" data-id=\"34222\" src=\"https:\/\/atecordoba.org\/wp-content\/uploads\/2022\/10\/WhatsApp-Image-2022-10-17-at-15.17.58-1024x461.jpeg\" alt=\"\" class=\"wp-image-34222\" srcset=\"https:\/\/atecordoba.org\/wp-content\/uploads\/2022\/10\/WhatsApp-Image-2022-10-17-at-15.17.58-1024x461.jpeg 1024w, https:\/\/atecordoba.org\/wp-content\/uploads\/2022\/10\/WhatsApp-Image-2022-10-17-at-15.17.58-300x135.jpeg 300w, https:\/\/atecordoba.org\/wp-content\/uploads\/2022\/10\/WhatsApp-Image-2022-10-17-at-15.17.58-768x346.jpeg 768w, https:\/\/atecordoba.org\/wp-content\/uploads\/2022\/10\/WhatsApp-Image-2022-10-17-at-15.17.58-1536x691.jpeg 1536w, https:\/\/atecordoba.org\/wp-content\/uploads\/2022\/10\/WhatsApp-Image-2022-10-17-at-15.17.58-750x338.jpeg 750w, https:\/\/atecordoba.org\/wp-content\/uploads\/2022\/10\/WhatsApp-Image-2022-10-17-at-15.17.58-1140x513.jpeg 1140w, https:\/\/atecordoba.org\/wp-content\/uploads\/2022\/10\/WhatsApp-Image-2022-10-17-at-15.17.58.jpeg 1600w\" sizes=\"auto, (max-width: 1024px) 100vw, 1024px\" \/><\/figure>\n\n\n\n<figure class=\"wp-block-image size-large\"><img loading=\"lazy\" decoding=\"async\" width=\"1024\" height=\"461\" data-id=\"34225\" src=\"https:\/\/atecordoba.org\/wp-content\/uploads\/2022\/10\/WhatsApp-Image-2022-10-17-at-15.17.58-2-1024x461.jpeg\" alt=\"\" class=\"wp-image-34225\" srcset=\"https:\/\/atecordoba.org\/wp-content\/uploads\/2022\/10\/WhatsApp-Image-2022-10-17-at-15.17.58-2-1024x461.jpeg 1024w, https:\/\/atecordoba.org\/wp-content\/uploads\/2022\/10\/WhatsApp-Image-2022-10-17-at-15.17.58-2-300x135.jpeg 300w, https:\/\/atecordoba.org\/wp-content\/uploads\/2022\/10\/WhatsApp-Image-2022-10-17-at-15.17.58-2-768x346.jpeg 768w, https:\/\/atecordoba.org\/wp-content\/uploads\/2022\/10\/WhatsApp-Image-2022-10-17-at-15.17.58-2-750x338.jpeg 750w, https:\/\/atecordoba.org\/wp-content\/uploads\/2022\/10\/WhatsApp-Image-2022-10-17-at-15.17.58-2-1140x513.jpeg 1140w, https:\/\/atecordoba.org\/wp-content\/uploads\/2022\/10\/WhatsApp-Image-2022-10-17-at-15.17.58-2.jpeg 1280w\" sizes=\"auto, (max-width: 1024px) 100vw, 1024px\" \/><\/figure>\n\n\n\n<figure class=\"wp-block-image size-large\"><img loading=\"lazy\" decoding=\"async\" width=\"1024\" height=\"461\" data-id=\"34224\" src=\"https:\/\/atecordoba.org\/wp-content\/uploads\/2022\/10\/WhatsApp-Image-2022-10-17-at-15.17.59-1024x461.jpeg\" alt=\"\" class=\"wp-image-34224\" srcset=\"https:\/\/atecordoba.org\/wp-content\/uploads\/2022\/10\/WhatsApp-Image-2022-10-17-at-15.17.59-1024x461.jpeg 1024w, https:\/\/atecordoba.org\/wp-content\/uploads\/2022\/10\/WhatsApp-Image-2022-10-17-at-15.17.59-300x135.jpeg 300w, https:\/\/atecordoba.org\/wp-content\/uploads\/2022\/10\/WhatsApp-Image-2022-10-17-at-15.17.59-768x346.jpeg 768w, https:\/\/atecordoba.org\/wp-content\/uploads\/2022\/10\/WhatsApp-Image-2022-10-17-at-15.17.59-1536x691.jpeg 1536w, https:\/\/atecordoba.org\/wp-content\/uploads\/2022\/10\/WhatsApp-Image-2022-10-17-at-15.17.59-750x338.jpeg 750w, https:\/\/atecordoba.org\/wp-content\/uploads\/2022\/10\/WhatsApp-Image-2022-10-17-at-15.17.59-1140x513.jpeg 1140w, https:\/\/atecordoba.org\/wp-content\/uploads\/2022\/10\/WhatsApp-Image-2022-10-17-at-15.17.59.jpeg 1600w\" sizes=\"auto, (max-width: 1024px) 100vw, 1024px\" \/><\/figure>\n<\/figure>\n\n\n\n<p>En una audiencia celebrada el viernes pasado en la localidad de Las Acequias, ATE comenz\u00f3 a tramitar con el Ejecutivo la reforma del Estatuto Municipal. <\/p>\n\n\n\n<p>En la ocasi\u00f3n, participaron la secretaria General de ATE R\u00edo Cuarto, Rafaela Alcoba, el Progremial Rodrigo Alquin, y el delegado local, junto al intendente Gast\u00f3n Tomatis. <\/p>\n\n\n\n<p>Alcoba celebr\u00f3 en comienzo de las negociaciones. &#8220;Queremos hacerlo de manera din\u00e1mica por lo cual se estableci\u00f3 un pr\u00f3ximo encuentro de las asesor\u00edas legales, que se realizar\u00e1 el pr\u00f3ximo viernes, porque entendemos que el Estatuto es una herramienta fundamental y central para garantizar cu\u00e1les son los deberes de ambas partes y cu\u00e1les las garant\u00edas de derecho para que se pueda llevar adelante la convivencia institucional&#8221;, asegur\u00f3 la dirigente del sur provincial. <\/p>\n\n\n\n<p>&#8220;En ese marco, dijo Alcoba, entendemos que es sumamente necesario abrir estas instancias, que muchas veces se posponen al abocarnos en paritarias. Hace un a\u00f1o que ven\u00edamos insistiendo en la apertura de esta negociaci\u00f3n, as\u00ed que ahora le vamos a poner muchas ganas y mucho trabajo, no solo de la comisi\u00f3n directiva sino del cuerpo de delegados de ATE&#8221;.<\/p>\n\n\n\n<p><strong>Alpa Corral<\/strong><\/p>\n\n\n\n<p>Por otro lado, la seccional estar\u00e1 hoy en la localidad serrana de Alpa Corral para llevar adelante la reapertura de la paritaria municipal. Por eso, el viernes seguidamente a su paso por Las Acequias, la referente de ATE R\u00edo Cuarto encabez\u00f3 un asamblea en el Corral\u00f3n Municipal<\/p>\n\n\n\n<p>&#8220;Debatimos los criterios para llevar a la apertura de paritarias, ya que qued\u00f3 pendiente acordar el \u00faltimo incremento salarial del a\u00f1o&#8221;, se\u00f1al\u00f3 Alcoba.<\/p>\n\n\n\n<p>&#8220;Claramente las condiciones de la discusi\u00f3n variaron desde la \u00faltima audiencia, en junio, a la fecha, entendiendo que la econom\u00eda nos llev\u00f3 a tener que rediscutir cu\u00e1les ser\u00e1n los aumentos salariales de cara a diciembre&#8221;, concluy\u00f3 la secretaria General.<\/p>\n","protected":false},"excerpt":{"rendered":"<p>En una audiencia celebrada el viernes pasado en la localidad de Las Acequias, ATE comenz\u00f3 a tramitar con el Ejecutivo la reforma del Estatuto Municipal. En la ocasi\u00f3n, participaron la secretaria General de ATE R\u00edo Cuarto, Rafaela Alcoba, el Progremial Rodrigo Alquin, y el delegado local, junto al intendente Gast\u00f3n Tomatis. Alcoba celebr\u00f3 en comienzo [&hellip;]<\/p>\n","protected":false},"author":7,"featured_media":34228,"comment_status":"open","ping_status":"open","sticky":false,"template":"","format":"standard","meta":{"_exactmetrics_skip_tracking":false,"_exactmetrics_sitenote_active":false,"_exactmetrics_sitenote_note":"","_exactmetrics_sitenote_category":0,"jnews-multi-image_gallery":[],"jnews_single_post":{"subtitle":"\"El Estatuto es una herramienta fundamental y central para garantizar cu\u00e1les son los deberes de ambas partes y cu\u00e1les las garant\u00edas de derecho para que se pueda llevar adelante la convivencia institucional\", dijo la secretaria General de la seccional, Rafaela Alcoba.","format":"standard","video":"","gallery":"","source_name":"","source_url":"","via_name":"","via_url":"","override_template":"0","override":[{"template":"1","single_blog_custom":"","parallax":"1","fullscreen":"1","layout":"right-sidebar","sidebar":"default-sidebar","second_sidebar":"default-sidebar","sticky_sidebar":"1","share_position":"top","share_float_style":"share-monocrhome","show_share_counter":"1","show_view_counter":"1","show_featured":"1","show_post_meta":"1","show_post_author":"1","show_post_author_image":"1","show_post_date":"1","post_date_format":"default","post_date_format_custom":"Y\/m\/d","show_post_category":"1","show_post_reading_time":"0","post_reading_time_wpm":"300","show_zoom_button":"0","zoom_button_out_step":"2","zoom_button_in_step":"3","show_post_tag":"1","show_prev_next_post":"1","show_popup_post":"1","number_popup_post":"1","show_author_box":"0","show_post_related":"0","show_inline_post_related":"0"}],"override_image_size":"0","image_override":[{"single_post_thumbnail_size":"crop-500","single_post_gallery_size":"crop-500"}],"trending_post":"0","trending_post_position":"meta","trending_post_label":"Trending","sponsored_post":"0","sponsored_post_label":"Sponsored by","sponsored_post_name":"","sponsored_post_url":"","sponsored_post_logo_enable":"0","sponsored_post_logo":"","sponsored_post_desc":"","disable_ad":"0"},"jnews_primary_category":{"id":""},"jnews_social_meta":{"fb_title":"","fb_description":"","fb_image":"","twitter_title":"","twitter_description":"","twitter_image":""},"jnews_review":[],"enable_review":"0","type":"percentage","name":"","summary":"","brand":"","sku":"","good":[{"good_text":""}],"bad":[{"bad_text":""}],"score_override":"","override_value":"","rating":[{"rating_text":"","rating_number":"10"}],"price":[{"shop":"","price":"","link":"","icon":""}],"jnews_override_counter":{"override_view_counter":"0","view_counter_number":"0","override_share_counter":"0","share_counter_number":"0","override_like_counter":"0","like_counter_number":"0","override_dislike_counter":"0","dislike_counter_number":"0"},"jnews_post_split":{"enable_post_split":"0","post_split":[{"template":"1","tag":"h2","numbering":"asc","mode":"normal","first":"0","enable_toc":"0","toc_type":"normal"}]},"footnotes":""},"categories":[20,12],"tags":[800,790],"class_list":["post-34221","post","type-post","status-publish","format-standard","has-post-thumbnail","hentry","category-municipales","category-rio-cuarto","tag-alpa-corral","tag-las-acequias"],"jetpack_featured_media_url":"https:\/\/atecordoba.org\/wp-content\/uploads\/2022\/10\/acequias1-e1666102374742.jpeg","_links":{"self":[{"href":"https:\/\/atecordoba.org\/index.php?rest_route=\/wp\/v2\/posts\/34221","targetHints":{"allow":["GET"]}}],"collection":[{"href":"https:\/\/atecordoba.org\/index.php?rest_route=\/wp\/v2\/posts"}],"about":[{"href":"https:\/\/atecordoba.org\/index.php?rest_route=\/wp\/v2\/types\/post"}],"author":[{"embeddable":true,"href":"https:\/\/atecordoba.org\/index.php?rest_route=\/wp\/v2\/users\/7"}],"replies":[{"embeddable":true,"href":"https:\/\/atecordoba.org\/index.php?rest_route=%2Fwp%2Fv2%2Fcomments&post=34221"}],"version-history":[{"count":2,"href":"https:\/\/atecordoba.org\/index.php?rest_route=\/wp\/v2\/posts\/34221\/revisions"}],"predecessor-version":[{"id":34230,"href":"https:\/\/atecordoba.org\/index.php?rest_route=\/wp\/v2\/posts\/34221\/revisions\/34230"}],"wp:featuredmedia":[{"embeddable":true,"href":"https:\/\/atecordoba.org\/index.php?rest_route=\/wp\/v2\/media\/34228"}],"wp:attachment":[{"href":"https:\/\/atecordoba.org\/index.php?rest_route=%2Fwp%2Fv2%2Fmedia&parent=34221"}],"wp:term":[{"taxonomy":"category","embeddable":true,"href":"https:\/\/atecordoba.org\/index.php?rest_route=%2Fwp%2Fv2%2Fcategories&post=34221"},{"taxonomy":"post_tag","embeddable":true,"href":"https:\/\/atecordoba.org\/index.php?rest_route=%2Fwp%2Fv2%2Ftags&post=34221"}],"curies":[{"name":"wp","href":"https:\/\/api.w.org\/{rel}","templated":true}]}}