{"id":34217,"date":"2022-10-17T15:41:34","date_gmt":"2022-10-17T18:41:34","guid":{"rendered":"https:\/\/atecordoba.org\/?p=34217"},"modified":"2022-10-17T15:41:38","modified_gmt":"2022-10-17T18:41:38","slug":"ejecucion-presupuestaria-nacional-anuncia-un-segundo-semestre-de-ajuste-en-el-gasto-publico","status":"publish","type":"post","link":"https:\/\/atecordoba.org\/?p=34217","title":{"rendered":"Ejecuci\u00f3n presupuestaria nacional anuncia un segundo semestre de ajuste en el gasto p\u00fablico"},"content":{"rendered":"\n<div class=\"wp-block-image\"><figure class=\"aligncenter size-large is-resized\"><img loading=\"lazy\" decoding=\"async\" src=\"https:\/\/atecordoba.org\/wp-content\/uploads\/2022\/10\/presupuesto1-1024x694.jpg\" alt=\"\" class=\"wp-image-34218\" width=\"768\" height=\"521\" \/><\/figure><\/div>\n\n\n\n<p><a href=\"https:\/\/ate.org.ar\/wp-content\/uploads\/2022\/10\/SPN-Informe-ejecucion-al-1er-sem2022julio-y-agosto-v-final-5_10.pdf\">Un informe<\/a> que se difundi\u00f3 a principios de mes del Instituto de Estudio sobre Estado y Participaci\u00f3n (IDEP) anunci\u00f3 <a href=\"https:\/\/ate.org.ar\/idep-informe-de-ejecucion-de-las-cuentas-publicas\/\">una profundizaci\u00f3n del ajust<\/a>e para cumplir con el FMI, despu\u00e9s de una primer parte del a\u00f1o que se caracteriz\u00f3 por aumento del gasto y el consiguiente crecimiento del PBI. <\/p>\n\n\n\n<p>Para analizar estos resultados y conversar sobre la perspectiva del presupuesto 2023, atent\u00f3 a la necesidad que tenemos las y los estatales por recuperar salario resal tras la debacle de la capacidad de ingreso que significaron los cuatro a\u00f1os de r\u00e9gimen macrista y la escasa voluntad pol\u00edtica de revertir ese ciclo durante el gobierno actual, el programa radial Entre Todos y Todas, que la Secretaria de Prensa de ATE C\u00f3rdoba emite cada martes en GEN FM 107.5, entrevist\u00f3 a la economista Mariana Rivolta,  integrante de IDEP y del equipo que realiz\u00f3 el an\u00e1lisis presupuestario.  <\/p>\n\n\n\n<p>Rivolta explic\u00f3 que el IDEP lleva adelante temas de coyuntura y los temas fiscales son la especialidad de un equipo del instituto. &#8220;En ese contexto se public\u00f3 el informe de referencia, que analiza la ejecuci\u00f3n presupuestaria pero tambi\u00e9n trae la contraposici\u00f3n de los resultado que dijeron los n\u00fameros fiscales de julio y agosto, que van a ser bien distintos a los del primer semestre&#8221;.<\/p>\n\n\n\n<p><strong>Hablan de crecimiento del gasto fiscal y una profundizaci\u00f3n del ajuste al mismo tiempo. \u00bfC\u00f3mo se explica t\u00e9cnicamente esa dualidad?<\/strong><\/p>\n\n\n\n<p>Hay dos patas que permiten explicar ese fen\u00f3meno,\u00a0 por un lado hubo durante el primer semestre una tendencia fiscal al crecimiento, una demanda agregada donde el Estado fue uno de los motores, con un incremento interesante de la inversi\u00f3n por encima de la inflaci\u00f3n. Crecieron todas las partidas salvo la AUH (Asignaci\u00f3n Universal por Hijo), pero en el segundo semestre el gasto va a caer como se pudo ver en julio y agosto.<\/p>\n\n\n\n<p>Sucede que el segundo semestre del 2021 hubo una expansi\u00f3n muy fuerte de modo que cualquier comparaci\u00f3n interanual con aquella base tan alta nos das un crecimiento menor en el segundo semestre de 2022. Pero en lo pol\u00edtico, \u00a0por un lado est\u00e1 la meta reafirmada con los tres \u00faltimos ministros de econom\u00eda que reafirman un d\u00e9ficit primario para fin de a\u00f1o del -2.5% del PBI. Eso exige que las partidas que ven\u00edan creciendo de modo tan evidente comienza a retraerse.En lo macroecon\u00f3mico, si el factor fiscal del primer semestre era de expansi\u00f3n fiscal, toda la l\u00f3gica del segundo semestre \u2013y as\u00ed est\u00e1 reafirmada en el presupuesto de 2023- va a ser al rev\u00e9s, bajando el gasto para bajar el crecimiento del PBI porque hay otra serie de explicaciones por detr\u00e1s que tienen que ver con un menos crecimiento del PBI, relacionado con el comportamiento de los precios, de las importaciones y la presiones del sector externo en el resto de la econom\u00eda.<\/p>\n\n\n\n<div class=\"wp-block-image\"><figure class=\"alignleft size-full\"><img loading=\"lazy\" decoding=\"async\" width=\"646\" height=\"433\" src=\"https:\/\/atecordoba.org\/wp-content\/uploads\/2022\/10\/rivolta.png\" alt=\"\" class=\"wp-image-34219\" srcset=\"https:\/\/atecordoba.org\/wp-content\/uploads\/2022\/10\/rivolta.png 646w, https:\/\/atecordoba.org\/wp-content\/uploads\/2022\/10\/rivolta-300x201.png 300w\" sizes=\"auto, (max-width: 646px) 100vw, 646px\" \/><\/figure><\/div>\n\n\n\n<p><strong>Precios y consumo<\/strong><\/p>\n\n\n\n<p>Para la economista, el acuerdo con el FMI asegura el comportamiento expansivo de los precios y en la recaudaci\u00f3n, que permite a su vez recortar el gasto de modo de hacer factible que se alcancen las metas fiscales. Es decir, habr\u00e1 mayor recaudaci\u00f3n por inflaci\u00f3n pero no se volcar\u00e1 al mercado interno sino al ahorro para bajar el famoso d\u00e9ficit. <\/p>\n\n\n\n<p><strong>\u00a1Este comportamiento se espera para el segundo semestres?<\/strong><\/p>\n\n\n\n<p>Se ver\u00e1 de modo m\u00e1s evidente. Del informe surge que en el primer semestre hubo crecimiento real de recursos y gastos solo que los recursos crecieron menos que los gastos. Ahora vamos a ver una ca\u00edda en el gasto real mientras los recursos siguen creciendo o, al menos, se estancan. Este ajuste le va a permitir al gobierno llegar a las metas de d\u00e9ficit que se plantea con el fondo.<\/p>\n\n\n\n<p><strong>Como acomodar los salarios para que dejen de caer en este contexto.<\/strong><\/p>\n\n\n\n<p>Hay que apuntar a una matriz tributaria mucho m\u00e1s progresiva, donde se grave de manera diferencial aklos que tienen mayor capacidad contributiva y de ese modo permita diferenciar un gasto que no necesariamente debe ir al ajuste, si tenemos c\u00f3mo financiarlo.<\/p>\n\n\n\n<p>Ac\u00e1 la dificultad est\u00e1 en llegar a un lugar fiscal de equilibrio por medio del ajuste del gasto cuando bien podr\u00eda realizarse por medio de una mejor recaudaci\u00f3n, repensando quienes sostienen con el pago de impuestos el gasto p\u00fablico.<\/p>\n\n\n\n<p>Siempre que hablamos de la matiz tributaria hay que referirse a cuestiones de poder y privilegio para tocar antes que te permitan avanzar. Sin embargo, por nombrar un tema, las al\u00edcuotas de los derechos de exportaci\u00f3n est\u00e1n por debajo de valores hist\u00f3ricos, cuando los derechos de propiedad y las relaciones de distribuci\u00f3n eran parecidas. Eso redundaba en mayores ingresos para el Estado, aportados justamente por sectores con mayor capacidad.<\/p>\n\n\n\n<p>Lo que pas\u00f3 con el d\u00f3lar soja lo volvi\u00f3 a situar en un lugar de inter\u00e9s. Son sectores que ni siquiera tienen la excusa de lo que pasa con los precios internos, est\u00e1n pagando menos de lo que supieron contribuir, ah\u00ed hay una fuente progresiva de impuestos. <\/p>\n\n\n\n<p><strong>\u00bfC\u00f3mo miran desde IDEP el presupuesto 2023, sobre todo en lo referido a las partidas salariales?<\/strong><\/p>\n\n\n\n<p>El presupuesto del a\u00f1o que viene anuncia un crecimiento menor que este a\u00f1o, con una fuerte baja de la inflaci\u00f3n aunque carece de medidas que expliquen por medio de qu\u00e9 se lograr\u00eda esa reducci\u00f3n. Por eso parece una suerte de deseo que de realidad. <\/p>\n\n\n\n<p>Cuando se construye un presupuesto lo que hay detr\u00e1s son variables que dan se\u00f1ales para saber de d\u00f3nde van a recaudar para que gastarlo de este modo. Ya cuando la proyecci\u00f3n de inflaci\u00f3n es dif\u00edcil de explicar, todo lo que sigue para adelante respecto a los recursos disponibles y c\u00f3mo se gastar\u00e1n empieza a ser poco cre\u00edble.<\/p>\n\n\n\n<p>As\u00ed y todo, hicimos un ejercicio de analizar qu\u00e9 pasa con las partidas del presupuesto, que estar\u00edan creciendo en t\u00e9rminos reales con este 60% de inflaci\u00f3n, pero encontramos que los recursos crecer\u00edan m\u00e1s de lo que explican estas variables. De forma que vemos un presupuesto optimista. M\u00e1s all\u00e1 de la baja de inflaci\u00f3n se propone el proyecto en la comparaci\u00f3n interanual con 2022, cuando miramos lo n\u00famero sen profundidad encontramos partidas con ajuste y ah\u00ed surge la partida salarial de las y los estatales. Cuando comparas las partidas para sueldos pero por 13 meses, incluyendo aguinaldos, el ajuste sigue.<\/p>\n\n\n\n<p>As\u00ed y todo creo que es un presupuesto que dice lo que tiene que decir sin anunciar demasiado que va a pasar.<\/p>\n","protected":false},"excerpt":{"rendered":"<p>Un informe que se difundi\u00f3 a principios de mes del Instituto de Estudio sobre Estado y Participaci\u00f3n (IDEP) anunci\u00f3 una profundizaci\u00f3n del ajuste para cumplir con el FMI, despu\u00e9s de una primer parte del a\u00f1o que se caracteriz\u00f3 por aumento del gasto y el consiguiente crecimiento del PBI. Para analizar estos resultados y conversar sobre [&hellip;]<\/p>\n","protected":false},"author":7,"featured_media":34218,"comment_status":"open","ping_status":"open","sticky":false,"template":"","format":"standard","meta":{"_exactmetrics_skip_tracking":false,"_exactmetrics_sitenote_active":false,"_exactmetrics_sitenote_note":"","_exactmetrics_sitenote_category":0,"jnews-multi-image_gallery":[],"jnews_single_post":{"subtitle":"La economista de IDEP Mariana Rivolta analiz\u00f3 los gastos del Estado.","format":"standard","video":"","gallery":"","source_name":"","source_url":"","via_name":"","via_url":"","override_template":"0","override":[{"template":"1","single_blog_custom":"","parallax":"1","fullscreen":"1","layout":"right-sidebar","sidebar":"default-sidebar","second_sidebar":"default-sidebar","sticky_sidebar":"1","share_position":"top","share_float_style":"share-monocrhome","show_share_counter":"1","show_view_counter":"1","show_featured":"1","show_post_meta":"1","show_post_author":"1","show_post_author_image":"1","show_post_date":"1","post_date_format":"default","post_date_format_custom":"Y\/m\/d","show_post_category":"1","show_post_reading_time":"0","post_reading_time_wpm":"300","show_zoom_button":"0","zoom_button_out_step":"2","zoom_button_in_step":"3","show_post_tag":"1","show_prev_next_post":"1","show_popup_post":"1","number_popup_post":"1","show_author_box":"0","show_post_related":"0","show_inline_post_related":"0"}],"override_image_size":"0","image_override":[{"single_post_thumbnail_size":"crop-500","single_post_gallery_size":"crop-500"}],"trending_post":"0","trending_post_position":"meta","trending_post_label":"Trending","sponsored_post":"0","sponsored_post_label":"Sponsored by","sponsored_post_name":"","sponsored_post_url":"","sponsored_post_logo_enable":"0","sponsored_post_logo":"","sponsored_post_desc":"","disable_ad":"0"},"jnews_primary_category":{"id":""},"jnews_social_meta":{"fb_title":"","fb_description":"","fb_image":"","twitter_title":"","twitter_description":"","twitter_image":""},"jnews_review":[],"enable_review":"0","type":"percentage","name":"","summary":"","brand":"","sku":"","good":[{"good_text":""}],"bad":[{"bad_text":""}],"score_override":"","override_value":"","rating":[{"rating_text":"","rating_number":"10"}],"price":[{"shop":"","price":"","link":"","icon":""}],"jnews_override_counter":{"override_view_counter":"0","view_counter_number":"0","override_share_counter":"0","share_counter_number":"0","override_like_counter":"0","like_counter_number":"0","override_dislike_counter":"0","dislike_counter_number":"0"},"jnews_post_split":{"enable_post_split":"0","post_split":[{"template":"1","tag":"h2","numbering":"asc","mode":"normal","first":"0","enable_toc":"0","toc_type":"normal"}]},"footnotes":""},"categories":[10],"tags":[],"class_list":["post-34217","post","type-post","status-publish","format-standard","has-post-thumbnail","hentry","category-accion-politica"],"jetpack_featured_media_url":"https:\/\/atecordoba.org\/wp-content\/uploads\/2022\/10\/presupuesto1-e1666032089547.jpg","_links":{"self":[{"href":"https:\/\/atecordoba.org\/index.php?rest_route=\/wp\/v2\/posts\/34217","targetHints":{"allow":["GET"]}}],"collection":[{"href":"https:\/\/atecordoba.org\/index.php?rest_route=\/wp\/v2\/posts"}],"about":[{"href":"https:\/\/atecordoba.org\/index.php?rest_route=\/wp\/v2\/types\/post"}],"author":[{"embeddable":true,"href":"https:\/\/atecordoba.org\/index.php?rest_route=\/wp\/v2\/users\/7"}],"replies":[{"embeddable":true,"href":"https:\/\/atecordoba.org\/index.php?rest_route=%2Fwp%2Fv2%2Fcomments&post=34217"}],"version-history":[{"count":1,"href":"https:\/\/atecordoba.org\/index.php?rest_route=\/wp\/v2\/posts\/34217\/revisions"}],"predecessor-version":[{"id":34220,"href":"https:\/\/atecordoba.org\/index.php?rest_route=\/wp\/v2\/posts\/34217\/revisions\/34220"}],"wp:featuredmedia":[{"embeddable":true,"href":"https:\/\/atecordoba.org\/index.php?rest_route=\/wp\/v2\/media\/34218"}],"wp:attachment":[{"href":"https:\/\/atecordoba.org\/index.php?rest_route=%2Fwp%2Fv2%2Fmedia&parent=34217"}],"wp:term":[{"taxonomy":"category","embeddable":true,"href":"https:\/\/atecordoba.org\/index.php?rest_route=%2Fwp%2Fv2%2Fcategories&post=34217"},{"taxonomy":"post_tag","embeddable":true,"href":"https:\/\/atecordoba.org\/index.php?rest_route=%2Fwp%2Fv2%2Ftags&post=34217"}],"curies":[{"name":"wp","href":"https:\/\/api.w.org\/{rel}","templated":true}]}}