{"id":3421,"date":"2013-10-10T20:10:16","date_gmt":"2013-10-10T23:10:16","guid":{"rendered":"http:\/\/www.atecordoba.org\/?p=3421"},"modified":"2013-10-10T20:10:16","modified_gmt":"2013-10-10T23:10:16","slug":"primer-taller-de-salud-laboral","status":"publish","type":"post","link":"https:\/\/atecordoba.org\/?p=3421","title":{"rendered":"Primer taller de Salud Laboral"},"content":{"rendered":"<p><em>El Departamento de CYMAT (Condiciones y Medio\u00a0 Ambiente de Trabajo) dependiente del\u00a0 Consejo Directivo Provincial de la Asociaci\u00f3n de Trabajadores del Estado de la provincia de C\u00f3rdoba, realizara el\u00a0 24 de Octubre el Primer Taller de Salud Laboral.<\/em><\/p>\n<p>&nbsp;<\/p>\n<p>El Departamento de CYMAT\u00a0 C\u00f3rdoba (Condiciones y Medio\u00a0 Ambiente de Trabajo) dependiente\u00a0 del\u00a0 Consejo Directivo Provincial de la Asociaci\u00f3n de Trabajadores del Estado de la provincia de C\u00f3rdoba, hace extensiva la invitaci\u00f3n al Primer Taller de Salud Laboral que se\u00a0 realizara el\u00a0 Jueves 24 de Octubre en el sal\u00f3n de nuestra Sede gremial, sita en Paran\u00e1 140.<\/p>\n<p>En cumplimiento con las estrategias pautadas para este a\u00f1o, y en el marco de la defensa\u00a0 permanente de\u00a0 los\u00a0 derechos\u00a0 integrales\u00a0 de los trabajadores, se desarrollar\u00e1n en este Taller las tem\u00e1ticas concernientes a\u00a0 la concepci\u00f3n misma de la Salud Laboral, y las Normas y Procedimientos Legales que garantizan poder alcanzarla.<\/p>\n<p>Estructurado en dos m\u00f3dulos, la jornada se extender\u00e1 desde las 09:00 a las 17:00 hs y estar\u00e1 a cargo del director del CYMAT Concejo Directivo Nacional, licenciado en Higiene y Seguridad en el Trabajo\u00a0Orestes \u00a0Beto \u00a0Galeano\u00a0 y Eugenio Biafore, integrante del Departamento Jur\u00eddico ATE-CTA, coautor del Proyecto de Prevenci\u00f3n de Riesgos de Trabajo de la CTA. Adem\u00e1s, se contar\u00e1 con la participaci\u00f3n del equipo de Salud Laboral del CYMAT C\u00f3rdoba.<\/p>\n<p>El presente Taller esta dirigido particularmente a Delegados y abierto a la participaci\u00f3n de Afiliados y trabajadores en general. Los interesados pueden comunicarse con los compa\u00f1eros:<\/p>\n<p>Susana Juarez\u00a0<a href=\"callto:(0351-153904682\">(0351-153904682<\/a>)\u00a0<a href=\"mailto:susilaurijuarez@hotmail.com\" target=\"_blank\" rel=\"noopener noreferrer\">susilaurijuarez@hotmail.com<\/a><\/p>\n<p>Santiago Beliz\u00e1n\u00a0<a href=\"callto:(0351-152373217\">(0351-152373217<\/a>)\u00a0<a href=\"mailto:emsecor@gmail.com\" target=\"_blank\" rel=\"noopener noreferrer\">emsecor@gmail.com<\/a><\/p>\n<p>Se entregaran certificados de asistencia<\/p>\n<p>&nbsp;<\/p>\n<p style=\"text-align: right;\">Departamento de\u00a0Salud Laboral<\/p>\n<p style=\"text-align: right;\">Concejo Directivo Provincial<\/p>\n<p style=\"text-align: right;\">C\u00f3rdoba<\/p>\n","protected":false},"excerpt":{"rendered":"<p>El Departamento de CYMAT (Condiciones y Medio\u00a0 Ambiente de Trabajo) dependiente del\u00a0 Consejo Directivo Provincial de la Asociaci\u00f3n de Trabajadores del Estado de la provincia de C\u00f3rdoba, realizara el\u00a0 24 de Octubre el Primer Taller de Salud Laboral. &nbsp; El Departamento de CYMAT\u00a0 C\u00f3rdoba (Condiciones y Medio\u00a0 Ambiente de Trabajo) dependiente\u00a0 del\u00a0 Consejo Directivo Provincial [&hellip;]<\/p>\n","protected":false},"author":1,"featured_media":19220,"comment_status":"open","ping_status":"open","sticky":false,"template":"","format":"standard","meta":{"_exactmetrics_skip_tracking":false,"_exactmetrics_sitenote_active":false,"_exactmetrics_sitenote_note":"","_exactmetrics_sitenote_category":0,"jnews-multi-image_gallery":[],"jnews_single_post":[],"jnews_primary_category":[],"jnews_social_meta":[],"jnews_review":[],"enable_review":"","type":"","name":"","summary":"","brand":"","sku":"","good":[],"bad":[],"score_override":"","override_value":"","rating":[],"price":[],"jnews_override_counter":[],"jnews_post_split":[],"footnotes":""},"categories":[94],"tags":[],"class_list":["post-3421","post","type-post","status-publish","format-standard","has-post-thumbnail","hentry","category-salud-laboral"],"jetpack_featured_media_url":"https:\/\/atecordoba.org\/wp-content\/uploads\/2020\/05\/logo-nuevochico-e1561581322808.png","_links":{"self":[{"href":"https:\/\/atecordoba.org\/index.php?rest_route=\/wp\/v2\/posts\/3421","targetHints":{"allow":["GET"]}}],"collection":[{"href":"https:\/\/atecordoba.org\/index.php?rest_route=\/wp\/v2\/posts"}],"about":[{"href":"https:\/\/atecordoba.org\/index.php?rest_route=\/wp\/v2\/types\/post"}],"author":[{"embeddable":true,"href":"https:\/\/atecordoba.org\/index.php?rest_route=\/wp\/v2\/users\/1"}],"replies":[{"embeddable":true,"href":"https:\/\/atecordoba.org\/index.php?rest_route=%2Fwp%2Fv2%2Fcomments&post=3421"}],"version-history":[{"count":0,"href":"https:\/\/atecordoba.org\/index.php?rest_route=\/wp\/v2\/posts\/3421\/revisions"}],"wp:featuredmedia":[{"embeddable":true,"href":"https:\/\/atecordoba.org\/index.php?rest_route=\/wp\/v2\/media\/19220"}],"wp:attachment":[{"href":"https:\/\/atecordoba.org\/index.php?rest_route=%2Fwp%2Fv2%2Fmedia&parent=3421"}],"wp:term":[{"taxonomy":"category","embeddable":true,"href":"https:\/\/atecordoba.org\/index.php?rest_route=%2Fwp%2Fv2%2Fcategories&post=3421"},{"taxonomy":"post_tag","embeddable":true,"href":"https:\/\/atecordoba.org\/index.php?rest_route=%2Fwp%2Fv2%2Ftags&post=3421"}],"curies":[{"name":"wp","href":"https:\/\/api.w.org\/{rel}","templated":true}]}}