{"id":34204,"date":"2022-10-14T15:20:20","date_gmt":"2022-10-14T18:20:20","guid":{"rendered":"https:\/\/atecordoba.org\/?p=34204"},"modified":"2022-10-14T15:20:25","modified_gmt":"2022-10-14T18:20:25","slug":"las-trabajadoras-del-paicor-y-auxiliares-escolares-siguen-luchando-por-sus-justos-reclamos","status":"publish","type":"post","link":"https:\/\/atecordoba.org\/?p=34204","title":{"rendered":"Las Trabajadoras del PAICOR y Auxiliares Escolares siguen luchando por sus justos reclamos"},"content":{"rendered":"\n<div class=\"wp-block-image\"><figure class=\"aligncenter size-large is-resized\"><img loading=\"lazy\" decoding=\"async\" src=\"https:\/\/atecordoba.org\/wp-content\/uploads\/2022\/10\/auxiliares-1024x610.jpg\" alt=\"\" class=\"wp-image-34205\" width=\"768\" height=\"458\" \/><\/figure><\/div>\n\n\n\n<p>La referente de las Trabajadoras del PAICOR y Auxiliares Escolares de R\u00edo Tercero y Secretaria de Cultura de la CTA Aut\u00f3noma de la provincia de C\u00f3rdoba, Mar\u00eda Sosa, expres\u00f3 que el Gobierno Provincial sigue sin dar respuestas positivas a las demandas de mejoras salariales y laborales planteadas desde un colectivo absolutamente precarizado.<\/p>\n\n\n\n<p>\u201cCuando la clase obrera sale a la calle es porque algo la patronal no est\u00e1 haciendo bien.\u00a0Y m\u00e1s cuando sus trabajadores son precarizados del Estado Provincial\u201d, indic\u00f3 Sosa y dijo que \u201clas compa\u00f1eras Auxiliares Paicor y Escolares iniciaron esta lucha genuina por los derechos adquiridos y negados a estas trabajadoras\u201d.<\/p>\n\n\n\n<p>Y agreg\u00f3: \u201ca siete meses de recorrer escritorios, alg\u00fan legislador, alg\u00fan que otro concejal, al Intendente de R\u00edo Tercero, llevar un petitorio a la Casa de Gobierno de la provincia de C\u00f3rdoba donde fuimos atacadas por una \u2018patota\u2019 del se\u00f1or Fittipaldi del SOELSAC. Realizamos movilizaciones, paros y aun as\u00ed nadie nos da una respuesta a los reclamos\u201d.<\/p>\n\n\n\n<p>\u201cEstas luchadoras ya no tienen miedo.\u00a0Seguimos unidas y fortalecidas\u201d, subray\u00f3 Sosa.<\/p>\n\n\n\n<div class=\"wp-block-image\"><figure class=\"alignleft size-full\"><img loading=\"lazy\" decoding=\"async\" width=\"300\" height=\"300\" src=\"https:\/\/atecordoba.org\/wp-content\/uploads\/2022\/10\/sosagiuliani.jpg\" alt=\"\" class=\"wp-image-34206\" srcset=\"https:\/\/atecordoba.org\/wp-content\/uploads\/2022\/10\/sosagiuliani.jpg 300w, https:\/\/atecordoba.org\/wp-content\/uploads\/2022\/10\/sosagiuliani-150x150.jpg 150w, https:\/\/atecordoba.org\/wp-content\/uploads\/2022\/10\/sosagiuliani-75x75.jpg 75w\" sizes=\"auto, (max-width: 300px) 100vw, 300px\" \/><figcaption>Mar\u00eda Sosa junto a Federico Giuliani en el Panal.<\/figcaption><\/figure><\/div>\n\n\n\n<p><strong>PAICOR ajustado y precarizado<\/strong><\/p>\n\n\n\n<p>El Programa de Asistencia Integral de C\u00f3rdoba (PAICOR<strong>)<\/strong>, vigente desde 1984, es definido desde el Gobierno Provincial como \u201cun apoyo a la econom\u00eda familiar que promueve la comensalidad y se compone de los alimentos necesarios para cubrir las necesidades nutricionales de alumnos y alumnas\u201d. <\/p>\n\n\n\n<p>Con los a\u00f1os, fue mutando, pero, sobre todo, haci\u00e9ndose deficitario: un derecho convertido en un padr\u00f3n con requisitos cada vez m\u00e1s excluyentes, con una calidad alimentaria p\u00e9sima y con condiciones de precarizaci\u00f3n laboral. No es ninguna novedad que las decisiones estatales sobre este programa, desde hace tiempo, son de ajuste, tercerizaci\u00f3n y recorte.Este a\u00f1o, las condiciones empeoraron para las trabajadoras que prestan servicios en el PAICOR y las Auxiliares Escolares, que son parte del engranaje de la pol\u00edtica educativa y el funcionamiento de las escuelas. El problema es la creciente privatizaci\u00f3n y tercerizaci\u00f3n de estos servicios; en algunas escuelas, directamente se recibe una vianda alimenticia; en otras, a\u00fan se cocina, pero las condiciones de precarizaci\u00f3n son compartidas.<\/p>\n\n\n\n<p><strong>Gobierno que invisibiliza <\/strong><\/p>\n\n\n\n<p>\u201cEl Gobierno de la Provincia de C\u00f3rdoba precariza al extremo las condiciones de trabajo, con un salario que es casi diez veces menor que el valor de un Salario M\u00ednimo, vital y m\u00f3vil en nuestro pa\u00eds. Invisibiliza el car\u00e1cter de trabajadoras, ya que no las nombran como tales ni les reconoce derecho laboral alguno, ni siquiera licencia por maternidad. Sin embargo, de forma sistem\u00e1tica, les deposita el salario en sus cuentas bancarias y les otorga la Obra Social APROSS, en la que tambi\u00e9n las trabajadoras hacen su aporte con la intermediaci\u00f3n de los municipios. Y establece condiciones desiguales entre las propias trabajadoras, ya que, en el caso del PAICOR, algunas tambi\u00e9n deben cocinar y limpiar la vajilla, no solo repartir viandas\u201d, se\u00f1ala el petitorio presentado el mes de julio en \u201cEl Panal\u201d.<\/p>\n\n\n\n<p>\u201cSolicitamos el apoyo de toda la comunidad educativa, para las m\u00e1s de 6.000 trabajadoras que en toda la provincia brindan un plato de comida, contenci\u00f3n y asistencia a los ni\u00f1os y ni\u00f1as\u201d, concluy\u00f3 Mar\u00eda Sosa.<\/p>\n","protected":false},"excerpt":{"rendered":"<p>La referente de las Trabajadoras del PAICOR y Auxiliares Escolares de R\u00edo Tercero y Secretaria de Cultura de la CTA Aut\u00f3noma de la provincia de C\u00f3rdoba, Mar\u00eda Sosa, expres\u00f3 que el Gobierno Provincial sigue sin dar respuestas positivas a las demandas de mejoras salariales y laborales planteadas desde un colectivo absolutamente precarizado. \u201cCuando la clase [&hellip;]<\/p>\n","protected":false},"author":7,"featured_media":34205,"comment_status":"open","ping_status":"open","sticky":false,"template":"","format":"standard","meta":{"_exactmetrics_skip_tracking":false,"_exactmetrics_sitenote_active":false,"_exactmetrics_sitenote_note":"","_exactmetrics_sitenote_category":0,"jnews-multi-image_gallery":[],"jnews_single_post":{"subtitle":"\u201cCuando la clase obrera sale a la calle es porque algo la patronal no est\u00e1 haciendo bien.\u00a0Y m\u00e1s cuando sus trabajadores son precarizados del Estado Provincial\u201d, indic\u00f3 Mar\u00eda Sosa, referente del sector.","format":"standard","video":"","gallery":"","source_name":"","source_url":"","via_name":"","via_url":"","override_template":"0","override":[{"template":"1","single_blog_custom":"","parallax":"1","fullscreen":"1","layout":"right-sidebar","sidebar":"default-sidebar","second_sidebar":"default-sidebar","sticky_sidebar":"1","share_position":"top","share_float_style":"share-monocrhome","show_share_counter":"1","show_view_counter":"1","show_featured":"1","show_post_meta":"1","show_post_author":"1","show_post_author_image":"1","show_post_date":"1","post_date_format":"default","post_date_format_custom":"Y\/m\/d","show_post_category":"1","show_post_reading_time":"0","post_reading_time_wpm":"300","show_zoom_button":"0","zoom_button_out_step":"2","zoom_button_in_step":"3","show_post_tag":"1","show_prev_next_post":"1","show_popup_post":"1","number_popup_post":"1","show_author_box":"0","show_post_related":"0","show_inline_post_related":"0"}],"override_image_size":"0","image_override":[{"single_post_thumbnail_size":"crop-500","single_post_gallery_size":"crop-500"}],"trending_post":"0","trending_post_position":"meta","trending_post_label":"Trending","sponsored_post":"0","sponsored_post_label":"Sponsored by","sponsored_post_name":"","sponsored_post_url":"","sponsored_post_logo_enable":"0","sponsored_post_logo":"","sponsored_post_desc":"","disable_ad":"0"},"jnews_primary_category":{"id":""},"jnews_social_meta":{"fb_title":"","fb_description":"","fb_image":"","twitter_title":"","twitter_description":"","twitter_image":""},"jnews_review":[],"enable_review":"0","type":"percentage","name":"","summary":"","brand":"","sku":"","good":[{"good_text":""}],"bad":[{"bad_text":""}],"score_override":"","override_value":"","rating":[{"rating_text":"","rating_number":"10"}],"price":[{"shop":"","price":"","link":"","icon":""}],"jnews_override_counter":{"override_view_counter":"0","view_counter_number":"0","override_share_counter":"0","share_counter_number":"0","override_like_counter":"0","like_counter_number":"0","override_dislike_counter":"0","dislike_counter_number":"0"},"jnews_post_split":{"enable_post_split":"0","post_split":[{"template":"1","tag":"h2","numbering":"asc","mode":"normal","first":"0","enable_toc":"0","toc_type":"normal"}]},"footnotes":""},"categories":[92,8],"tags":[1157],"class_list":["post-34204","post","type-post","status-publish","format-standard","has-post-thumbnail","hentry","category-cta","category-provinciales","tag-auxiliares-paicor"],"jetpack_featured_media_url":"https:\/\/atecordoba.org\/wp-content\/uploads\/2022\/10\/auxiliares-e1665771606317.jpg","_links":{"self":[{"href":"https:\/\/atecordoba.org\/index.php?rest_route=\/wp\/v2\/posts\/34204","targetHints":{"allow":["GET"]}}],"collection":[{"href":"https:\/\/atecordoba.org\/index.php?rest_route=\/wp\/v2\/posts"}],"about":[{"href":"https:\/\/atecordoba.org\/index.php?rest_route=\/wp\/v2\/types\/post"}],"author":[{"embeddable":true,"href":"https:\/\/atecordoba.org\/index.php?rest_route=\/wp\/v2\/users\/7"}],"replies":[{"embeddable":true,"href":"https:\/\/atecordoba.org\/index.php?rest_route=%2Fwp%2Fv2%2Fcomments&post=34204"}],"version-history":[{"count":1,"href":"https:\/\/atecordoba.org\/index.php?rest_route=\/wp\/v2\/posts\/34204\/revisions"}],"predecessor-version":[{"id":34207,"href":"https:\/\/atecordoba.org\/index.php?rest_route=\/wp\/v2\/posts\/34204\/revisions\/34207"}],"wp:featuredmedia":[{"embeddable":true,"href":"https:\/\/atecordoba.org\/index.php?rest_route=\/wp\/v2\/media\/34205"}],"wp:attachment":[{"href":"https:\/\/atecordoba.org\/index.php?rest_route=%2Fwp%2Fv2%2Fmedia&parent=34204"}],"wp:term":[{"taxonomy":"category","embeddable":true,"href":"https:\/\/atecordoba.org\/index.php?rest_route=%2Fwp%2Fv2%2Fcategories&post=34204"},{"taxonomy":"post_tag","embeddable":true,"href":"https:\/\/atecordoba.org\/index.php?rest_route=%2Fwp%2Fv2%2Ftags&post=34204"}],"curies":[{"name":"wp","href":"https:\/\/api.w.org\/{rel}","templated":true}]}}