{"id":34183,"date":"2022-10-14T12:30:01","date_gmt":"2022-10-14T15:30:01","guid":{"rendered":"https:\/\/atecordoba.org\/?p=34183"},"modified":"2022-10-18T20:17:03","modified_gmt":"2022-10-18T23:17:03","slug":"paritaria-en-rio-primero-alcanza-una-pauta-del-salarial-90","status":"publish","type":"post","link":"https:\/\/atecordoba.org\/?p=34183","title":{"rendered":"Paritaria en R\u00edo Primero alcanza una pauta salarial del 90%"},"content":{"rendered":"\n<div class=\"wp-block-image\"><figure class=\"alignleft size-large is-resized\"><img loading=\"lazy\" decoding=\"async\" src=\"https:\/\/atecordoba.org\/wp-content\/uploads\/2022\/10\/WhatsApp-Image-2022-10-14-at-11.44.49-1-819x1024.jpeg\" alt=\"\" class=\"wp-image-34184\" width=\"227\" height=\"284\" srcset=\"https:\/\/atecordoba.org\/wp-content\/uploads\/2022\/10\/WhatsApp-Image-2022-10-14-at-11.44.49-1-819x1024.jpeg 819w, https:\/\/atecordoba.org\/wp-content\/uploads\/2022\/10\/WhatsApp-Image-2022-10-14-at-11.44.49-1-240x300.jpeg 240w, https:\/\/atecordoba.org\/wp-content\/uploads\/2022\/10\/WhatsApp-Image-2022-10-14-at-11.44.49-1-768x960.jpeg 768w, https:\/\/atecordoba.org\/wp-content\/uploads\/2022\/10\/WhatsApp-Image-2022-10-14-at-11.44.49-1-750x938.jpeg 750w, https:\/\/atecordoba.org\/wp-content\/uploads\/2022\/10\/WhatsApp-Image-2022-10-14-at-11.44.49-1.jpeg 900w\" sizes=\"auto, (max-width: 227px) 100vw, 227px\" \/><\/figure><\/div>\n\n\n\n<p>La inserci\u00f3n de ATE en la Municipalidad de R\u00edo Primero ya alcanz\u00f3 resultados con la firma de la primera paritaria del a\u00f1o a partir de un acuerdo salarial que hoy se firm\u00f3 con la intendenta Ana Cristina Cravero. <\/p>\n\n\n\n<p>En la oportunidad estuvieron el secretario General de ATE C\u00f3rdoba, Federico Giuliani, junto al secretario General de la CTAA C\u00f3rdoba cApital, jorge Chalup, y el cuerpo de delegados de ATE en la localidad, integrado por Pamela Guti\u00e9rrez y Jos\u00e9 Baigorria.<\/p>\n\n\n\n<p>&#8220;Cerramos un acuerdo salarial del 89% anual con revisi\u00f3n en diciembre. Somos Lucha y Gesti\u00f3n. Ate recorre y crece. Vamos caminando&#8221;, celebr\u00f3 Giuliani a la salida de la reuni\u00f3n.<\/p>\n\n\n\n<p>En concreto, la paritaria suma un 20% no remunerativo a lo otorgado anteriormente, que se cobrar\u00e1 con los salarios de octubre. Adem\u00e1s, el Ejecutivo traspasar\u00e1 un 10% no remunerativo al b\u00e1sico, que tendr\u00e1 as\u00ed impacto en todos los \u00edtems salariales. <\/p>\n\n\n\n<p>Baigorria explic\u00f3 en la negociaci\u00f3n &#8220;se mejor\u00f3 la propuesta del Ejecutivo que inicialmente fue del 15%, quedando  abierta a una futura reuni\u00f3n el 7 de diciembre para completar el tramo anual en funci\u00f3n de c\u00f3mo est\u00e9n los n\u00fameros de la inflaci\u00f3n&#8221;. <\/p>\n\n\n\n<div class=\"wp-block-image\"><figure class=\"aligncenter size-large is-resized\"><img loading=\"lazy\" decoding=\"async\" src=\"https:\/\/atecordoba.org\/wp-content\/uploads\/2022\/10\/image-1024x576.png\" alt=\"\" class=\"wp-image-34232\" width=\"752\" height=\"423\" srcset=\"https:\/\/atecordoba.org\/wp-content\/uploads\/2022\/10\/image-1024x576.png 1024w, https:\/\/atecordoba.org\/wp-content\/uploads\/2022\/10\/image-300x169.png 300w, https:\/\/atecordoba.org\/wp-content\/uploads\/2022\/10\/image-768x432.png 768w, https:\/\/atecordoba.org\/wp-content\/uploads\/2022\/10\/image-1536x864.png 1536w, https:\/\/atecordoba.org\/wp-content\/uploads\/2022\/10\/image-750x422.png 750w, https:\/\/atecordoba.org\/wp-content\/uploads\/2022\/10\/image-1140x641.png 1140w, https:\/\/atecordoba.org\/wp-content\/uploads\/2022\/10\/image.png 1600w\" sizes=\"auto, (max-width: 752px) 100vw, 752px\" \/><figcaption>Las autoridades de ATE junto al Secretario de Gobierno de la Municipalidad de R\u00edo Primero, Ramiro S\u00e1nchez, en la mesa de discusi\u00f3n paritaria de la localidad.<\/figcaption><\/figure><\/div>\n\n\n\n<p>El dirigente adelant\u00f3 tambi\u00e9n que actualmente las y los municipales de R\u00edo Primero est\u00e1n cobrando un 40% de salario como no remunerativo y que en la paritaria se acord\u00f3 traspasarlo al b\u00e1sico de manera escalonada entre enero y marzo del a\u00f1o que viene. &#8220;Adem\u00e1s se conform\u00f3 una mesa de relaciones laborales que est\u00e1 convocada en su primera reuni\u00f3n para el 25 de noviembre&#8221;, concluy\u00f3 el delegado.  <\/p>\n\n\n\n<p>De esta forma, ATE contin\u00faa consolidando el crecimiento organizativo entre los municipales del interior provincial.<\/p>\n\n\n\n<figure class=\"wp-block-gallery has-nested-images columns-default is-cropped wp-block-gallery-1 is-layout-flex wp-block-gallery-is-layout-flex\">\n<figure class=\"wp-block-image size-large\"><a href=\"https:\/\/atecordoba.org\/wp-content\/uploads\/2022\/10\/WhatsApp-Image-2022-10-14-at-11.44.50.jpeg\" target=\"_blank\" rel=\"noopener\"><img loading=\"lazy\" decoding=\"async\" width=\"819\" height=\"1024\" data-id=\"34186\" src=\"https:\/\/atecordoba.org\/wp-content\/uploads\/2022\/10\/WhatsApp-Image-2022-10-14-at-11.44.50-819x1024.jpeg\" alt=\"\" class=\"wp-image-34186\" srcset=\"https:\/\/atecordoba.org\/wp-content\/uploads\/2022\/10\/WhatsApp-Image-2022-10-14-at-11.44.50-819x1024.jpeg 819w, https:\/\/atecordoba.org\/wp-content\/uploads\/2022\/10\/WhatsApp-Image-2022-10-14-at-11.44.50-240x300.jpeg 240w, https:\/\/atecordoba.org\/wp-content\/uploads\/2022\/10\/WhatsApp-Image-2022-10-14-at-11.44.50-768x960.jpeg 768w, https:\/\/atecordoba.org\/wp-content\/uploads\/2022\/10\/WhatsApp-Image-2022-10-14-at-11.44.50-750x938.jpeg 750w, https:\/\/atecordoba.org\/wp-content\/uploads\/2022\/10\/WhatsApp-Image-2022-10-14-at-11.44.50.jpeg 900w\" sizes=\"auto, (max-width: 819px) 100vw, 819px\" \/><\/a><\/figure>\n\n\n\n<figure class=\"wp-block-image size-large\"><a href=\"https:\/\/atecordoba.org\/wp-content\/uploads\/2022\/10\/WhatsApp-Image-2022-10-14-at-11.44.47-1.jpeg\" target=\"_blank\" rel=\"noopener\"><img loading=\"lazy\" decoding=\"async\" width=\"819\" height=\"1024\" data-id=\"34187\" src=\"https:\/\/atecordoba.org\/wp-content\/uploads\/2022\/10\/WhatsApp-Image-2022-10-14-at-11.44.47-1-819x1024.jpeg\" alt=\"\" class=\"wp-image-34187\" srcset=\"https:\/\/atecordoba.org\/wp-content\/uploads\/2022\/10\/WhatsApp-Image-2022-10-14-at-11.44.47-1-819x1024.jpeg 819w, https:\/\/atecordoba.org\/wp-content\/uploads\/2022\/10\/WhatsApp-Image-2022-10-14-at-11.44.47-1-240x300.jpeg 240w, https:\/\/atecordoba.org\/wp-content\/uploads\/2022\/10\/WhatsApp-Image-2022-10-14-at-11.44.47-1-768x960.jpeg 768w, https:\/\/atecordoba.org\/wp-content\/uploads\/2022\/10\/WhatsApp-Image-2022-10-14-at-11.44.47-1-750x938.jpeg 750w, https:\/\/atecordoba.org\/wp-content\/uploads\/2022\/10\/WhatsApp-Image-2022-10-14-at-11.44.47-1.jpeg 900w\" sizes=\"auto, (max-width: 819px) 100vw, 819px\" \/><\/a><\/figure>\n\n\n\n<figure class=\"wp-block-image size-large\"><a href=\"https:\/\/atecordoba.org\/wp-content\/uploads\/2022\/10\/WhatsApp-Image-2022-10-14-at-11.44.48-1.jpeg\" target=\"_blank\" rel=\"noopener\"><img loading=\"lazy\" decoding=\"async\" width=\"819\" height=\"1024\" data-id=\"34188\" src=\"https:\/\/atecordoba.org\/wp-content\/uploads\/2022\/10\/WhatsApp-Image-2022-10-14-at-11.44.48-1-819x1024.jpeg\" alt=\"\" class=\"wp-image-34188\" srcset=\"https:\/\/atecordoba.org\/wp-content\/uploads\/2022\/10\/WhatsApp-Image-2022-10-14-at-11.44.48-1-819x1024.jpeg 819w, https:\/\/atecordoba.org\/wp-content\/uploads\/2022\/10\/WhatsApp-Image-2022-10-14-at-11.44.48-1-240x300.jpeg 240w, https:\/\/atecordoba.org\/wp-content\/uploads\/2022\/10\/WhatsApp-Image-2022-10-14-at-11.44.48-1-768x960.jpeg 768w, https:\/\/atecordoba.org\/wp-content\/uploads\/2022\/10\/WhatsApp-Image-2022-10-14-at-11.44.48-1-750x938.jpeg 750w, https:\/\/atecordoba.org\/wp-content\/uploads\/2022\/10\/WhatsApp-Image-2022-10-14-at-11.44.48-1.jpeg 900w\" sizes=\"auto, (max-width: 819px) 100vw, 819px\" \/><\/a><\/figure>\n\n\n\n<figure class=\"wp-block-image size-large\"><a href=\"https:\/\/atecordoba.org\/wp-content\/uploads\/2022\/10\/WhatsApp-Image-2022-10-14-at-11.44.48-2.jpeg\" target=\"_blank\" rel=\"noopener\"><img loading=\"lazy\" decoding=\"async\" width=\"819\" height=\"1024\" data-id=\"34192\" src=\"https:\/\/atecordoba.org\/wp-content\/uploads\/2022\/10\/WhatsApp-Image-2022-10-14-at-11.44.48-2-819x1024.jpeg\" alt=\"\" class=\"wp-image-34192\" srcset=\"https:\/\/atecordoba.org\/wp-content\/uploads\/2022\/10\/WhatsApp-Image-2022-10-14-at-11.44.48-2-819x1024.jpeg 819w, https:\/\/atecordoba.org\/wp-content\/uploads\/2022\/10\/WhatsApp-Image-2022-10-14-at-11.44.48-2-240x300.jpeg 240w, https:\/\/atecordoba.org\/wp-content\/uploads\/2022\/10\/WhatsApp-Image-2022-10-14-at-11.44.48-2-768x960.jpeg 768w, https:\/\/atecordoba.org\/wp-content\/uploads\/2022\/10\/WhatsApp-Image-2022-10-14-at-11.44.48-2-750x938.jpeg 750w, https:\/\/atecordoba.org\/wp-content\/uploads\/2022\/10\/WhatsApp-Image-2022-10-14-at-11.44.48-2.jpeg 900w\" sizes=\"auto, (max-width: 819px) 100vw, 819px\" \/><\/a><\/figure>\n\n\n\n<figure class=\"wp-block-image size-large\"><a href=\"https:\/\/atecordoba.org\/wp-content\/uploads\/2022\/10\/WhatsApp-Image-2022-10-14-at-11.44.48.jpeg\" target=\"_blank\" rel=\"noopener\"><img loading=\"lazy\" decoding=\"async\" width=\"819\" height=\"1024\" data-id=\"34190\" src=\"https:\/\/atecordoba.org\/wp-content\/uploads\/2022\/10\/WhatsApp-Image-2022-10-14-at-11.44.48-819x1024.jpeg\" alt=\"\" class=\"wp-image-34190\" srcset=\"https:\/\/atecordoba.org\/wp-content\/uploads\/2022\/10\/WhatsApp-Image-2022-10-14-at-11.44.48-819x1024.jpeg 819w, https:\/\/atecordoba.org\/wp-content\/uploads\/2022\/10\/WhatsApp-Image-2022-10-14-at-11.44.48-240x300.jpeg 240w, https:\/\/atecordoba.org\/wp-content\/uploads\/2022\/10\/WhatsApp-Image-2022-10-14-at-11.44.48-768x960.jpeg 768w, https:\/\/atecordoba.org\/wp-content\/uploads\/2022\/10\/WhatsApp-Image-2022-10-14-at-11.44.48-750x938.jpeg 750w, https:\/\/atecordoba.org\/wp-content\/uploads\/2022\/10\/WhatsApp-Image-2022-10-14-at-11.44.48.jpeg 900w\" sizes=\"auto, (max-width: 819px) 100vw, 819px\" \/><\/a><\/figure>\n<\/figure>\n\n\n\n<p><\/p>\n","protected":false},"excerpt":{"rendered":"<p>La inserci\u00f3n de ATE en la Municipalidad de R\u00edo Primero ya alcanz\u00f3 resultados con la firma de la primera paritaria del a\u00f1o a partir de un acuerdo salarial que hoy se firm\u00f3 con la intendenta Ana Cristina Cravero. En la oportunidad estuvieron el secretario General de ATE C\u00f3rdoba, Federico Giuliani, junto al secretario General de [&hellip;]<\/p>\n","protected":false},"author":7,"featured_media":34196,"comment_status":"open","ping_status":"open","sticky":false,"template":"","format":"standard","meta":{"_exactmetrics_skip_tracking":false,"_exactmetrics_sitenote_active":false,"_exactmetrics_sitenote_note":"","_exactmetrics_sitenote_category":0,"jnews-multi-image_gallery":[],"jnews_single_post":{"subtitle":"El acuerdo incluye un proceso de blanqueo de los items no remunerativos, para llegar a marzo de 2023 con la totalidad del salario en blanco. El secretario General de ATE C\u00f3rdoba estuvo en la reuni\u00f3n apoyando a nuestros delegados en este primer a\u00f1o de paritarias en la localidad. Adem\u00e1s se conform\u00f3 una mesa permanente de relaciones laborales.","format":"standard","video":"","gallery":"","source_name":"","source_url":"","via_name":"","via_url":"","override_template":"0","override":[{"template":"1","single_blog_custom":"","parallax":"1","fullscreen":"1","layout":"right-sidebar","sidebar":"default-sidebar","second_sidebar":"default-sidebar","sticky_sidebar":"1","share_position":"top","share_float_style":"share-monocrhome","show_share_counter":"1","show_view_counter":"1","show_featured":"1","show_post_meta":"1","show_post_author":"1","show_post_author_image":"1","show_post_date":"1","post_date_format":"default","post_date_format_custom":"Y\/m\/d","show_post_category":"1","show_post_reading_time":"0","post_reading_time_wpm":"300","show_zoom_button":"0","zoom_button_out_step":"2","zoom_button_in_step":"3","show_post_tag":"1","show_prev_next_post":"1","show_popup_post":"1","number_popup_post":"1","show_author_box":"0","show_post_related":"0","show_inline_post_related":"0"}],"override_image_size":"0","image_override":[{"single_post_thumbnail_size":"crop-500","single_post_gallery_size":"crop-500"}],"trending_post":"0","trending_post_position":"meta","trending_post_label":"Trending","sponsored_post":"0","sponsored_post_label":"Sponsored by","sponsored_post_name":"","sponsored_post_url":"","sponsored_post_logo_enable":"0","sponsored_post_logo":"","sponsored_post_desc":"","disable_ad":"0"},"jnews_primary_category":{"id":""},"jnews_social_meta":{"fb_title":"","fb_description":"","fb_image":"","twitter_title":"","twitter_description":"","twitter_image":""},"jnews_review":[],"enable_review":"0","type":"percentage","name":"","summary":"","brand":"","sku":"","good":[{"good_text":""}],"bad":[{"bad_text":""}],"score_override":"","override_value":"","rating":[{"rating_text":"","rating_number":"10"}],"price":[{"shop":"","price":"","link":"","icon":""}],"jnews_override_counter":{"override_view_counter":"0","view_counter_number":"0","override_share_counter":"0","share_counter_number":"0","override_like_counter":"0","like_counter_number":"0","override_dislike_counter":"0","dislike_counter_number":"0"},"jnews_post_split":{"enable_post_split":"0","post_split":[{"template":"1","tag":"h2","numbering":"asc","mode":"normal","first":"0","enable_toc":"0","toc_type":"normal"}]},"footnotes":""},"categories":[20],"tags":[383,1110],"class_list":["post-34183","post","type-post","status-publish","format-standard","has-post-thumbnail","hentry","category-municipales","tag-paritarias","tag-rio-primero"],"jetpack_featured_media_url":"https:\/\/atecordoba.org\/wp-content\/uploads\/2022\/10\/WhatsApp-Image-2022-10-14-at-14.26.58-e1665768502640.jpeg","_links":{"self":[{"href":"https:\/\/atecordoba.org\/index.php?rest_route=\/wp\/v2\/posts\/34183","targetHints":{"allow":["GET"]}}],"collection":[{"href":"https:\/\/atecordoba.org\/index.php?rest_route=\/wp\/v2\/posts"}],"about":[{"href":"https:\/\/atecordoba.org\/index.php?rest_route=\/wp\/v2\/types\/post"}],"author":[{"embeddable":true,"href":"https:\/\/atecordoba.org\/index.php?rest_route=\/wp\/v2\/users\/7"}],"replies":[{"embeddable":true,"href":"https:\/\/atecordoba.org\/index.php?rest_route=%2Fwp%2Fv2%2Fcomments&post=34183"}],"version-history":[{"count":3,"href":"https:\/\/atecordoba.org\/index.php?rest_route=\/wp\/v2\/posts\/34183\/revisions"}],"predecessor-version":[{"id":34234,"href":"https:\/\/atecordoba.org\/index.php?rest_route=\/wp\/v2\/posts\/34183\/revisions\/34234"}],"wp:featuredmedia":[{"embeddable":true,"href":"https:\/\/atecordoba.org\/index.php?rest_route=\/wp\/v2\/media\/34196"}],"wp:attachment":[{"href":"https:\/\/atecordoba.org\/index.php?rest_route=%2Fwp%2Fv2%2Fmedia&parent=34183"}],"wp:term":[{"taxonomy":"category","embeddable":true,"href":"https:\/\/atecordoba.org\/index.php?rest_route=%2Fwp%2Fv2%2Fcategories&post=34183"},{"taxonomy":"post_tag","embeddable":true,"href":"https:\/\/atecordoba.org\/index.php?rest_route=%2Fwp%2Fv2%2Ftags&post=34183"}],"curies":[{"name":"wp","href":"https:\/\/api.w.org\/{rel}","templated":true}]}}