{"id":3417,"date":"2013-10-10T19:33:26","date_gmt":"2013-10-10T22:33:26","guid":{"rendered":"http:\/\/www.atecordoba.org\/?p=3417"},"modified":"2013-10-10T19:33:26","modified_gmt":"2013-10-10T22:33:26","slug":"se-viene-el-plenario-de-municipales-de-ate-region-centro","status":"publish","type":"post","link":"https:\/\/atecordoba.org\/?p=3417","title":{"rendered":"Se viene el plenario de municipales de ATE Regi\u00f3n Centro"},"content":{"rendered":"<p><em>El encuentro tendr\u00e1 lugar en Villa Mar\u00eda y contar\u00e1 con la participaci\u00f3n de compa\u00f1eros de C\u00f3rdoba, Santa Fe, Entre R\u00edos y San Luis, que integran la Regi\u00f3n Centro, conforme la organizaci\u00f3n territorial nacional. Adem\u00e1s se esperan compa\u00f1eros de otras provincias que aportar\u00e1n su experiencia. Estar\u00e1 presente nuestra conducci\u00f3n nacional.<\/em><\/p>\n<figure id=\"attachment_3418\" aria-describedby=\"caption-attachment-3418\" style=\"width: 605px\" class=\"wp-caption aligncenter\"><a href=\"http:\/\/www.atecordoba.org\/wp-content\/uploads\/2013\/10\/IMG_0482.jpg\"><img loading=\"lazy\" decoding=\"async\" alt=\"IMG_0482\" height=\"454\" src=\"http:\/\/www.atecordoba.org\/wp-content\/uploads\/2013\/10\/IMG_0482.jpg\" width=\"605\" class=\" wp-image-3418\"><\/a><figcaption id=\"caption-attachment-3418\" class=\"wp-caption-text\">Trabajadores afiliados de la municipalidad de Cruz del Eje<\/figcaption><\/figure>\n<p>Est\u00e1 prevista la participaci\u00f3n de 150 compa\u00f1eros en el Primer Plenario de Trabajadores Municipales de la Regi\u00f3n Centro, a realizarse el mi\u00e9rcoles 16 de octubre en Villa Mar\u00eda.<\/p>\n<p>En la oportunidad participar\u00e1n compa\u00f1eros de Santa Fe, San Luis y entre R\u00edos, que junto a C\u00f3rdoba componen la Regi\u00f3n Centro. El compa\u00f1ero Walter Secondino, secretario General de la seccional Villa Mar\u00eda, abrir\u00e1 las sesiones, que se llevar\u00e1n a cabo en la sede de ATE de aquella ciudad. Adem\u00e1s est\u00e1 presente el secretariado del Concejo Directivo Provincial (CDP), encabezado por nuestra secretaria General, Mar\u00eda Teresa Romero, conjuntamente con las m\u00e1ximas autoridades de ATE a nivel nacional: el secretario General, Julio Fuentes, y el Adjunto, Hugo Godoy.<\/p>\n<p>Tambi\u00e9n comprometieron su presencia compa\u00f1eros de otras provincias, como&nbsp;Buenos Aires, Mendoza, Salta, La Rioja, Jujuy, Tucum\u00e1n y Santiago del Estero.<\/p>\n<p>&#8220;El encuentro tiene como perspectiva recabar las distintas realidades de los municipales de cada provincia participante en t\u00e9rminos de: salario, condiciones de trabajo y estabilidad laboral, profundizando lo que tiene que ver con la explotaci\u00f3n de compa\u00f1eros que toman los municipios, sea como contratados o como no registrados, donde se cuenta con mucho trabajo en negro y esclavizado&#8221;, explic\u00f3 Luis Barcena, secretario de Interior del CDP.<\/p>\n<p>El dirigente inform\u00f3 que habr\u00e1 presencia de los compa\u00f1eros de la provincia de C\u00f3rdoba de Quilino, De\u00e1n Funes, Chu\u00f1a, Copacabana, Villa de Soto, San Marcos Sierra, Cruz del Eje, Chacho, Salsipuedes, Jes\u00fas Mar\u00eda, Mi Granja, Villa Allende, Ju\u00e1rez Celman, Unquillo, R\u00edo Segundo, San Francisco, Laguna Larga y R\u00edo Ceballos, junto a Villa mar\u00eda, T\u00edo Pujio y Las Perdices. Tambi\u00e9n &nbsp;estar\u00e1n presentes compa\u00f1eros del ente municipal de R\u00edo Cuarto,&nbsp;Achiras, Chucul, Gigena, Alpa Corral, R\u00edo de los Sauces, Villa Valeria, Villa Huidobro, Huanchilla, Charras y La Carlota, conjuntamente con los compa\u00f1eros de San Agust\u00edn y Almafuerte.<\/p>\n<p>&nbsp;<\/p>\n<p>&nbsp;<\/p>\n","protected":false},"excerpt":{"rendered":"<p>El encuentro tendr\u00e1 lugar en Villa Mar\u00eda y contar\u00e1 con la participaci\u00f3n de compa\u00f1eros de C\u00f3rdoba, Santa Fe, Entre R\u00edos y San Luis, que integran la Regi\u00f3n Centro, conforme la organizaci\u00f3n territorial nacional. Adem\u00e1s se esperan compa\u00f1eros de otras provincias que aportar\u00e1n su experiencia. Estar\u00e1 presente nuestra conducci\u00f3n nacional. Est\u00e1 prevista la participaci\u00f3n de 150 [&hellip;]<\/p>\n","protected":false},"author":1,"featured_media":19220,"comment_status":"open","ping_status":"open","sticky":false,"template":"","format":"standard","meta":{"_exactmetrics_skip_tracking":false,"_exactmetrics_sitenote_active":false,"_exactmetrics_sitenote_note":"","_exactmetrics_sitenote_category":0,"jnews-multi-image_gallery":[],"jnews_single_post":[],"jnews_primary_category":[],"jnews_social_meta":[],"jnews_review":[],"enable_review":"","type":"","name":"","summary":"","brand":"","sku":"","good":[],"bad":[],"score_override":"","override_value":"","rating":[],"price":[],"jnews_override_counter":[],"jnews_post_split":[],"footnotes":""},"categories":[20],"tags":[],"class_list":["post-3417","post","type-post","status-publish","format-standard","has-post-thumbnail","hentry","category-municipales"],"jetpack_featured_media_url":"https:\/\/atecordoba.org\/wp-content\/uploads\/2020\/05\/logo-nuevochico-e1561581322808.png","_links":{"self":[{"href":"https:\/\/atecordoba.org\/index.php?rest_route=\/wp\/v2\/posts\/3417","targetHints":{"allow":["GET"]}}],"collection":[{"href":"https:\/\/atecordoba.org\/index.php?rest_route=\/wp\/v2\/posts"}],"about":[{"href":"https:\/\/atecordoba.org\/index.php?rest_route=\/wp\/v2\/types\/post"}],"author":[{"embeddable":true,"href":"https:\/\/atecordoba.org\/index.php?rest_route=\/wp\/v2\/users\/1"}],"replies":[{"embeddable":true,"href":"https:\/\/atecordoba.org\/index.php?rest_route=%2Fwp%2Fv2%2Fcomments&post=3417"}],"version-history":[{"count":0,"href":"https:\/\/atecordoba.org\/index.php?rest_route=\/wp\/v2\/posts\/3417\/revisions"}],"wp:featuredmedia":[{"embeddable":true,"href":"https:\/\/atecordoba.org\/index.php?rest_route=\/wp\/v2\/media\/19220"}],"wp:attachment":[{"href":"https:\/\/atecordoba.org\/index.php?rest_route=%2Fwp%2Fv2%2Fmedia&parent=3417"}],"wp:term":[{"taxonomy":"category","embeddable":true,"href":"https:\/\/atecordoba.org\/index.php?rest_route=%2Fwp%2Fv2%2Fcategories&post=3417"},{"taxonomy":"post_tag","embeddable":true,"href":"https:\/\/atecordoba.org\/index.php?rest_route=%2Fwp%2Fv2%2Ftags&post=3417"}],"curies":[{"name":"wp","href":"https:\/\/api.w.org\/{rel}","templated":true}]}}