{"id":34167,"date":"2022-10-13T12:55:51","date_gmt":"2022-10-13T15:55:51","guid":{"rendered":"https:\/\/atecordoba.org\/?p=34167"},"modified":"2022-10-13T12:56:01","modified_gmt":"2022-10-13T15:56:01","slug":"resuena-en-la-legislatura-la-denuncia-de-la-asamblea-de-senaf-sobre-gravisimos-casos-que-sufren-las-juventudes-a-cargo-del-organismo","status":"publish","type":"post","link":"https:\/\/atecordoba.org\/?p=34167","title":{"rendered":"Resuena en la Legislatura la denuncia de la asamblea de SENAF sobre grav\u00edsimos casos que sufren las juventudes a cargo del organismo"},"content":{"rendered":"\n<div class=\"wp-block-image\"><figure class=\"aligncenter size-full\"><img loading=\"lazy\" decoding=\"async\" width=\"693\" height=\"202\" src=\"https:\/\/atecordoba.org\/wp-content\/uploads\/2022\/10\/aguerolegislatura.png\" alt=\"\" class=\"wp-image-34168\" srcset=\"https:\/\/atecordoba.org\/wp-content\/uploads\/2022\/10\/aguerolegislatura.png 693w, https:\/\/atecordoba.org\/wp-content\/uploads\/2022\/10\/aguerolegislatura-300x87.png 300w\" sizes=\"auto, (max-width: 693px) 100vw, 693px\" \/><\/figure><\/div>\n\n\n\n<p>Se extienden a la Legislatura las denuncias referidas a los sufrimientos que impone a las juventudes destinadas al cuidado de la Secretar\u00eda de Ni\u00f1ez, Adolescencia y Familia (SENAF). <\/p>\n\n\n\n<p>Despu\u00e9s que la semana pasada <a href=\"https:\/\/atecordoba.org\/?p=34119\">la asamblea de trabajadores y trabajadoras <\/a>del organismo denunciara la muerte por ahorcamiento de una adolescente de 15 a\u00f1os con una s\u00e1bana que la ten\u00eda sujeta, a partir de una presunta crisis que habr\u00eda sufrido la joven, el abuso a una ni\u00f1a de 7 a\u00f1os de parte del responsable de la Fundaci\u00f3n Punto y Aparte, una de las instituciones que est\u00e1 tercerizando la cobertura asistencial de la SENAF, y que \u00a0un adolescente estuvo privado de libertad durante un mes en el Complejo Esperanza sin causa, sin orden de un juez. Ni siquiera fue registrado formalmente en su ingreso ni en su egreso, la legisladora Noelia Ag\u00fcero, del bloque Izquierda Socialista en el FIT Unidad, realiz\u00f3 un pedido de informes a los funcionarios de la SENAF en la sesi\u00f3n ordinaria del cuerpo legislativo realizada ayer. <\/p>\n\n\n\n<p>&#8220;Exigimos celeridad en las respuestas a los pedidos de informes y una verdadera intervenci\u00f3n para terminar con la desprotecci\u00f3n y vulneraci\u00f3n de derechos a nuestras ni\u00f1eces y juventudes populares.\u00a0Desde Izquierda Socialista en el FIT-Unidad seguiremos acompa\u00f1ando las denuncias de la asamblea de Ni\u00f1ez, de lxs trabajadorxs de la SeNAF y las familias de acogimiento. Vamos a llegar hasta las \u00faltimas consecuencias para que todo salga a la luz y paguen los responsables materiales y pol\u00edticos de todas las vulneraciones y delitos contra la integridad de nuestrxs ni\u00f1xs y j\u00f3venes&#8221;, anunci\u00f3 Ag\u00fcero.<\/p>\n\n\n\n<p>La legisladora remarc\u00f3 que &#8220;hay una vulneraci\u00f3n absoluta de los derechos por parte del Estado, del gobierno, de los ministerio y funcionarios que tienen como tarea proteger esos derechos. Es su responsabilidad&#8221;.<\/p>\n\n\n\n<p>Y exigi\u00f3 una respuesta urgente debido a la gravedad de los casos denunciados. &#8220;Pareciera que el gobierno de Hacemos por C\u00f3rdoba tiene una animadversi\u00f3n para responder sobre estos temas&#8221;, acus\u00f3 Ag\u00fcero.<\/p>\n","protected":false},"excerpt":{"rendered":"<p>Se extienden a la Legislatura las denuncias referidas a los sufrimientos que impone a las juventudes destinadas al cuidado de la Secretar\u00eda de Ni\u00f1ez, Adolescencia y Familia (SENAF). Despu\u00e9s que la semana pasada la asamblea de trabajadores y trabajadoras del organismo denunciara la muerte por ahorcamiento de una adolescente de 15 a\u00f1os con una s\u00e1bana [&hellip;]<\/p>\n","protected":false},"author":7,"featured_media":34168,"comment_status":"open","ping_status":"open","sticky":false,"template":"","format":"standard","meta":{"_exactmetrics_skip_tracking":false,"_exactmetrics_sitenote_active":false,"_exactmetrics_sitenote_note":"","_exactmetrics_sitenote_category":0,"jnews-multi-image_gallery":[],"jnews_single_post":{"subtitle":"Una adolescente de 15 a\u00f1os muri\u00f3 por ahorcamiento con una sabana que utilizaron para sujetarla en el Hogar Milani, una familia sustituta denunci\u00f3 en el Polo de la Mujer el abuso de una ni\u00f1a de 7 a\u00f1os por parte del responsable de una fundaci\u00f3n (Punto y Aparte) que terceriza a la SENAF y un adolescente fue internado durante un mes en el Complejo Esperanza sin que se registre su ingreso. ","format":"standard","video":"","gallery":"","source_name":"","source_url":"","via_name":"","via_url":"","override_template":"0","override":[{"template":"1","single_blog_custom":"","parallax":"1","fullscreen":"1","layout":"right-sidebar","sidebar":"default-sidebar","second_sidebar":"default-sidebar","sticky_sidebar":"1","share_position":"top","share_float_style":"share-monocrhome","show_share_counter":"1","show_view_counter":"1","show_featured":"1","show_post_meta":"1","show_post_author":"1","show_post_author_image":"1","show_post_date":"1","post_date_format":"default","post_date_format_custom":"Y\/m\/d","show_post_category":"1","show_post_reading_time":"0","post_reading_time_wpm":"300","show_zoom_button":"0","zoom_button_out_step":"2","zoom_button_in_step":"3","show_post_tag":"1","show_prev_next_post":"1","show_popup_post":"1","number_popup_post":"1","show_author_box":"0","show_post_related":"0","show_inline_post_related":"0"}],"override_image_size":"0","image_override":[{"single_post_thumbnail_size":"crop-500","single_post_gallery_size":"crop-500"}],"trending_post":"0","trending_post_position":"meta","trending_post_label":"Trending","sponsored_post":"0","sponsored_post_label":"Sponsored by","sponsored_post_name":"","sponsored_post_url":"","sponsored_post_logo_enable":"0","sponsored_post_logo":"","sponsored_post_desc":"","disable_ad":"0"},"jnews_primary_category":{"id":""},"jnews_social_meta":{"fb_title":"","fb_description":"","fb_image":"","twitter_title":"","twitter_description":"","twitter_image":""},"jnews_review":[],"enable_review":"0","type":"percentage","name":"","summary":"","brand":"","sku":"","good":[{"good_text":""}],"bad":[{"bad_text":""}],"score_override":"","override_value":"","rating":[{"rating_text":"","rating_number":"10"}],"price":[{"shop":"","price":"","link":"","icon":""}],"jnews_override_counter":{"override_view_counter":"0","view_counter_number":"0","override_share_counter":"0","share_counter_number":"0","override_like_counter":"0","like_counter_number":"0","override_dislike_counter":"0","dislike_counter_number":"0"},"jnews_post_split":{"enable_post_split":"0","post_split":[{"template":"1","tag":"h2","numbering":"asc","mode":"normal","first":"0","enable_toc":"0","toc_type":"normal"}]},"footnotes":""},"categories":[8],"tags":[1245,1246,1248,457],"class_list":["post-34167","post","type-post","status-publish","format-standard","has-post-thumbnail","hentry","category-provinciales","tag-denuncia","tag-juventudes","tag-nineces","tag-senaf"],"jetpack_featured_media_url":"https:\/\/atecordoba.org\/wp-content\/uploads\/2022\/10\/aguerolegislatura.png","_links":{"self":[{"href":"https:\/\/atecordoba.org\/index.php?rest_route=\/wp\/v2\/posts\/34167","targetHints":{"allow":["GET"]}}],"collection":[{"href":"https:\/\/atecordoba.org\/index.php?rest_route=\/wp\/v2\/posts"}],"about":[{"href":"https:\/\/atecordoba.org\/index.php?rest_route=\/wp\/v2\/types\/post"}],"author":[{"embeddable":true,"href":"https:\/\/atecordoba.org\/index.php?rest_route=\/wp\/v2\/users\/7"}],"replies":[{"embeddable":true,"href":"https:\/\/atecordoba.org\/index.php?rest_route=%2Fwp%2Fv2%2Fcomments&post=34167"}],"version-history":[{"count":1,"href":"https:\/\/atecordoba.org\/index.php?rest_route=\/wp\/v2\/posts\/34167\/revisions"}],"predecessor-version":[{"id":34169,"href":"https:\/\/atecordoba.org\/index.php?rest_route=\/wp\/v2\/posts\/34167\/revisions\/34169"}],"wp:featuredmedia":[{"embeddable":true,"href":"https:\/\/atecordoba.org\/index.php?rest_route=\/wp\/v2\/media\/34168"}],"wp:attachment":[{"href":"https:\/\/atecordoba.org\/index.php?rest_route=%2Fwp%2Fv2%2Fmedia&parent=34167"}],"wp:term":[{"taxonomy":"category","embeddable":true,"href":"https:\/\/atecordoba.org\/index.php?rest_route=%2Fwp%2Fv2%2Fcategories&post=34167"},{"taxonomy":"post_tag","embeddable":true,"href":"https:\/\/atecordoba.org\/index.php?rest_route=%2Fwp%2Fv2%2Ftags&post=34167"}],"curies":[{"name":"wp","href":"https:\/\/api.w.org\/{rel}","templated":true}]}}