{"id":34158,"date":"2022-10-13T11:50:57","date_gmt":"2022-10-13T14:50:57","guid":{"rendered":"https:\/\/atecordoba.org\/?p=34158"},"modified":"2022-10-13T12:16:16","modified_gmt":"2022-10-13T15:16:16","slug":"rodi-aguiar-falta-coraje-y-voluntad-politica-en-el-gobierno-para-terminar-con-la-precarizacion-laboral","status":"publish","type":"post","link":"https:\/\/atecordoba.org\/?p=34158","title":{"rendered":"Rody Aguiar: &#8220;falta coraje y voluntad pol\u00edtica en el Gobierno para terminar con la precarizaci\u00f3n laboral&#8221;"},"content":{"rendered":"\n<div class=\"wp-block-image\"><figure class=\"aligncenter size-full is-resized\"><img loading=\"lazy\" decoding=\"async\" src=\"https:\/\/atecordoba.org\/wp-content\/uploads\/2022\/10\/rodiaguiar2.jpg\" alt=\"\" class=\"wp-image-34161\" width=\"719\" height=\"477\" srcset=\"https:\/\/atecordoba.org\/wp-content\/uploads\/2022\/10\/rodiaguiar2.jpg 958w, https:\/\/atecordoba.org\/wp-content\/uploads\/2022\/10\/rodiaguiar2-300x199.jpg 300w, https:\/\/atecordoba.org\/wp-content\/uploads\/2022\/10\/rodiaguiar2-768x510.jpg 768w, https:\/\/atecordoba.org\/wp-content\/uploads\/2022\/10\/rodiaguiar2-750x498.jpg 750w\" sizes=\"auto, (max-width: 719px) 100vw, 719px\" \/><\/figure><\/div>\n\n\n\n<p>Frente a una coyuntura apremiante para el conjunto de la clase trabajadora y de las y los estatales en particular el secretario General Adjunto de ATE Argentina, Rodolfo &#8216;Rodi&#8217; Aguiar, repaso la gesti\u00f3n de Alberto Fern\u00e1ndez y reclam\u00f3 un giro en las pol\u00edticas de gobierno que acompa\u00f1en los recientes cambios de gabinete. <\/p>\n\n\n\n<p>El rionegrino anunci\u00f3 un aumento de la conflictividad social de no mejorarse los ingresos populares en breve, &#8220;Tenemos un fin de a\u00f1o en que el conflicto va creciendo a partir de la falta de respuesta del gobierno a las demandas que tenemos trabajadoras y trabajadores, jubilados y jubiladas, y tambi\u00e9n por supuesto los sectores populares&#8221;, plante\u00f3 el dirigente.<\/p>\n\n\n\n<div class=\"wp-block-image\"><figure class=\"alignright size-full\"><img decoding=\"async\" src=\"https:\/\/atecordoba.org\/wp-content\/uploads\/2022\/10\/rodiaguiar.jpg\" alt=\"\" class=\"wp-image-34163\"\/><\/figure><\/div>\n\n\n\n<p>&#8220;A esto hay que sumar algunos conflictos como los que tenemos el sur del pa\u00eds, en nuestra patagonia, que hoy vulneran los derechos de las comunidades originarias. Desde el sindicato planteamos que estos \u00faltimos cambios producidos de funcionarios en el gabinete del Presidente Alberto Fern\u00e1ndez vayan acompa\u00f1ados de un cambio de pol\u00edticas de un giro en el rumbo econ\u00f3mico sino la conflictividad social va a seguir creciendo. Demandamos a la nueva ministra que acaba de asumir en Trabajo que realice una convocatoria amplia, de lo contrario su gesti\u00f3n est\u00e1 condenada al fracaso desde el inicio&#8221;, a\u00f1adi\u00f3 Aguiar.<\/p>\n\n\n\n<p>&#8211; <strong>\u00bfCu\u00e1l es el origen de la precarizaci\u00f3n?<\/strong><\/p>\n\n\n\n<p>La precarizaci\u00f3n es uno de los grandes flagelos que hay que enfrentar. El fraude laboral de los \u201990, que conocimos con el menemismo, todav\u00eda est\u00e1 presente en el Estado bajo distintas figuras contractuales, como el monotributo, las becas, los subsidios, las certificaciones, o los programas de primer empleo que no deben ser utilizados en el Estado. Utilizan esas figuras cuando la ley es clara y fija que una trabajadora o un trabajador que realiza las mismas tareas que un planta permanente, que cumpla la misma franja horaria y responde instrucciones de un mismo superior jer\u00e1rquico, tiene una verdadera relaci\u00f3n de dependencia que, tratando del estado, deben ser dotados inmediatamente de estabilidad. Se lo estamos reclamando a todos los gobernadores y a los casi 1300 intendentes donde ATE tiene presencia.<\/p>\n\n\n\n<p>Hemos tomado conciencia a lo largo del tiempo de cu\u00e1l es el valor de nuestra fuerza de trabajo y en este momento estamos permitiendo que, tanto en condiciones como en salario, nos exploten por mucho menos dinero del que dice la ley que tiene que ser. C\u00f3mo se explica sino el nuevo fen\u00f3meno del pa\u00eds que constituyen los asalariados formales pobres. Hoy en Argentina tener trabajo no te garantiza estar por encima de la l\u00ednea de la pobreza. El INDEC acaba de anunciar que el desempleo bajo al 6.9% en el primer semestre del a\u00f1o pero al mismo tiempo el salario real cay\u00f3 un 4%. Es decir que m\u00e1s all\u00e1 de que existan paritarias aumenta el combustible y los costos de las tarifas de los servicios b\u00e1sicos. Por eso desde ATE le decimos al nuevo ministro de Econom\u00eda que basta de \u2018dolar soja\u2019, basta de \u2018dolar Qatar\u2019, lo que necesitamos son pesos para que refuercen los bolsillos de los trabajadores y se puedan mejorar las condiciones de vida. Hasta ahora nos muestran que crece la econom\u00eda pero no repercute en mejores condiciones de vida de la gente porque tenemos un gobierno que sigue cediendo a las presiones de los sojeros, los supermercadistas, los banqueros. Es decir, un gobierno d\u00e9bil con los fuertes y fuerte nada m\u00e1s que con los d\u00e9biles.<\/p>\n\n\n\n<div class=\"wp-block-image\"><figure class=\"alignleft size-full is-resized\"><img loading=\"lazy\" decoding=\"async\" src=\"https:\/\/atecordoba.org\/wp-content\/uploads\/2022\/10\/rodiaguiar3.webp\" alt=\"\" class=\"wp-image-34164\" width=\"593\" height=\"445\" srcset=\"https:\/\/atecordoba.org\/wp-content\/uploads\/2022\/10\/rodiaguiar3.webp 790w, https:\/\/atecordoba.org\/wp-content\/uploads\/2022\/10\/rodiaguiar3-300x225.webp 300w, https:\/\/atecordoba.org\/wp-content\/uploads\/2022\/10\/rodiaguiar3-768x576.webp 768w, https:\/\/atecordoba.org\/wp-content\/uploads\/2022\/10\/rodiaguiar3-750x563.webp 750w\" sizes=\"auto, (max-width: 593px) 100vw, 593px\" \/><\/figure><\/div>\n\n\n\n<p>&#8211; <strong>\u00bfComo se explica que haya precarizaci\u00f3n en un gobierno popular?<\/strong><\/p>\n\n\n\n<p>Como se explican tantas otras cosas. Hay falta de coraje y voluntad pol\u00edtica, hay resignaci\u00f3n de muchos funcionarios y funcionarias del gobierno nacional y los gobiernos provinciales. Desde varios sectores nos dijeron que si no se arreglaba con el FMI se ven\u00eda el caos, pero estamos viviendo el caos despu\u00e9s del acuerdo con el Fondo y el estamos viviendo un proceso inflacionario que el gobierno no supo o no quiso frenar porque en realidad la inflaci\u00f3n funciona todo este tiempo como una fenomenal herramienta de ajuste. La inflaci\u00f3n no afecta a todos por igual, tiene mayor impacto en los sectores de menor poder adquisitivo. Hay rubros que aumentan sistem\u00e1ticamente por encima del promedio general y justamente se trata de los alimentos, la vestimenta, el transporte. De esta manera se est\u00e1 violentando el derecho que tenemos trabajadores y jubilados a una retribuci\u00f3n justa, como lo dice la constituci\u00f3n nacional. La ley de contrato de trabajo define esa retribuci\u00f3n justa diciendo que el sueldo nos tiene que alcanzar para la vivienda digna, una alimentaci\u00f3n adecuada, la vestimenta, la salud, la educaci\u00f3n, el esparcimiento, las vacaciones, el ahorro. Evidentemente hoy en Argentina tenemos que elegir qu\u00e9 hacemos con nuestro sueldo, o nos vestimos, o nos alimentamos, o ahorramos o nos vamos de vacaciones, pero todo a la vez no se puede hacer.<\/p>\n\n\n\n<p>&#8211; <strong>\u00bfA qu\u00e9 obedecen los cambios del gabinete? <\/strong><\/p>\n\n\n\n<p>Son cambios a partir de que hay gente que huye del Gobierno. No hay incentivos porque esta administraci\u00f3n viene dilapidando cada oportunidad que tiene y se le aleja la posibilidad de mantenerse en el poder. Si el Presidente Alberto Fern\u00e1ndez, si la Vicepresidenta Cristina Kirchner, si el ministro de econom\u00eda no entienden que estamos en tiempo de descuento y en realidad se necesita un viraje en la econom\u00eda que permita una salida a la crisis profunda en favor de jubilados, trabajadores y sectores populares, no tiene destino este proceso en 2023.<\/p>\n\n\n\n<p>Por eso tenemos que prepararnos y comenzar a pensar con qu\u00e9 estrategias y de qu\u00e9 manera vamos transitar el tiempo que viene. Por otro lado, acabamos de escuchar los adelantos del nuevo libro de Macri donde lo primero que plantean en las primeras horas de un futuro gobierno es realizar lo que les qued\u00f3 pendiente en la gesti\u00f3n anterior: desaparecer el Estado directamente, llevar adelante reformas previsionales, laborales, privatizaciones de todas las empresas estatales, traspaso de \u00e1rea p\u00fablicas a sector privados para favorecer a los cuatro o cinco grupos empresarios amigos de ellos, los mismos que se fugaron los 45 mil millones de d\u00f3lares del \u00faltimo endeudamiento externo. Entendemos que estos son los temas de debate que se vienen.<\/p>\n\n\n\n<p>El env\u00edo completo:<\/p>\n\n\n\n<figure class=\"wp-block-embed is-type-video is-provider-youtube wp-block-embed-youtube wp-embed-aspect-4-3 wp-has-aspect-ratio\"><div class=\"wp-block-embed__wrapper\">\n<div class=\"epyt-video-wrapper\"><iframe loading=\"lazy\"  style=\"display: block; margin: 0px auto;\"  id=\"_ytid_28546\"  width=\"480\" height=\"270\"  data-origwidth=\"480\" data-origheight=\"270\" src=\"https:\/\/www.youtube.com\/embed\/sTDZOytfhak?enablejsapi=1&#038;autoplay=0&#038;cc_load_policy=0&#038;cc_lang_pref=&#038;iv_load_policy=3&#038;loop=0&#038;rel=0&#038;fs=1&#038;playsinline=0&#038;autohide=2&#038;theme=dark&#038;color=red&#038;controls=1&#038;disablekb=0&#038;\" class=\"__youtube_prefs__  epyt-is-override  no-lazyload\" title=\"YouTube player\"  allow=\"fullscreen; accelerometer; autoplay; clipboard-write; encrypted-media; gyroscope; picture-in-picture; web-share\" referrerpolicy=\"strict-origin-when-cross-origin\" allowfullscreen data-no-lazy=\"1\" data-skipgform_ajax_framebjll=\"\"><\/iframe><\/div>\n<\/div><\/figure>\n","protected":false},"excerpt":{"rendered":"<p>Frente a una coyuntura apremiante para el conjunto de la clase trabajadora y de las y los estatales en particular el secretario General Adjunto de ATE Argentina, Rodolfo &#8216;Rodi&#8217; Aguiar, repaso la gesti\u00f3n de Alberto Fern\u00e1ndez y reclam\u00f3 un giro en las pol\u00edticas de gobierno que acompa\u00f1en los recientes cambios de gabinete. El rionegrino anunci\u00f3 [&hellip;]<\/p>\n","protected":false},"author":7,"featured_media":34163,"comment_status":"open","ping_status":"open","sticky":false,"template":"","format":"standard","meta":{"_exactmetrics_skip_tracking":false,"_exactmetrics_sitenote_active":false,"_exactmetrics_sitenote_note":"","_exactmetrics_sitenote_category":0,"jnews-multi-image_gallery":[],"jnews_single_post":{"subtitle":"El dirigente habl\u00f3 en una entrevista radial del bajo nivel de los salarios y la conflictividad social que se viene.","format":"standard","video":"","gallery":"","source_name":"","source_url":"","via_name":"","via_url":"","override_template":"0","override":[{"template":"1","single_blog_custom":"","parallax":"1","fullscreen":"1","layout":"right-sidebar","sidebar":"default-sidebar","second_sidebar":"default-sidebar","sticky_sidebar":"1","share_position":"top","share_float_style":"share-monocrhome","show_share_counter":"1","show_view_counter":"1","show_featured":"1","show_post_meta":"1","show_post_author":"1","show_post_author_image":"1","show_post_date":"1","post_date_format":"default","post_date_format_custom":"Y\/m\/d","show_post_category":"1","show_post_reading_time":"0","post_reading_time_wpm":"300","show_zoom_button":"0","zoom_button_out_step":"2","zoom_button_in_step":"3","show_post_tag":"1","show_prev_next_post":"1","show_popup_post":"1","number_popup_post":"1","show_author_box":"0","show_post_related":"0","show_inline_post_related":"0"}],"override_image_size":"0","image_override":[{"single_post_thumbnail_size":"crop-500","single_post_gallery_size":"crop-500"}],"trending_post":"0","trending_post_position":"meta","trending_post_label":"Trending","sponsored_post":"0","sponsored_post_label":"Sponsored by","sponsored_post_name":"","sponsored_post_url":"","sponsored_post_logo_enable":"0","sponsored_post_logo":"","sponsored_post_desc":"","disable_ad":"0"},"jnews_primary_category":{"id":""},"jnews_social_meta":{"fb_title":"","fb_description":"","fb_image":"","twitter_title":"","twitter_description":"","twitter_image":""},"jnews_review":[],"enable_review":"0","type":"percentage","name":"","summary":"","brand":"","sku":"","good":[{"good_text":""}],"bad":[{"bad_text":""}],"score_override":"","override_value":"","rating":[{"rating_text":"","rating_number":"10"}],"price":[{"shop":"","price":"","link":"","icon":""}],"jnews_override_counter":{"override_view_counter":"0","view_counter_number":"0","override_share_counter":"0","share_counter_number":"0","override_like_counter":"0","like_counter_number":"0","override_dislike_counter":"0","dislike_counter_number":"0"},"jnews_post_split":{"enable_post_split":"0","post_split":[{"template":"1","tag":"h2","numbering":"asc","mode":"normal","first":"0","enable_toc":"0","toc_type":"normal"}]},"footnotes":""},"categories":[756],"tags":[1244],"class_list":["post-34158","post","type-post","status-publish","format-standard","has-post-thumbnail","hentry","category-consejo-directivo-nacional-cdn","tag-rodolfo-aguiar"],"jetpack_featured_media_url":"https:\/\/atecordoba.org\/wp-content\/uploads\/2022\/10\/rodiaguiar-e1665672573569.jpg","_links":{"self":[{"href":"https:\/\/atecordoba.org\/index.php?rest_route=\/wp\/v2\/posts\/34158","targetHints":{"allow":["GET"]}}],"collection":[{"href":"https:\/\/atecordoba.org\/index.php?rest_route=\/wp\/v2\/posts"}],"about":[{"href":"https:\/\/atecordoba.org\/index.php?rest_route=\/wp\/v2\/types\/post"}],"author":[{"embeddable":true,"href":"https:\/\/atecordoba.org\/index.php?rest_route=\/wp\/v2\/users\/7"}],"replies":[{"embeddable":true,"href":"https:\/\/atecordoba.org\/index.php?rest_route=%2Fwp%2Fv2%2Fcomments&post=34158"}],"version-history":[{"count":2,"href":"https:\/\/atecordoba.org\/index.php?rest_route=\/wp\/v2\/posts\/34158\/revisions"}],"predecessor-version":[{"id":34166,"href":"https:\/\/atecordoba.org\/index.php?rest_route=\/wp\/v2\/posts\/34158\/revisions\/34166"}],"wp:featuredmedia":[{"embeddable":true,"href":"https:\/\/atecordoba.org\/index.php?rest_route=\/wp\/v2\/media\/34163"}],"wp:attachment":[{"href":"https:\/\/atecordoba.org\/index.php?rest_route=%2Fwp%2Fv2%2Fmedia&parent=34158"}],"wp:term":[{"taxonomy":"category","embeddable":true,"href":"https:\/\/atecordoba.org\/index.php?rest_route=%2Fwp%2Fv2%2Fcategories&post=34158"},{"taxonomy":"post_tag","embeddable":true,"href":"https:\/\/atecordoba.org\/index.php?rest_route=%2Fwp%2Fv2%2Ftags&post=34158"}],"curies":[{"name":"wp","href":"https:\/\/api.w.org\/{rel}","templated":true}]}}