{"id":3415,"date":"2013-10-10T18:17:10","date_gmt":"2013-10-10T21:17:10","guid":{"rendered":"http:\/\/www.atecordoba.org\/?p=3415"},"modified":"2013-10-10T18:17:10","modified_gmt":"2013-10-10T21:17:10","slug":"se-cumplio-con-exito-la-jornada-de-protesta-en-los-hospitales-provinciales-de-la-capital","status":"publish","type":"post","link":"https:\/\/atecordoba.org\/?p=3415","title":{"rendered":"Se cumpli\u00f3 con \u00e9xito la jornada de protesta en los hospitales provinciales de la capital"},"content":{"rendered":"<p><em>Hubo cortes en el Polo Sanitario, en la Plaza de las Am\u00e9ricas y frente al Tr\u00e1nsito C\u00e1ceres. La medida tambi\u00e9n fue contundente en la Maternidad Provincial.<\/em><\/p>\n<figure style=\"width: 320px\" class=\"wp-caption aligncenter\"><img loading=\"lazy\" decoding=\"async\" class=\"ngg-singlepic ngg-center \" alt=\"jueves-10\" src=\"http:\/\/www.atecordoba.org\/wp-content\/gallery\/asambleas-hospitales\/jueves-10.jpg\" width=\"320\" height=\"240\" \/><figcaption class=\"wp-caption-text\">Corte en el Polo Sanitario<\/figcaption><\/figure>\n<p>En el marco del plan de lucha que ATE viene desarrollando en los hospitales p\u00fablicos de la provincia, hoy se cumpli\u00f3 con alto acatamiento la jornada de protesta que los trabajadores hab\u00edan resuelto el martes pasado.<\/p>\n<p>La medida se sinti\u00f3 con fuerza en el\u00a0Rawson, Misericordia,\u00a0Tr\u00e1nsito C\u00e1ceres de Allende\u00a0y en la Maternidad provincial. En el Polo Sanitario, los trabajadores de los dos primeros nosocomios realizaron un corte de calle durante la ma\u00f1ana, a donde se sumaron delegaciones de la Maternidad -que hizo una asamblea de 80 compa\u00f1eros- y del San Roque Nuevo.<\/p>\n<p>Por su parte, mas de un centenar de trabajadores del Misericordia interrumpi\u00f3 el tr\u00e1fico en la Plaza de las Am\u00e9ricas, mientras paralizaba en un 90% la actividad del centro de salud.<\/p>\n<p>los compa\u00f1eros del Tr\u00e1nsito C\u00e1ceres de Allende iniciaron una asamblea en el turnero a las 7 de la ma\u00f1ana y posteriormente cortaron la calle frente al ingreso del hospital.<\/p>\n<p>El hospital C\u00f3rdoba tambi\u00e9n hizo una asamblea para protestar, conforme la agenda que ATE viene recabando de los distintos sectores de la salud de toda la provincia.<\/p>\n<p>El plan de lucha se lleva a delante desde mediados de septiembre en reclamo de: aumento del sueldo,\u00a0pase de los remunerativos al b\u00e1sico,\u00a0pase a planta permanente de todos los contratados y monotributistas,\u00a0llamados a concursos transparentes,\u00a0urgente reparaci\u00f3n y mantenimiento de la aparatolog\u00eda hospitalaria e\u00a0insumos y ropa de trabajo.<\/p>\n<p>La conducci\u00f3n de ATE evalu\u00f3 con satisfacci\u00f3n el desarrollo de la protesta, ya que cada d\u00eda se suman m\u00e1s compa\u00f1eros a las medidas de fuerza, lo que da cuenta que nuestro gremio se referencia como en la representaci\u00f3n del sector.<\/p>\n<p>Al caer la tarde, se inform\u00f3 que est\u00e1 previsto un plenario de delegados de los hospitales en lucha para el pr\u00f3ximo martes a las 12 horas, para resolver los pasos a seguir.<\/p>\n<p>A primera hora de la ma\u00f1ana, el secretario de Prensa, Daniel Pawluchuzk, daba cuenta de como se desarrollaba la protesta.<\/p>\n<p>&lt;iframe name=&#8217;I1&#8242; scrolling=&#8217;no&#8217; border=&#8217;0&#8242; frameborder=&#8217;0&#8242; width=&#8217;300&#8242; height=&#8217;90&#8217; src=&#8217;http:\/\/www.cadena3.com\/compartir.asp?audio=ARCHI_200525.mp3&amp;titulo=10\/10\/2013 | Daniel Pawluczuk, de ATE, dio detalles sobre la modalidad de protesta&amp;id=200525&#8242;&gt;El explorador no admite los marcos flotantes o no est\u00e1 configurado actualmente para mostrarlos.&lt;\/iframe&gt;<\/p>\n","protected":false},"excerpt":{"rendered":"<p>Hubo cortes en el Polo Sanitario, en la Plaza de las Am\u00e9ricas y frente al Tr\u00e1nsito C\u00e1ceres. La medida tambi\u00e9n fue contundente en la Maternidad Provincial. En el marco del plan de lucha que ATE viene desarrollando en los hospitales p\u00fablicos de la provincia, hoy se cumpli\u00f3 con alto acatamiento la jornada de protesta que [&hellip;]<\/p>\n","protected":false},"author":1,"featured_media":19220,"comment_status":"open","ping_status":"open","sticky":false,"template":"","format":"standard","meta":{"_exactmetrics_skip_tracking":false,"_exactmetrics_sitenote_active":false,"_exactmetrics_sitenote_note":"","_exactmetrics_sitenote_category":0,"jnews-multi-image_gallery":[],"jnews_single_post":[],"jnews_primary_category":[],"jnews_social_meta":[],"jnews_review":[],"enable_review":"","type":"","name":"","summary":"","brand":"","sku":"","good":[],"bad":[],"score_override":"","override_value":"","rating":[],"price":[],"jnews_override_counter":[],"jnews_post_split":[],"footnotes":""},"categories":[7,8],"tags":[],"class_list":["post-3415","post","type-post","status-publish","format-standard","has-post-thumbnail","hentry","category-hospitales","category-provinciales"],"jetpack_featured_media_url":"https:\/\/atecordoba.org\/wp-content\/uploads\/2020\/05\/logo-nuevochico-e1561581322808.png","_links":{"self":[{"href":"https:\/\/atecordoba.org\/index.php?rest_route=\/wp\/v2\/posts\/3415","targetHints":{"allow":["GET"]}}],"collection":[{"href":"https:\/\/atecordoba.org\/index.php?rest_route=\/wp\/v2\/posts"}],"about":[{"href":"https:\/\/atecordoba.org\/index.php?rest_route=\/wp\/v2\/types\/post"}],"author":[{"embeddable":true,"href":"https:\/\/atecordoba.org\/index.php?rest_route=\/wp\/v2\/users\/1"}],"replies":[{"embeddable":true,"href":"https:\/\/atecordoba.org\/index.php?rest_route=%2Fwp%2Fv2%2Fcomments&post=3415"}],"version-history":[{"count":0,"href":"https:\/\/atecordoba.org\/index.php?rest_route=\/wp\/v2\/posts\/3415\/revisions"}],"wp:featuredmedia":[{"embeddable":true,"href":"https:\/\/atecordoba.org\/index.php?rest_route=\/wp\/v2\/media\/19220"}],"wp:attachment":[{"href":"https:\/\/atecordoba.org\/index.php?rest_route=%2Fwp%2Fv2%2Fmedia&parent=3415"}],"wp:term":[{"taxonomy":"category","embeddable":true,"href":"https:\/\/atecordoba.org\/index.php?rest_route=%2Fwp%2Fv2%2Fcategories&post=3415"},{"taxonomy":"post_tag","embeddable":true,"href":"https:\/\/atecordoba.org\/index.php?rest_route=%2Fwp%2Fv2%2Ftags&post=3415"}],"curies":[{"name":"wp","href":"https:\/\/api.w.org\/{rel}","templated":true}]}}