{"id":34130,"date":"2022-10-12T11:47:34","date_gmt":"2022-10-12T14:47:34","guid":{"rendered":"https:\/\/atecordoba.org\/?p=34130"},"modified":"2022-10-12T11:47:38","modified_gmt":"2022-10-12T14:47:38","slug":"el-proximo-11-de-noviembre-se-realizara-la-marcha-por-el-derecho-a-la-salud-mental","status":"publish","type":"post","link":"https:\/\/atecordoba.org\/?p=34130","title":{"rendered":"El pr\u00f3ximo 11 de noviembre se realizar\u00e1 la Marcha por el Derecho a la Salud Mental"},"content":{"rendered":"\n<div class=\"wp-block-image\"><figure class=\"alignleft size-full is-resized\"><img loading=\"lazy\" decoding=\"async\" src=\"https:\/\/atecordoba.org\/wp-content\/uploads\/2022\/10\/saludmentalcartel.jpg\" alt=\"\" class=\"wp-image-34131\" width=\"480\" height=\"320\" \/><\/figure><\/div>\n\n\n\n<p>Frente a la falta de aplicaci\u00f3n de las leyes de Salud Mental en la Provincia, y el consiguiente d\u00e9ficit de atenci\u00f3n que el sistema sanitario p\u00fablico realiza con los usuarios de salud mental, el colectivo de organizaciones que viene reuni\u00e9ndose en ATE desde el a\u00f1o pasado, defini\u00f3 el pr\u00f3ximo 11 de noviembre como la fecha para realizar la pr\u00f3xima Marcha por el Derecho a la Salud Mental en C\u00f3rdoba. <\/p>\n\n\n\n<p>En ese marco se est\u00e1n resolviendo las actividades a realizar para calentar la convocatoria y las actividades art\u00edsticas que acompa\u00f1an el acto, de caracter\u00edsticas cada a\u00f1o m\u00e1s masivas que el anterior, con una respuesta muy importante de toda la comunidad sanitaria, los usuarios y las familias, frente a la indiferencia y el destrato permanente del gobierno provincial, supuesto garante de la aplicaci\u00f3n de derechos de los usuarios seg\u00fan la legislaci\u00f3n vigente. <\/p>\n\n\n\n<p>Con motivo de recordar el pasado 10 de octubre el D\u00eda de la Salud Mental, el colectivo organizador de la marcha difundi\u00f3 un comunicado donde expres\u00f3 que &#8220;estamos en tiempos de lucha en el campo, en tiempos de transformaci\u00f3n y resistencia. Y se lucha en las pr\u00e1cticas en los centros, en las pol\u00edticas p\u00fablicas que determinan si finalmente se destinan m\u00e1s fondos a encerrar a las personas o a acompa\u00f1arlas en comunidad. Se lucha en los discursos sociales y en la programaci\u00f3n de los noticieros, que pueden ligar la locura con la peligrosidad, o visualizar las violencias institucionales y sociales a las que son sometidas lxs locxs. Se lucha en resignificar tambi\u00e9n el D\u00eda de la Salud Mental.Y la lucha se da en los proyectos de incidencia pol\u00edtica, en la participaci\u00f3n en los debates, en la movilizaci\u00f3n y las demandas; pero tambi\u00e9n en los peque\u00f1os micro espacios donde nos movemos en el d\u00eda a d\u00eda.\u00a0 En la elaboraci\u00f3n de los posicionamientos pol\u00edtico subjetivos de profesionales que pueden ayudar o no a que las personas con padecimientos mentales se imaginen, dise\u00f1en y concreten sus peque\u00f1os o grandes proyectos de vida. Se lucha en la producci\u00f3n de discursos que construyen imaginarios y representaciones sociales que reproducen prejuicios o motorizan transformaciones hacia la dignidad&#8221;.<\/p>\n\n\n\n<p>En esa l\u00ednea sostienen que &#8220;hoy no se puede permanecer neutral frente a la vulneraci\u00f3n de derechos y el abandono por parte de los gobiernos. La Ley Nacional de Salud Mental (2010), la Convenci\u00f3n sobre los Derechos de las Personas con Discapacidad (2006), y el C\u00f3digo civil y comercial (reformado en el 2015) vinieron a poner en claro las cosas. Son herramientas que nos muestran el encuadre desde donde posicionarnos pol\u00edticamente, para que nuestras pr\u00e1cticas no sustituyan a las personas, no borren sus historias, sino ayuden a valorizarlas y a construir futuros desde esos recorridos biogr\u00e1ficos dignificados&#8221;.<\/p>\n\n\n\n<p>Por eso concluyen convocando: &#8220;el pr\u00f3ximo 11 de Noviembre nos encontramos en la calle bajo la consigna \u00a1CUMPLIR LA LEY ES PRIORIDAD, HAY QUE INVERTIR EN LA COMUNIDAD!&#8221; <\/p>\n\n\n\n<p><\/p>\n","protected":false},"excerpt":{"rendered":"<p>Frente a la falta de aplicaci\u00f3n de las leyes de Salud Mental en la Provincia, y el consiguiente d\u00e9ficit de atenci\u00f3n que el sistema sanitario p\u00fablico realiza con los usuarios de salud mental, el colectivo de organizaciones que viene reuni\u00e9ndose en ATE desde el a\u00f1o pasado, defini\u00f3 el pr\u00f3ximo 11 de noviembre como la fecha [&hellip;]<\/p>\n","protected":false},"author":7,"featured_media":34131,"comment_status":"open","ping_status":"open","sticky":false,"template":"","format":"standard","meta":{"_exactmetrics_skip_tracking":false,"_exactmetrics_sitenote_active":false,"_exactmetrics_sitenote_note":"","_exactmetrics_sitenote_category":0,"jnews-multi-image_gallery":[],"jnews_single_post":{"subtitle":"El lunes pasado se cumpli\u00f3 el D\u00eda de la Salud Mental y las organizaciones que convocan a la movilizaci\u00f3n sancionaron la falta de apliaci\u00f3n de la normativa vigente por el sistema sanitario p\u00fablico, a cargo del Gobierno de la Provincia.","format":"standard","video":"","gallery":"","source_name":"","source_url":"","via_name":"","via_url":"","override_template":"0","override":[{"template":"1","single_blog_custom":"","parallax":"1","fullscreen":"1","layout":"right-sidebar","sidebar":"default-sidebar","second_sidebar":"default-sidebar","sticky_sidebar":"1","share_position":"top","share_float_style":"share-monocrhome","show_share_counter":"1","show_view_counter":"1","show_featured":"1","show_post_meta":"1","show_post_author":"1","show_post_author_image":"1","show_post_date":"1","post_date_format":"default","post_date_format_custom":"Y\/m\/d","show_post_category":"1","show_post_reading_time":"0","post_reading_time_wpm":"300","show_zoom_button":"0","zoom_button_out_step":"2","zoom_button_in_step":"3","show_post_tag":"1","show_prev_next_post":"1","show_popup_post":"1","number_popup_post":"1","show_author_box":"0","show_post_related":"0","show_inline_post_related":"0"}],"override_image_size":"0","image_override":[{"single_post_thumbnail_size":"crop-500","single_post_gallery_size":"crop-500"}],"trending_post":"0","trending_post_position":"meta","trending_post_label":"Trending","sponsored_post":"0","sponsored_post_label":"Sponsored by","sponsored_post_name":"","sponsored_post_url":"","sponsored_post_logo_enable":"0","sponsored_post_logo":"","sponsored_post_desc":"","disable_ad":"0"},"jnews_primary_category":{"id":""},"jnews_social_meta":{"fb_title":"","fb_description":"","fb_image":"","twitter_title":"","twitter_description":"","twitter_image":""},"jnews_review":[],"enable_review":"0","type":"percentage","name":"","summary":"","brand":"","sku":"","good":[{"good_text":""}],"bad":[{"bad_text":""}],"score_override":"","override_value":"","rating":[{"rating_text":"","rating_number":"10"}],"price":[{"shop":"","price":"","link":"","icon":""}],"jnews_override_counter":{"override_view_counter":"0","view_counter_number":"0","override_share_counter":"0","share_counter_number":"0","override_like_counter":"0","like_counter_number":"0","override_dislike_counter":"0","dislike_counter_number":"0"},"jnews_post_split":{"enable_post_split":"0","post_split":[{"template":"1","tag":"h2","numbering":"asc","mode":"normal","first":"0","enable_toc":"0","toc_type":"normal"}]},"footnotes":""},"categories":[10],"tags":[1240],"class_list":["post-34130","post","type-post","status-publish","format-standard","has-post-thumbnail","hentry","category-accion-politica","tag-marcha-derecho-a-la-salud-mental"],"jetpack_featured_media_url":"https:\/\/atecordoba.org\/wp-content\/uploads\/2022\/10\/saludmentalcartel-e1665586045442.jpg","_links":{"self":[{"href":"https:\/\/atecordoba.org\/index.php?rest_route=\/wp\/v2\/posts\/34130","targetHints":{"allow":["GET"]}}],"collection":[{"href":"https:\/\/atecordoba.org\/index.php?rest_route=\/wp\/v2\/posts"}],"about":[{"href":"https:\/\/atecordoba.org\/index.php?rest_route=\/wp\/v2\/types\/post"}],"author":[{"embeddable":true,"href":"https:\/\/atecordoba.org\/index.php?rest_route=\/wp\/v2\/users\/7"}],"replies":[{"embeddable":true,"href":"https:\/\/atecordoba.org\/index.php?rest_route=%2Fwp%2Fv2%2Fcomments&post=34130"}],"version-history":[{"count":1,"href":"https:\/\/atecordoba.org\/index.php?rest_route=\/wp\/v2\/posts\/34130\/revisions"}],"predecessor-version":[{"id":34132,"href":"https:\/\/atecordoba.org\/index.php?rest_route=\/wp\/v2\/posts\/34130\/revisions\/34132"}],"wp:featuredmedia":[{"embeddable":true,"href":"https:\/\/atecordoba.org\/index.php?rest_route=\/wp\/v2\/media\/34131"}],"wp:attachment":[{"href":"https:\/\/atecordoba.org\/index.php?rest_route=%2Fwp%2Fv2%2Fmedia&parent=34130"}],"wp:term":[{"taxonomy":"category","embeddable":true,"href":"https:\/\/atecordoba.org\/index.php?rest_route=%2Fwp%2Fv2%2Fcategories&post=34130"},{"taxonomy":"post_tag","embeddable":true,"href":"https:\/\/atecordoba.org\/index.php?rest_route=%2Fwp%2Fv2%2Ftags&post=34130"}],"curies":[{"name":"wp","href":"https:\/\/api.w.org\/{rel}","templated":true}]}}