{"id":34119,"date":"2022-10-11T15:45:30","date_gmt":"2022-10-11T18:45:30","guid":{"rendered":"https:\/\/atecordoba.org\/?p=34119"},"modified":"2022-10-13T10:16:57","modified_gmt":"2022-10-13T13:16:57","slug":"muerte-y-abuso-en-senaf-estos-hechos-lamentables-se-suceden-uno-tras-otro-sin-final","status":"publish","type":"post","link":"https:\/\/atecordoba.org\/?p=34119","title":{"rendered":"Muerte y abuso en Senaf: &#8220;Estos hechos lamentables se suceden uno tras otro sin final&#8221;"},"content":{"rendered":"\n<figure class=\"wp-block-image alignwide\"><img decoding=\"async\" src=\"https:\/\/elresaltador.com.ar\/wp-content\/uploads\/2022\/10\/Foto-Senaf.-ATE-1024x768.jpg?quality=70\" alt=\"\" class=\"wp-image-71548\"\/><\/figure>\n\n\n\n<p>(Por <a rel=\"noreferrer noopener\" href=\"https:\/\/elresaltador.com.ar\/\" target=\"_blank\">El Resaltador<\/a>) La semana pasada, profesionales de la SENAF, se movilizaron para denunciar que un adolescente estuvo privado de libertad durante un mes en el Complejo Esperanza sin causa, sin orden de un juez. Ni siquiera fue registrado formalmente en su ingreso ni en su egreso.<\/p>\n\n\n\n<p>Las trabajadoras y los trabajadores del organismo desde hace tiempo visibilizan diferentes vulneraciones de derecho que la pol\u00edtica del Gobierno provincial tiene sobre las ni\u00f1eces y adolescencias.<\/p>\n\n\n\n<p><strong>\u00bfQu\u00e9 hechos fueron los \u00faltimos que causaron repudio y malestar?<\/strong><\/p>\n\n\n\n<ul class=\"wp-block-list\"><li>Una adolescente muri\u00f3 en el Hospital de Ni\u00f1os, luego de haberse estrangulado con una s\u00e1bana con la que fue atada a la cama tras una crisis nerviosa en el Hogar Milani.<\/li><li>Una joven denunci\u00f3 -el jueves 6 de octubre- en el Polo de la Mujer haber sido abusada sexualmente por el director de la ONG Punto y Aparte, un militar retirado que logr\u00f3 la habilitaci\u00f3n en tiempo r\u00e9cord durante la pandemia, con el visto bueno de la secretaria Georgina Tavella.<\/li><\/ul>\n\n\n\n<p><strong>\u201cLa gesti\u00f3n de Georgina Tavella, Victoria Mart\u00ednez y Antonio Franco ha llevado a la Instituci\u00f3n a una descomposici\u00f3n sin precedentes\u201d<\/strong>, sostuvieron el viernes 7&nbsp; de septiembre desde la Asamblea Ni\u00f1ez, Adolescencia y Familia. Adem\u00e1s, advierten que &#8220;estos hechos lamentables se suceden uno tras otro sin final&#8221;.<\/p>\n\n\n<blockquote class=\"instagram-media\" data-instgrm-captioned=\"\" data-instgrm-permalink=\"https:\/\/www.instagram.com\/p\/CjdcwmPuy3f\/?utm_source=ig_embed&amp;utm_campaign=loading\" data-instgrm-version=\"14\" style=\" background:#FFF; border:0; border-radius:3px; box-shadow:0 0 1px 0 rgba(0,0,0,0.5),0 1px 10px 0 rgba(0,0,0,0.15); margin: 1px; max-width:540px; min-width:326px; padding:0; width:99.375%; width:-webkit-calc(100% - 2px); width:calc(100% - 2px);\">\n<div style=\"padding:16px;\"> <a href=\"https:\/\/www.instagram.com\/p\/CjdcwmPuy3f\/?utm_source=ig_embed&amp;utm_campaign=loading\" style=\" background:#FFFFFF; line-height:0; padding:0 0; text-align:center; text-decoration:none; width:100%;\" target=\"_blank\" rel=\"noopener\"> <\/p>\n<div style=\" display: flex; flex-direction: row; align-items: center;\">\n<div style=\"background-color: #F4F4F4; border-radius: 50%; flex-grow: 0; height: 40px; margin-right: 14px; width: 40px;\"><\/div>\n<div style=\"display: flex; flex-direction: column; flex-grow: 1; justify-content: center;\">\n<div style=\" background-color: #F4F4F4; border-radius: 4px; flex-grow: 0; height: 14px; margin-bottom: 6px; width: 100px;\"><\/div>\n<div style=\" background-color: #F4F4F4; border-radius: 4px; flex-grow: 0; height: 14px; width: 60px;\"><\/div>\n<\/div>\n<\/div>\n<div style=\"padding: 19% 0;\"><\/div>\n<div style=\"display:block; height:50px; margin:0 auto 12px; width:50px;\"><svg width=\"50px\" height=\"50px\" viewBox=\"0 0 60 60\" version=\"1.1\" xmlns=\"https:\/\/www.w3.org\/2000\/svg\" xmlns:xlink=\"https:\/\/www.w3.org\/1999\/xlink\"><g stroke=\"none\" stroke-width=\"1\" fill=\"none\" fill-rule=\"evenodd\"><g transform=\"translate(-511.000000, -20.000000)\" fill=\"#000000\"><g><path d=\"M556.869,30.41 C554.814,30.41 553.148,32.076 553.148,34.131 C553.148,36.186 554.814,37.852 556.869,37.852 C558.924,37.852 560.59,36.186 560.59,34.131 C560.59,32.076 558.924,30.41 556.869,30.41 M541,60.657 C535.114,60.657 530.342,55.887 530.342,50 C530.342,44.114 535.114,39.342 541,39.342 C546.887,39.342 551.658,44.114 551.658,50 C551.658,55.887 546.887,60.657 541,60.657 M541,33.886 C532.1,33.886 524.886,41.1 524.886,50 C524.886,58.899 532.1,66.113 541,66.113 C549.9,66.113 557.115,58.899 557.115,50 C557.115,41.1 549.9,33.886 541,33.886 M565.378,62.101 C565.244,65.022 564.756,66.606 564.346,67.663 C563.803,69.06 563.154,70.057 562.106,71.106 C561.058,72.155 560.06,72.803 558.662,73.347 C557.607,73.757 556.021,74.244 553.102,74.378 C549.944,74.521 548.997,74.552 541,74.552 C533.003,74.552 532.056,74.521 528.898,74.378 C525.979,74.244 524.393,73.757 523.338,73.347 C521.94,72.803 520.942,72.155 519.894,71.106 C518.846,70.057 518.197,69.06 517.654,67.663 C517.244,66.606 516.755,65.022 516.623,62.101 C516.479,58.943 516.448,57.996 516.448,50 C516.448,42.003 516.479,41.056 516.623,37.899 C516.755,34.978 517.244,33.391 517.654,32.338 C518.197,30.938 518.846,29.942 519.894,28.894 C520.942,27.846 521.94,27.196 523.338,26.654 C524.393,26.244 525.979,25.756 528.898,25.623 C532.057,25.479 533.004,25.448 541,25.448 C548.997,25.448 549.943,25.479 553.102,25.623 C556.021,25.756 557.607,26.244 558.662,26.654 C560.06,27.196 561.058,27.846 562.106,28.894 C563.154,29.942 563.803,30.938 564.346,32.338 C564.756,33.391 565.244,34.978 565.378,37.899 C565.522,41.056 565.552,42.003 565.552,50 C565.552,57.996 565.522,58.943 565.378,62.101 M570.82,37.631 C570.674,34.438 570.167,32.258 569.425,30.349 C568.659,28.377 567.633,26.702 565.965,25.035 C564.297,23.368 562.623,22.342 560.652,21.575 C558.743,20.834 556.562,20.326 553.369,20.18 C550.169,20.033 549.148,20 541,20 C532.853,20 531.831,20.033 528.631,20.18 C525.438,20.326 523.257,20.834 521.349,21.575 C519.376,22.342 517.703,23.368 516.035,25.035 C514.368,26.702 513.342,28.377 512.574,30.349 C511.834,32.258 511.326,34.438 511.181,37.631 C511.035,40.831 511,41.851 511,50 C511,58.147 511.035,59.17 511.181,62.369 C511.326,65.562 511.834,67.743 512.574,69.651 C513.342,71.625 514.368,73.296 516.035,74.965 C517.703,76.634 519.376,77.658 521.349,78.425 C523.257,79.167 525.438,79.673 528.631,79.82 C531.831,79.965 532.853,80.001 541,80.001 C549.148,80.001 550.169,79.965 553.369,79.82 C556.562,79.673 558.743,79.167 560.652,78.425 C562.623,77.658 564.297,76.634 565.965,74.965 C567.633,73.296 568.659,71.625 569.425,69.651 C570.167,67.743 570.674,65.562 570.82,62.369 C570.966,59.17 571,58.147 571,50 C571,41.851 570.966,40.831 570.82,37.631\"><\/path><\/g><\/g><\/g><\/svg><\/div>\n<div style=\"padding-top: 8px;\">\n<div style=\" color:#3897f0; font-family:Arial,sans-serif; font-size:14px; font-style:normal; font-weight:550; line-height:18px;\">Ver esta publicaci\u00f3n en Instagram<\/div>\n<\/div>\n<div style=\"padding: 12.5% 0;\"><\/div>\n<div style=\"display: flex; flex-direction: row; margin-bottom: 14px; align-items: center;\">\n<div>\n<div style=\"background-color: #F4F4F4; border-radius: 50%; height: 12.5px; width: 12.5px; transform: translateX(0px) translateY(7px);\"><\/div>\n<div style=\"background-color: #F4F4F4; height: 12.5px; transform: rotate(-45deg) translateX(3px) translateY(1px); width: 12.5px; flex-grow: 0; margin-right: 14px; margin-left: 2px;\"><\/div>\n<div style=\"background-color: #F4F4F4; border-radius: 50%; height: 12.5px; width: 12.5px; transform: translateX(9px) translateY(-18px);\"><\/div>\n<\/div>\n<div style=\"margin-left: 8px;\">\n<div style=\" background-color: #F4F4F4; border-radius: 50%; flex-grow: 0; height: 20px; width: 20px;\"><\/div>\n<div style=\" width: 0; height: 0; border-top: 2px solid transparent; border-left: 6px solid #f4f4f4; border-bottom: 2px solid transparent; transform: translateX(16px) translateY(-4px) rotate(30deg)\"><\/div>\n<\/div>\n<div style=\"margin-left: auto;\">\n<div style=\" width: 0px; border-top: 8px solid #F4F4F4; border-right: 8px solid transparent; transform: translateY(16px);\"><\/div>\n<div style=\" background-color: #F4F4F4; flex-grow: 0; height: 12px; width: 16px; transform: translateY(-4px);\"><\/div>\n<div style=\" width: 0; height: 0; border-top: 8px solid #F4F4F4; border-left: 8px solid transparent; transform: translateY(-4px) translateX(8px);\"><\/div>\n<\/div>\n<\/div>\n<div style=\"display: flex; flex-direction: column; flex-grow: 1; justify-content: center; margin-bottom: 24px;\">\n<div style=\" background-color: #F4F4F4; border-radius: 4px; flex-grow: 0; height: 14px; margin-bottom: 6px; width: 224px;\"><\/div>\n<div style=\" background-color: #F4F4F4; border-radius: 4px; flex-grow: 0; height: 14px; width: 144px;\"><\/div>\n<\/div>\n<p><\/a><\/p>\n<p style=\" color:#c9c8cd; font-family:Arial,sans-serif; font-size:14px; line-height:17px; margin-bottom:0; margin-top:8px; overflow:hidden; padding:8px 0 7px; text-align:center; text-overflow:ellipsis; white-space:nowrap;\"><a href=\"https:\/\/www.instagram.com\/p\/CjdcwmPuy3f\/?utm_source=ig_embed&amp;utm_campaign=loading\" style=\" color:#c9c8cd; font-family:Arial,sans-serif; font-size:14px; font-style:normal; font-weight:normal; line-height:17px; text-decoration:none;\" target=\"_blank\" rel=\"noopener\">Una publicaci\u00f3n compartida por ATE C\u00f3rdoba (@atecdpcba)<\/a><\/p>\n<\/div>\n<\/blockquote>\n<p> <script async=\"\" src=\"\/\/www.instagram.com\/embed.js\"><\/script><\/p>\n\n\n\n<p><strong>En este marco, junto a la Asociaci\u00f3n Trabajadores del Estado, exigen la inmediata renuncia de estos funcionarios<\/strong>.<\/p>\n\n\n\n<p>\u201cDesde ATE&nbsp;<strong>se ha pedido audiencia con Laura Echenique, ministra de Justicia y Derechos Humanos de C\u00f3rdoba<\/strong>, de manera formal para entablar di\u00e1logo y concretar una mesa de trabajo. No hubo respuestas al pedido. Con el ex ministro Lopez innumerables veces hemos solicitado que nos reciba..de manera formal y tambi\u00e9n con muchos cortes en el Ministerio de Justicia.&nbsp; En esos casos nos recibi\u00f3 el jefe de recursos humanos sin dar respuestas a nuestros reclamos dado que no tiene esa capacidad\u201d, le comentaron a El Resaltador.<\/p>\n\n\n\n<p>Desde la asamblea, una persona que trabaja en el Senaf, le dijo a este medio que&nbsp;<strong>responsabilizan principalmente al gobernador Schiaretti por la pol\u00edtica implementada hacia las infancias y juventudes populares: \u201cRepresi\u00f3n..vulneraci\u00f3n de derechos&#8230;vaciamiento de la secretaria que deber\u00eda resguardarlos y garantizarles derechos\u201d.&nbsp;<\/strong><\/p>\n\n\n\n<p>Por otra parte, resalt\u00f3 que tiene su cuota de responsabilidad Georgina&nbsp;<strong>Tavella<\/strong>,&nbsp;<strong>Secretaria<\/strong>&nbsp;de SENAF&nbsp;<strong>C\u00f3rdoba, a quien se\u00f1al\u00f3 como<\/strong>&nbsp;c\u00f3mplice de los hechos que se vienen sucediendo y que est\u00e1n \u00edntimamente relacionados a la precarizaci\u00f3n laboral y las condiciones de contrataci\u00f3n:<\/p>\n\n\n\n<p>\u201cA su vez, avalados por los subsecretarios Franco y Martinez. Esta \u00faltima familiar de quienes est\u00e1n a cargo de varias residencias y presidente de las ONGs fantasmas a las cuales facturamos los monotributistas\u201d.<\/p>\n\n\n\n<p>La mayor\u00eda de&nbsp;<strong>los trabajadores del senaf son precarizados a trav\u00e9s de becas y monotributos<\/strong>&nbsp;con sueldos por debajo de la l\u00ednea de pobreza. La mayor\u00eda del personal son mujeres, madres y jefas de familia, por lo que dicen que otra de las pol\u00edticas del Estado provincial es la feminizaci\u00f3n de la pobreza.<\/p>\n\n\n\n<p><strong>Ante este panorama, es clave que la ministra Echenique reciba a trabajadores y trabajadoras.<\/strong><\/p>\n","protected":false},"excerpt":{"rendered":"<p>(Por El Resaltador) La semana pasada, profesionales de la SENAF, se movilizaron para denunciar que un adolescente estuvo privado de libertad durante un mes en el Complejo Esperanza sin causa, sin orden de un juez. Ni siquiera fue registrado formalmente en su ingreso ni en su egreso. Las trabajadoras y los trabajadores del organismo desde [&hellip;]<\/p>\n","protected":false},"author":6,"featured_media":34120,"comment_status":"open","ping_status":"open","sticky":false,"template":"","format":"standard","meta":{"_exactmetrics_skip_tracking":false,"_exactmetrics_sitenote_active":false,"_exactmetrics_sitenote_note":"","_exactmetrics_sitenote_category":0,"jnews-multi-image_gallery":[],"jnews_single_post":{"subtitle":"El jueves 6 de octubre, trabajadores y trabajadoras se manifestaban frente al Ministerio de Justicia por vulneraciones de derechos, precarizaci\u00f3n laboral y persecuci\u00f3n sindical, cuando se enteraron de dos nuevos hechos de violencia que catalogaron como \u201cproducto de las pol\u00edticas en Secretaria de Ni\u00f1ez Adolescencia y Familia (SeNAF)\u201d.","format":"standard","video":"","gallery":"","source_name":"","source_url":"","via_name":"","via_url":"","override_template":"0","override":[{"template":"1","single_blog_custom":"","parallax":"1","fullscreen":"1","layout":"right-sidebar","sidebar":"default-sidebar","second_sidebar":"default-sidebar","sticky_sidebar":"1","share_position":"top","share_float_style":"share-monocrhome","show_share_counter":"1","show_view_counter":"1","show_featured":"1","show_post_meta":"1","show_post_author":"1","show_post_author_image":"1","show_post_date":"1","post_date_format":"default","post_date_format_custom":"Y\/m\/d","show_post_category":"1","show_post_reading_time":"0","post_reading_time_wpm":"300","show_zoom_button":"0","zoom_button_out_step":"2","zoom_button_in_step":"3","show_post_tag":"1","show_prev_next_post":"1","show_popup_post":"1","number_popup_post":"1","show_author_box":"0","show_post_related":"0","show_inline_post_related":"0"}],"override_image_size":"0","image_override":[{"single_post_thumbnail_size":"crop-500","single_post_gallery_size":"crop-500"}],"trending_post":"0","trending_post_position":"meta","trending_post_label":"Trending","sponsored_post":"0","sponsored_post_label":"Sponsored by","sponsored_post_name":"","sponsored_post_url":"","sponsored_post_logo_enable":"0","sponsored_post_logo":"","sponsored_post_desc":"","disable_ad":"0"},"jnews_primary_category":{"id":""},"jnews_social_meta":{"fb_title":"","fb_description":"","fb_image":"","twitter_title":"","twitter_description":"","twitter_image":""},"jnews_review":[],"enable_review":"0","type":"percentage","name":"","summary":"","brand":"","sku":"","good":[{"good_text":""}],"bad":[{"bad_text":""}],"score_override":"","override_value":"","rating":[{"rating_text":"","rating_number":"10"}],"price":[{"shop":"","price":"","link":"","icon":""}],"jnews_override_counter":{"override_view_counter":"0","view_counter_number":"0","override_share_counter":"0","share_counter_number":"0","override_like_counter":"0","like_counter_number":"0","override_dislike_counter":"0","dislike_counter_number":"0"},"jnews_post_split":{"enable_post_split":"0","post_split":[{"template":"1","tag":"h2","numbering":"asc","mode":"normal","first":"0","enable_toc":"0","toc_type":"normal"}]},"footnotes":""},"categories":[346,8],"tags":[],"class_list":["post-34119","post","type-post","status-publish","format-standard","has-post-thumbnail","hentry","category-prensa-y-comunicacion","category-provinciales"],"jetpack_featured_media_url":"https:\/\/atecordoba.org\/wp-content\/uploads\/2022\/10\/fuera-tavella-martinez.jpeg","_links":{"self":[{"href":"https:\/\/atecordoba.org\/index.php?rest_route=\/wp\/v2\/posts\/34119","targetHints":{"allow":["GET"]}}],"collection":[{"href":"https:\/\/atecordoba.org\/index.php?rest_route=\/wp\/v2\/posts"}],"about":[{"href":"https:\/\/atecordoba.org\/index.php?rest_route=\/wp\/v2\/types\/post"}],"author":[{"embeddable":true,"href":"https:\/\/atecordoba.org\/index.php?rest_route=\/wp\/v2\/users\/6"}],"replies":[{"embeddable":true,"href":"https:\/\/atecordoba.org\/index.php?rest_route=%2Fwp%2Fv2%2Fcomments&post=34119"}],"version-history":[{"count":6,"href":"https:\/\/atecordoba.org\/index.php?rest_route=\/wp\/v2\/posts\/34119\/revisions"}],"predecessor-version":[{"id":34160,"href":"https:\/\/atecordoba.org\/index.php?rest_route=\/wp\/v2\/posts\/34119\/revisions\/34160"}],"wp:featuredmedia":[{"embeddable":true,"href":"https:\/\/atecordoba.org\/index.php?rest_route=\/wp\/v2\/media\/34120"}],"wp:attachment":[{"href":"https:\/\/atecordoba.org\/index.php?rest_route=%2Fwp%2Fv2%2Fmedia&parent=34119"}],"wp:term":[{"taxonomy":"category","embeddable":true,"href":"https:\/\/atecordoba.org\/index.php?rest_route=%2Fwp%2Fv2%2Fcategories&post=34119"},{"taxonomy":"post_tag","embeddable":true,"href":"https:\/\/atecordoba.org\/index.php?rest_route=%2Fwp%2Fv2%2Ftags&post=34119"}],"curies":[{"name":"wp","href":"https:\/\/api.w.org\/{rel}","templated":true}]}}