{"id":34110,"date":"2022-10-11T12:52:05","date_gmt":"2022-10-11T15:52:05","guid":{"rendered":"https:\/\/atecordoba.org\/?p=34110"},"modified":"2022-10-11T12:52:09","modified_gmt":"2022-10-11T15:52:09","slug":"asumieron-las-nuevas-autoridades-de-la-cta-autonoma","status":"publish","type":"post","link":"https:\/\/atecordoba.org\/?p=34110","title":{"rendered":"Asumieron las nuevas autoridades de la CTA Aut\u00f3noma"},"content":{"rendered":"\n<div class=\"wp-block-image\"><figure class=\"aligncenter size-full\"><img decoding=\"async\" src=\"https:\/\/atecordoba.org\/wp-content\/uploads\/2022\/10\/portadactaaaa.jpeg\" alt=\"\" class=\"wp-image-34111\" \/><\/figure><\/div>\n\n\n\n<p>El acto se realiz\u00f3 donde estar\u00e1 la nueva sede nacional de la Central,\u00a0 en Mitre 744, en el centro porte\u00f1o, y cont\u00f3 con la participaci\u00f3n de todo el Secretariado Nacional, de las y los Secretarios Generales de las todas las provincias y de cientos de compa\u00f1eros y compa\u00f1eras que todos los d\u00edas militan en el marco de la Central. De esta manera qued\u00f3 inaugurado este nuevo periodo de la CTAA hasta el 2026.<\/p>\n\n\n\n<p>Mariana Mandakovic, asumi\u00f3 como Secretaria Adjunta de la Central, y en su discurso dijo: \u201cHoy m\u00e1s que nunca debemos aportar a la organizaci\u00f3n y a la unidad de los trabajadores, no solo de nuestro pa\u00eds, sino de toda Am\u00e9rica Latina y del mundo.\u00bb<\/p>\n\n\n\n<p>\u201cLa deuda es la forma de tenernos dominados: esto es lo que necesitamos poner en debate. Por eso tenemos que decir que el acuerdo con el FMI solo va a generar m\u00e1s desigualdad. Por esto necesitamos construir poder popular y nuestra propia matriz de pensamiento, para vivir en una sociedad m\u00e1s igualitaria.\u201d, remarc\u00f3 la dirigenta.<\/p>\n\n\n\n<figure class=\"wp-block-gallery has-nested-images columns-default is-cropped wp-block-gallery-1 is-layout-flex wp-block-gallery-is-layout-flex\">\n<figure class=\"wp-block-image size-large\"><img loading=\"lazy\" decoding=\"async\" width=\"300\" height=\"200\" data-id=\"34113\" src=\"https:\/\/atecordoba.org\/wp-content\/uploads\/2022\/10\/peidro.jpeg\" alt=\"\" class=\"wp-image-34113\" \/><\/figure>\n\n\n\n<figure class=\"wp-block-image size-large\"><img loading=\"lazy\" decoding=\"async\" width=\"300\" height=\"200\" data-id=\"34114\" src=\"https:\/\/atecordoba.org\/wp-content\/uploads\/2022\/10\/cahorro-1.jpeg\" alt=\"\" class=\"wp-image-34114\" \/><\/figure>\n\n\n\n<figure class=\"wp-block-image size-large\"><img loading=\"lazy\" decoding=\"async\" width=\"300\" height=\"200\" data-id=\"34115\" src=\"https:\/\/atecordoba.org\/wp-content\/uploads\/2022\/10\/manda.jpeg\" alt=\"\" class=\"wp-image-34115\" \/><\/figure>\n<figcaption class=\"blocks-gallery-caption\">Peidro, Godoy y Mandakovic, la nueva conducci\u00f3n nacional de la CTAA.<\/figcaption><\/figure>\n\n\n\n<p>Ricardo Peidro, quien asume el cargo de Secretario Adjunto de la CTAA, trajo el saludo de Nora Corti\u00f1as, Madre de Plaza de Mayo L\u00ednea Fundadora. \u201cHemos estado juntos en tantos piquetes, marchas, cortes, que vernos hoy aqu\u00ed es una fiesta\u201d, dijo el dirigente y destac\u00f3 el crecimiento de la Central en el \u00faltimo tiempo: \u201cNo somos mayor\u00eda, pero la CTA Aut\u00f3noma est\u00e1&nbsp; siendo una herramienta fundamental de organizaci\u00f3n y unidad de la clase trabajadora\u201d.<\/p>\n\n\n\n<p>\u201cSeguimos construyendo unidad popular, seguimos enfrentando a esos grandes grupos econ\u00f3micos para construir el poder. No es haciendo concesiones a la derecha, sino avanzando en construir esa sociedad que so\u00f1aron las y los 30 mil compa\u00f1eros y compa\u00f1eras: una patria justa, libre&nbsp; y soberana\u201d.<\/p>\n\n\n\n<p>Por \u00faltimo, Hugo \u201cCachorro\u201d Godoy, quien asumi\u00f3 como Secretario General, subray\u00f3: \u201cNo hay posibilidad de salvarnos solos y por eso necesitamos esas 4 patas fundamentales de nuestro pueblo: las pymes, movimientos sociales, movimiento cooperativo y la clase trabajadora m\u00e1s formal. Esos son los pilares para construir una patria diferente\u201d.<\/p>\n\n\n\n<p>Y afirm\u00f3: \u201cLa unidad de la clase no puede ser una sigla. Como vengo hablando de otros pa\u00edses hermanos no quiero seguir sin decir la enorme felicidad que tenemos por le triunfo de Lula en Brasil, estuvo preso, perseguido, inhabilitado de representar a su pueblo y sin embargo los venci\u00f3. Y esperamos que as\u00ed sea el 30 de octubre porque eso nos va a permitir reconstituir la CELAC y todos los organismos que necesitemos\u201d.<\/p>\n\n\n\n<p>Del acto participaron tambi\u00e9n funcionarios y referentes de organizaciones hermanas:<\/p>\n\n\n\n<div class=\"wp-block-image\"><figure class=\"aligncenter size-large is-resized\"><img loading=\"lazy\" decoding=\"async\" src=\"https:\/\/atecordoba.org\/wp-content\/uploads\/2022\/10\/multitud-1024x683.jpeg\" alt=\"\" class=\"wp-image-34116\" width=\"768\" height=\"512\" srcset=\"https:\/\/atecordoba.org\/wp-content\/uploads\/2022\/10\/multitud-1024x683.jpeg 1024w, https:\/\/atecordoba.org\/wp-content\/uploads\/2022\/10\/multitud-300x200.jpeg 300w, https:\/\/atecordoba.org\/wp-content\/uploads\/2022\/10\/multitud-768x512.jpeg 768w, https:\/\/atecordoba.org\/wp-content\/uploads\/2022\/10\/multitud-750x500.jpeg 750w, https:\/\/atecordoba.org\/wp-content\/uploads\/2022\/10\/multitud-1140x760.jpeg 1140w, https:\/\/atecordoba.org\/wp-content\/uploads\/2022\/10\/multitud.jpeg 1536w\" sizes=\"auto, (max-width: 768px) 100vw, 768px\" \/><\/figure><\/div>\n\n\n\n<p>Daniel Arroyo, Diputado Nacional; Nicol\u00e1s Trotta, de la UMET; el Juez Juan Ramos Padilla; Daniel Men\u00e9ndez; Nahuel Levaggi, de UTT; Mariana Amartino, Secretaria General de Abogados Laboralistas; Vasco Berdesegar, de la CCC; C\u00e9sar Crocitta, de Pymes para el Desarrollo Nacional; Nahuel Beibe, de Corriente Martin Fierro; Juan Ciolli, Presidente de la C\u00e1mara Econ\u00f3mica Sanmartinense; Pedro Peretti, dirigente agrario; Hugo Loscachoff, de GPS; Leticia Quagliaro, de UP; Edgardo Esteban, Director del Museo Malvinas; Bruno Capra, del Polo Tecnol\u00f3gico Constituyentes; Hugo Godoy, Secretario Adjunto de Dragado y Balizamiento; Jos\u00e9 Cudina, de la Asociaci\u00f3n Empresarios Nacionales; Juan Pablo Tetamanti, de la Pastoral Social; Horacio Burgos, de Trabajadores Pasivos; Dina S\u00e1nchez, Secretaria Adjunta de la UTEP; Marcelo Koening, Diputado Nacional; Miguel Balardi, de Causa Nacional; Fabian Mettler; Pablo Bressano, de la CGE Metropolitana; Padre Domingo Bresci, Sacerdotes Tercer Mundo; Roberto Perd\u00eda, Ra\u00fal Hutin, CEEN; Eduardo Sigal, del Frente Grande; Carlos Custer; Fernando Vaca Narvaja; D\u00e9bora Spinola, de La Bancaria; Luis Grania, de Bancarios; Pablo Narvaja, UNLa; Julio Urien; Guillermo Preim; Alejandro Meyer, de FICPCA, V\u00edctor De Genaro, Claudio Lozano, Graciela Iturraspe y Nina Brugo, de UP; Juan Pablo Olsson, de Soberanxs; Pablo Gitter, de APEMIA; Gringo Amichetti, de Federaci\u00f3n Gr\u00e1fica Bonaerense; Jorge Elbaum; Edgardo Esteban; Carla Gaudensi, Secretaria General de&nbsp; FATPREN; Agust\u00edn Lecchi, Secretario General de SIPREBA.<\/p>\n","protected":false},"excerpt":{"rendered":"<p>El acto se realiz\u00f3 donde estar\u00e1 la nueva sede nacional de la Central,\u00a0 en Mitre 744, en el centro porte\u00f1o, y cont\u00f3 con la participaci\u00f3n de todo el Secretariado Nacional, de las y los Secretarios Generales de las todas las provincias y de cientos de compa\u00f1eros y compa\u00f1eras que todos los d\u00edas militan en el [&hellip;]<\/p>\n","protected":false},"author":7,"featured_media":34111,"comment_status":"open","ping_status":"open","sticky":false,"template":"","format":"standard","meta":{"_exactmetrics_skip_tracking":false,"_exactmetrics_sitenote_active":false,"_exactmetrics_sitenote_note":"","_exactmetrics_sitenote_category":0,"jnews-multi-image_gallery":[],"jnews_single_post":{"subtitle":"En un masivo acto, cargado de m\u00edstica, asumi\u00f3 el pasado 4 de octubre la nueva Comisi\u00f3n Ejecutiva Nacional de la CTA Aut\u00f3noma, encabezada por Hugo \u201cCachorro\u201d Godoy, Ricardo Peidro y Mariana Mandakovic. Tambi\u00e9n hicieron la toma de cargo las y los Secretarixs Generales de las conducciones provinciales.","format":"standard","video":"","gallery":"","source_name":"","source_url":"","via_name":"","via_url":"","override_template":"0","override":[{"template":"1","single_blog_custom":"","parallax":"1","fullscreen":"1","layout":"right-sidebar","sidebar":"default-sidebar","second_sidebar":"default-sidebar","sticky_sidebar":"1","share_position":"top","share_float_style":"share-monocrhome","show_share_counter":"1","show_view_counter":"1","show_featured":"1","show_post_meta":"1","show_post_author":"1","show_post_author_image":"1","show_post_date":"1","post_date_format":"default","post_date_format_custom":"Y\/m\/d","show_post_category":"1","show_post_reading_time":"0","post_reading_time_wpm":"300","show_zoom_button":"0","zoom_button_out_step":"2","zoom_button_in_step":"3","show_post_tag":"1","show_prev_next_post":"1","show_popup_post":"1","number_popup_post":"1","show_author_box":"0","show_post_related":"0","show_inline_post_related":"0"}],"override_image_size":"0","image_override":[{"single_post_thumbnail_size":"crop-500","single_post_gallery_size":"crop-500"}],"trending_post":"0","trending_post_position":"meta","trending_post_label":"Trending","sponsored_post":"0","sponsored_post_label":"Sponsored by","sponsored_post_name":"","sponsored_post_url":"","sponsored_post_logo_enable":"0","sponsored_post_logo":"","sponsored_post_desc":"","disable_ad":"0"},"jnews_primary_category":{"id":""},"jnews_social_meta":{"fb_title":"","fb_description":"","fb_image":"","twitter_title":"","twitter_description":"","twitter_image":""},"jnews_review":[],"enable_review":"0","type":"percentage","name":"","summary":"","brand":"","sku":"","good":[{"good_text":""}],"bad":[{"bad_text":""}],"score_override":"","override_value":"","rating":[{"rating_text":"","rating_number":"10"}],"price":[{"shop":"","price":"","link":"","icon":""}],"jnews_override_counter":{"override_view_counter":"0","view_counter_number":"0","override_share_counter":"0","share_counter_number":"0","override_like_counter":"0","like_counter_number":"0","override_dislike_counter":"0","dislike_counter_number":"0"},"jnews_post_split":{"enable_post_split":"0","post_split":[{"template":"1","tag":"h2","numbering":"asc","mode":"normal","first":"0","enable_toc":"0","toc_type":"normal"}]},"footnotes":""},"categories":[92],"tags":[1237],"class_list":["post-34110","post","type-post","status-publish","format-standard","has-post-thumbnail","hentry","category-cta","tag-asuncion-conduccion-cta"],"jetpack_featured_media_url":"https:\/\/atecordoba.org\/wp-content\/uploads\/2022\/10\/portadactaaaa-e1665503518464.jpeg","_links":{"self":[{"href":"https:\/\/atecordoba.org\/index.php?rest_route=\/wp\/v2\/posts\/34110","targetHints":{"allow":["GET"]}}],"collection":[{"href":"https:\/\/atecordoba.org\/index.php?rest_route=\/wp\/v2\/posts"}],"about":[{"href":"https:\/\/atecordoba.org\/index.php?rest_route=\/wp\/v2\/types\/post"}],"author":[{"embeddable":true,"href":"https:\/\/atecordoba.org\/index.php?rest_route=\/wp\/v2\/users\/7"}],"replies":[{"embeddable":true,"href":"https:\/\/atecordoba.org\/index.php?rest_route=%2Fwp%2Fv2%2Fcomments&post=34110"}],"version-history":[{"count":1,"href":"https:\/\/atecordoba.org\/index.php?rest_route=\/wp\/v2\/posts\/34110\/revisions"}],"predecessor-version":[{"id":34117,"href":"https:\/\/atecordoba.org\/index.php?rest_route=\/wp\/v2\/posts\/34110\/revisions\/34117"}],"wp:featuredmedia":[{"embeddable":true,"href":"https:\/\/atecordoba.org\/index.php?rest_route=\/wp\/v2\/media\/34111"}],"wp:attachment":[{"href":"https:\/\/atecordoba.org\/index.php?rest_route=%2Fwp%2Fv2%2Fmedia&parent=34110"}],"wp:term":[{"taxonomy":"category","embeddable":true,"href":"https:\/\/atecordoba.org\/index.php?rest_route=%2Fwp%2Fv2%2Fcategories&post=34110"},{"taxonomy":"post_tag","embeddable":true,"href":"https:\/\/atecordoba.org\/index.php?rest_route=%2Fwp%2Fv2%2Ftags&post=34110"}],"curies":[{"name":"wp","href":"https:\/\/api.w.org\/{rel}","templated":true}]}}