{"id":34102,"date":"2022-10-11T11:09:38","date_gmt":"2022-10-11T14:09:38","guid":{"rendered":"https:\/\/atecordoba.org\/?p=34102"},"modified":"2022-10-11T11:23:13","modified_gmt":"2022-10-11T14:23:13","slug":"35-encuentro-plurinacional-volver-distintas","status":"publish","type":"post","link":"https:\/\/atecordoba.org\/?p=34102","title":{"rendered":"35 Encuentro Plurinacional: Volver distintas"},"content":{"rendered":"\n<div class=\"wp-block-image\"><figure class=\"aligncenter size-large\"><img loading=\"lazy\" decoding=\"async\" width=\"1024\" height=\"576\" src=\"https:\/\/atecordoba.org\/wp-content\/uploads\/2022\/10\/IMG-20221008-WA00542-1024x576.jpg\" alt=\"\" class=\"wp-image-34103\" srcset=\"https:\/\/atecordoba.org\/wp-content\/uploads\/2022\/10\/IMG-20221008-WA00542-1024x576.jpg 1024w, https:\/\/atecordoba.org\/wp-content\/uploads\/2022\/10\/IMG-20221008-WA00542-300x169.jpg 300w, https:\/\/atecordoba.org\/wp-content\/uploads\/2022\/10\/IMG-20221008-WA00542-768x432.jpg 768w, https:\/\/atecordoba.org\/wp-content\/uploads\/2022\/10\/IMG-20221008-WA00542-750x422.jpg 750w, https:\/\/atecordoba.org\/wp-content\/uploads\/2022\/10\/IMG-20221008-WA00542-1140x641.jpg 1140w, https:\/\/atecordoba.org\/wp-content\/uploads\/2022\/10\/IMG-20221008-WA00542.jpg 1280w\" sizes=\"auto, (max-width: 1024px) 100vw, 1024px\" \/><\/figure><\/div>\n\n\n\n<p>Por Keo Montoya (CTA Aut\u00f3noma)<\/p>\n\n\n\n<p>El pasado fin de semana las compa\u00f1eras de ATE, CTAA y FENAT viajamos a San Luis para participar de este 35\u00b0 Encuentro Plurinacional de Mujeres, Lesbianas, Trans, Travestis, Intersexuales, Bisexuales y No Binaries en Territorio Huarpe, Comechingon y Ranquel 2022.<\/p>\n\n\n\n<p>Luego de mucho tiempo sin poder hacerlo debido a la emergencia sanitaria, fuimos con mucha expectativa ya que se abordaban diversas aristas que<br>atraviesan&nbsp; la situaci\u00f3n de las mujeres y diversidades, las cuales complejizan y profundizan las desigualdades impuestas por el patriarcado.<\/p>\n\n\n\n<p>Desde nuestro lugar de mujeres trabajadoras sentimos que es fundamental \u00e9sta y todas las instancias de formaci\u00f3n en la actividad sindical.<\/p>\n\n\n\n<figure class=\"wp-block-gallery has-nested-images columns-default is-cropped wp-block-gallery-1 is-layout-flex wp-block-gallery-is-layout-flex\">\n<figure class=\"wp-block-image size-large\"><a href=\"https:\/\/atecordoba.org\/wp-content\/uploads\/2022\/10\/IMG-20221008-WA00552.jpg\"><img loading=\"lazy\" decoding=\"async\" width=\"1024\" height=\"576\" data-id=\"34104\" src=\"https:\/\/atecordoba.org\/wp-content\/uploads\/2022\/10\/IMG-20221008-WA00552-1024x576.jpg\" alt=\"\" class=\"wp-image-34104\" srcset=\"https:\/\/atecordoba.org\/wp-content\/uploads\/2022\/10\/IMG-20221008-WA00552-1024x576.jpg 1024w, https:\/\/atecordoba.org\/wp-content\/uploads\/2022\/10\/IMG-20221008-WA00552-300x169.jpg 300w, https:\/\/atecordoba.org\/wp-content\/uploads\/2022\/10\/IMG-20221008-WA00552-768x432.jpg 768w, https:\/\/atecordoba.org\/wp-content\/uploads\/2022\/10\/IMG-20221008-WA00552-750x422.jpg 750w, https:\/\/atecordoba.org\/wp-content\/uploads\/2022\/10\/IMG-20221008-WA00552-1140x641.jpg 1140w, https:\/\/atecordoba.org\/wp-content\/uploads\/2022\/10\/IMG-20221008-WA00552.jpg 1280w\" sizes=\"auto, (max-width: 1024px) 100vw, 1024px\" \/><\/a><\/figure>\n\n\n\n<figure class=\"wp-block-image size-large\"><a href=\"https:\/\/atecordoba.org\/wp-content\/uploads\/2022\/10\/IMG-20221009-WA0019.jpg\"><img loading=\"lazy\" decoding=\"async\" width=\"472\" height=\"1024\" data-id=\"34105\" src=\"https:\/\/atecordoba.org\/wp-content\/uploads\/2022\/10\/IMG-20221009-WA0019-472x1024.jpg\" alt=\"\" class=\"wp-image-34105\" srcset=\"https:\/\/atecordoba.org\/wp-content\/uploads\/2022\/10\/IMG-20221009-WA0019-472x1024.jpg 472w, https:\/\/atecordoba.org\/wp-content\/uploads\/2022\/10\/IMG-20221009-WA0019-138x300.jpg 138w, https:\/\/atecordoba.org\/wp-content\/uploads\/2022\/10\/IMG-20221009-WA0019-708x1536.jpg 708w, https:\/\/atecordoba.org\/wp-content\/uploads\/2022\/10\/IMG-20221009-WA0019.jpg 737w\" sizes=\"auto, (max-width: 472px) 100vw, 472px\" \/><\/a><\/figure>\n<\/figure>\n\n\n\n<p>En este sentido, pudimos intercambiar saberes e interrogantes en torno a cuestiones que menoscaban nuestro rol en los&nbsp; espacios de trabajo.<br>Existen mecanismos de opresi\u00f3n hacia nosotras, tales como la precarizaci\u00f3n laboral, ajustes presupuestarios, desconocimiento de las tareas de cuidado y doble jornada, falta de protocolos e implementaci\u00f3n efectiva de leyes (Ley Micaela, Convenio OIT 190, etc) que garanticen protecci\u00f3n ante la violencia machista en el \u00e1mbito laboral. <\/p>\n\n\n\n<p>Por otra parte, creemos fundamental un cambio hacia el interior de nuestros sindicatos, una transformaci\u00f3n real y genuina que, por un lado, termine con la burocracia sindical, y por el otro, de lugar a la efectiva participaci\u00f3n de las compa\u00f1eras y compa\u00f1eres en la toma de decisiones y en los lugares de conducci\u00f3n.<br>Necesitamos voz y voto. Y vamos a por ello. <\/p>\n\n\n\n<p>La experiencia fue muy enriquecedora. Discutimos, aportamos, aprendimos, reflexionamos y tenemos la certeza de que volvimos distintas. Fortalecidas, abrazadas y en tribu. Y por sobre todas las cosas, agradecidas por poder ser parte en la historia de la lucha feminista.<\/p>\n","protected":false},"excerpt":{"rendered":"<p>Por Keo Montoya (CTA Aut\u00f3noma) El pasado fin de semana las compa\u00f1eras de ATE, CTAA y FENAT viajamos a San Luis para participar de este 35\u00b0 Encuentro Plurinacional de Mujeres, Lesbianas, Trans, Travestis, Intersexuales, Bisexuales y No Binaries en Territorio Huarpe, Comechingon y Ranquel 2022. Luego de mucho tiempo sin poder hacerlo debido a la [&hellip;]<\/p>\n","protected":false},"author":7,"featured_media":34109,"comment_status":"open","ping_status":"open","sticky":false,"template":"","format":"standard","meta":{"_exactmetrics_skip_tracking":false,"_exactmetrics_sitenote_active":false,"_exactmetrics_sitenote_note":"","_exactmetrics_sitenote_category":0,"jnews-multi-image_gallery":[],"jnews_single_post":{"subtitle":"\"Pudimos intercambiar saberes e interrogantes en torno a cuestiones que menoscaban nuestro rol en los\u00a0 espacios de trabajo. Existen mecanismos de opresi\u00f3n hacia nosotras, tales como la precarizaci\u00f3n laboral, ajustes presupuestarios, desconocimiento de las tareas de cuidado y doble jornada, falta de protocolos e implementaci\u00f3n efectiva de leyes (Ley Micaela, Convenio OIT 190, etc) que garanticen protecci\u00f3n ante la violencia machista en el \u00e1mbito laboral\", sostiene Keo Montoya que particip\u00f3 del c\u00f3nclave nacional.. ","format":"standard","video":"","gallery":"","source_name":"","source_url":"","via_name":"","via_url":"","override_template":"0","override":[{"template":"1","single_blog_custom":"","parallax":"1","fullscreen":"1","layout":"right-sidebar","sidebar":"default-sidebar","second_sidebar":"default-sidebar","sticky_sidebar":"1","share_position":"top","share_float_style":"share-monocrhome","show_share_counter":"1","show_view_counter":"1","show_featured":"1","show_post_meta":"1","show_post_author":"1","show_post_author_image":"1","show_post_date":"1","post_date_format":"default","post_date_format_custom":"Y\/m\/d","show_post_category":"1","show_post_reading_time":"0","post_reading_time_wpm":"300","show_zoom_button":"0","zoom_button_out_step":"2","zoom_button_in_step":"3","show_post_tag":"1","show_prev_next_post":"1","show_popup_post":"1","number_popup_post":"1","show_author_box":"0","show_post_related":"0","show_inline_post_related":"0"}],"override_image_size":"0","image_override":[{"single_post_thumbnail_size":"crop-500","single_post_gallery_size":"crop-500"}],"trending_post":"0","trending_post_position":"meta","trending_post_label":"Trending","sponsored_post":"0","sponsored_post_label":"Sponsored by","sponsored_post_name":"","sponsored_post_url":"","sponsored_post_logo_enable":"0","sponsored_post_logo":"","sponsored_post_desc":"","disable_ad":"0"},"jnews_primary_category":{"id":""},"jnews_social_meta":{"fb_title":"","fb_description":"","fb_image":"","twitter_title":"","twitter_description":"","twitter_image":""},"jnews_review":[],"enable_review":"0","type":"percentage","name":"","summary":"","brand":"","sku":"","good":[{"good_text":""}],"bad":[{"bad_text":""}],"score_override":"","override_value":"","rating":[{"rating_text":"","rating_number":"10"}],"price":[{"shop":"","price":"","link":"","icon":""}],"jnews_override_counter":{"override_view_counter":"0","view_counter_number":"0","override_share_counter":"0","share_counter_number":"0","override_like_counter":"0","like_counter_number":"0","override_dislike_counter":"0","dislike_counter_number":"0"},"jnews_post_split":{"enable_post_split":"0","post_split":[{"template":"1","tag":"h2","numbering":"asc","mode":"normal","first":"0","enable_toc":"0","toc_type":"normal"}]},"footnotes":""},"categories":[325],"tags":[1236],"class_list":["post-34102","post","type-post","status-publish","format-standard","has-post-thumbnail","hentry","category-generos-y-diversidades","tag-enceuntro-mujeres-san-luis"],"jetpack_featured_media_url":"https:\/\/atecordoba.org\/wp-content\/uploads\/2022\/10\/portadasanluis-e1665498171100.jpeg","_links":{"self":[{"href":"https:\/\/atecordoba.org\/index.php?rest_route=\/wp\/v2\/posts\/34102","targetHints":{"allow":["GET"]}}],"collection":[{"href":"https:\/\/atecordoba.org\/index.php?rest_route=\/wp\/v2\/posts"}],"about":[{"href":"https:\/\/atecordoba.org\/index.php?rest_route=\/wp\/v2\/types\/post"}],"author":[{"embeddable":true,"href":"https:\/\/atecordoba.org\/index.php?rest_route=\/wp\/v2\/users\/7"}],"replies":[{"embeddable":true,"href":"https:\/\/atecordoba.org\/index.php?rest_route=%2Fwp%2Fv2%2Fcomments&post=34102"}],"version-history":[{"count":2,"href":"https:\/\/atecordoba.org\/index.php?rest_route=\/wp\/v2\/posts\/34102\/revisions"}],"predecessor-version":[{"id":34107,"href":"https:\/\/atecordoba.org\/index.php?rest_route=\/wp\/v2\/posts\/34102\/revisions\/34107"}],"wp:featuredmedia":[{"embeddable":true,"href":"https:\/\/atecordoba.org\/index.php?rest_route=\/wp\/v2\/media\/34109"}],"wp:attachment":[{"href":"https:\/\/atecordoba.org\/index.php?rest_route=%2Fwp%2Fv2%2Fmedia&parent=34102"}],"wp:term":[{"taxonomy":"category","embeddable":true,"href":"https:\/\/atecordoba.org\/index.php?rest_route=%2Fwp%2Fv2%2Fcategories&post=34102"},{"taxonomy":"post_tag","embeddable":true,"href":"https:\/\/atecordoba.org\/index.php?rest_route=%2Fwp%2Fv2%2Ftags&post=34102"}],"curies":[{"name":"wp","href":"https:\/\/api.w.org\/{rel}","templated":true}]}}