{"id":34096,"date":"2022-10-11T10:54:06","date_gmt":"2022-10-11T13:54:06","guid":{"rendered":"https:\/\/atecordoba.org\/?p=34096"},"modified":"2022-10-11T10:54:49","modified_gmt":"2022-10-11T13:54:49","slug":"avances-en-radio-nacional-cordoba","status":"publish","type":"post","link":"https:\/\/atecordoba.org\/?p=34096","title":{"rendered":"Avances en Radio Nacional C\u00f3rdoba"},"content":{"rendered":"\n<div class=\"wp-block-image\"><figure class=\"aligncenter size-full\"><img loading=\"lazy\" decoding=\"async\" width=\"768\" height=\"576\" src=\"https:\/\/atecordoba.org\/wp-content\/uploads\/2022\/10\/delegado-gonzalo-puig.jpg\" alt=\"\" class=\"wp-image-34098\" srcset=\"https:\/\/atecordoba.org\/wp-content\/uploads\/2022\/10\/delegado-gonzalo-puig.jpg 768w, https:\/\/atecordoba.org\/wp-content\/uploads\/2022\/10\/delegado-gonzalo-puig-300x225.jpg 300w, https:\/\/atecordoba.org\/wp-content\/uploads\/2022\/10\/delegado-gonzalo-puig-750x563.jpg 750w\" sizes=\"auto, (max-width: 768px) 100vw, 768px\" \/><figcaption> El delegado Gonzalo Puig (centro) entre el director de la radio Zanetti y el secretario General de ATE, Giuliani. (Archivo)<\/figcaption><\/figure><\/div>\n\n\n\n<p>A trav\u00e9s de nuestro delegado, Gonzalo Puig, ATE present\u00f3 una nota a las autoridades de la emisora solicitando el pago del Feriado trabajado el pasado 2 de septiembre (DNU 574\/2022).<\/p>\n\n\n\n<p>\u201cEs la primera acci\u00f3n que realiza ATE en la Radio. El gremio ya sum\u00f3 un afiliado nuevo y esta semana tendr\u00e1 otros nuevos\u201d, destac\u00f3 Puig. <\/p>\n\n\n\n<p>Finalmente se realiz\u00f3 el pago a los contratados de la emisora y se espera respuestas por el pedido de nuestra organizaci\u00f3n. El Director de la radio, Lu\u00eds Zanetti, ya se hizo eco del reclamo pertinente y lo elev\u00f3 a la sede central de Radio Nacional en la Capital Federal.<\/p>\n\n\n\n<div class=\"wp-block-image\"><figure class=\"aligncenter size-full\"><img loading=\"lazy\" decoding=\"async\" width=\"382\" height=\"506\" src=\"https:\/\/atecordoba.org\/wp-content\/uploads\/2022\/10\/nota-2-de-septiembre.jpg\" alt=\"\" class=\"wp-image-34097\" srcset=\"https:\/\/atecordoba.org\/wp-content\/uploads\/2022\/10\/nota-2-de-septiembre.jpg 382w, https:\/\/atecordoba.org\/wp-content\/uploads\/2022\/10\/nota-2-de-septiembre-226x300.jpg 226w\" sizes=\"auto, (max-width: 382px) 100vw, 382px\" \/><\/figure><\/div>\n","protected":false},"excerpt":{"rendered":"<p>A trav\u00e9s de nuestro delegado, Gonzalo Puig, ATE present\u00f3 una nota a las autoridades de la emisora solicitando el pago del Feriado trabajado el pasado 2 de septiembre (DNU 574\/2022). \u201cEs la primera acci\u00f3n que realiza ATE en la Radio. El gremio ya sum\u00f3 un afiliado nuevo y esta semana tendr\u00e1 otros nuevos\u201d, destac\u00f3 Puig. [&hellip;]<\/p>\n","protected":false},"author":7,"featured_media":34099,"comment_status":"open","ping_status":"open","sticky":false,"template":"","format":"standard","meta":{"_exactmetrics_skip_tracking":false,"_exactmetrics_sitenote_active":false,"_exactmetrics_sitenote_note":"","_exactmetrics_sitenote_category":0,"jnews-multi-image_gallery":[],"jnews_single_post":{"subtitle":"ATE reclam\u00f3 por nota el pago del feriado del pasado 2 de septiembre. ","format":"standard","video":"","gallery":"","source_name":"","source_url":"","via_name":"","via_url":"","override_template":"0","override":[{"template":"1","single_blog_custom":"","parallax":"1","fullscreen":"1","layout":"right-sidebar","sidebar":"default-sidebar","second_sidebar":"default-sidebar","sticky_sidebar":"1","share_position":"top","share_float_style":"share-monocrhome","show_share_counter":"1","show_view_counter":"1","show_featured":"1","show_post_meta":"1","show_post_author":"1","show_post_author_image":"1","show_post_date":"1","post_date_format":"default","post_date_format_custom":"Y\/m\/d","show_post_category":"1","show_post_reading_time":"0","post_reading_time_wpm":"300","show_zoom_button":"0","zoom_button_out_step":"2","zoom_button_in_step":"3","show_post_tag":"1","show_prev_next_post":"1","show_popup_post":"1","number_popup_post":"1","show_author_box":"0","show_post_related":"0","show_inline_post_related":"0"}],"override_image_size":"0","image_override":[{"single_post_thumbnail_size":"crop-500","single_post_gallery_size":"crop-500"}],"trending_post":"0","trending_post_position":"meta","trending_post_label":"Trending","sponsored_post":"0","sponsored_post_label":"Sponsored by","sponsored_post_name":"","sponsored_post_url":"","sponsored_post_logo_enable":"0","sponsored_post_logo":"","sponsored_post_desc":"","disable_ad":"0"},"jnews_primary_category":{"id":""},"jnews_social_meta":{"fb_title":"","fb_description":"","fb_image":"","twitter_title":"","twitter_description":"","twitter_image":""},"jnews_review":[],"enable_review":"0","type":"percentage","name":"","summary":"","brand":"","sku":"","good":[{"good_text":""}],"bad":[{"bad_text":""}],"score_override":"","override_value":"","rating":[{"rating_text":"","rating_number":"10"}],"price":[{"shop":"","price":"","link":"","icon":""}],"jnews_override_counter":{"override_view_counter":"0","view_counter_number":"0","override_share_counter":"0","share_counter_number":"0","override_like_counter":"0","like_counter_number":"0","override_dislike_counter":"0","dislike_counter_number":"0"},"jnews_post_split":{"enable_post_split":"0","post_split":[{"template":"1","tag":"h2","numbering":"asc","mode":"normal","first":"0","enable_toc":"0","toc_type":"normal"}]},"footnotes":""},"categories":[18],"tags":[1197],"class_list":["post-34096","post","type-post","status-publish","format-standard","has-post-thumbnail","hentry","category-nacionales","tag-radio-nacional-cordoba"],"jetpack_featured_media_url":"https:\/\/atecordoba.org\/wp-content\/uploads\/2022\/10\/fachada-e1665496410369.png","_links":{"self":[{"href":"https:\/\/atecordoba.org\/index.php?rest_route=\/wp\/v2\/posts\/34096","targetHints":{"allow":["GET"]}}],"collection":[{"href":"https:\/\/atecordoba.org\/index.php?rest_route=\/wp\/v2\/posts"}],"about":[{"href":"https:\/\/atecordoba.org\/index.php?rest_route=\/wp\/v2\/types\/post"}],"author":[{"embeddable":true,"href":"https:\/\/atecordoba.org\/index.php?rest_route=\/wp\/v2\/users\/7"}],"replies":[{"embeddable":true,"href":"https:\/\/atecordoba.org\/index.php?rest_route=%2Fwp%2Fv2%2Fcomments&post=34096"}],"version-history":[{"count":2,"href":"https:\/\/atecordoba.org\/index.php?rest_route=\/wp\/v2\/posts\/34096\/revisions"}],"predecessor-version":[{"id":34101,"href":"https:\/\/atecordoba.org\/index.php?rest_route=\/wp\/v2\/posts\/34096\/revisions\/34101"}],"wp:featuredmedia":[{"embeddable":true,"href":"https:\/\/atecordoba.org\/index.php?rest_route=\/wp\/v2\/media\/34099"}],"wp:attachment":[{"href":"https:\/\/atecordoba.org\/index.php?rest_route=%2Fwp%2Fv2%2Fmedia&parent=34096"}],"wp:term":[{"taxonomy":"category","embeddable":true,"href":"https:\/\/atecordoba.org\/index.php?rest_route=%2Fwp%2Fv2%2Fcategories&post=34096"},{"taxonomy":"post_tag","embeddable":true,"href":"https:\/\/atecordoba.org\/index.php?rest_route=%2Fwp%2Fv2%2Ftags&post=34096"}],"curies":[{"name":"wp","href":"https:\/\/api.w.org\/{rel}","templated":true}]}}